{"id":163501,"date":"2019-05-29T13:49:19","date_gmt":"2019-05-29T10:49:19","guid":{"rendered":"http:\/\/www.tvturk.com\/index.php\/bakan-kurum-sultangazi-belediyesini-ziyaret-etti\/"},"modified":"2019-05-29T13:49:19","modified_gmt":"2019-05-29T10:49:19","slug":"bakan-kurum-sultangazi-belediyesini-ziyaret-etti","status":"publish","type":"post","link":"http:\/\/www.tvturk.com\/index.php\/bakan-kurum-sultangazi-belediyesini-ziyaret-etti\/","title":{"rendered":"Bakan Kurum, Sultangazi Belediyesini ziyaret etti"},"content":{"rendered":"<p>\u00c7evre ve \u015eehircilik Bakan\u0131 Murat Kurum, Sultangazi Belediyesini  ziyaret ederek  Ba\u015fkan Abdurrahman Dursun\u2019dan il\u00e7eye y\u00f6nelik yap\u0131lan \u00e7al\u0131\u015fmalar hakk\u0131nda bilgi ald\u0131. Bakan Kurum ve beraberindeki heyet, belediye yetkilileriyle g\u00f6r\u00fc\u015fme yaparak Cebeci Ta\u015f Ocaklar\u0131 ve \u00e7evre yat\u0131r\u0131mlar\u0131 konusunda g\u00f6r\u00fc\u015f al\u0131\u015fveri\u015finde bulundu.<\/p>\n<p>\u00c7evre ve \u015eehircilik Bakan\u0131 Murat Kurum, Sultangazi Belediyesini ziyaret ederek, Sultangazi Belediye Ba\u015fkan\u0131 Av. Abdurrahman Dursun\u2019dan il\u00e7eye y\u00f6nelik yap\u0131lan \u00e7al\u0131\u015fmalar hakk\u0131nda bilgi ald\u0131.<\/p>\n<p>Ziyaret s\u0131ras\u0131nda a\u00e7\u0131klamalarda bulunan Bakan Kurum, Cebeci Ta\u015f Ocaklar\u0131 sorununun \u00e7\u00f6z\u00fcm\u00fcne y\u00f6nelik haz\u0131rlanan projenin bir an \u00f6nce bitirilece\u011fini s\u00f6yledi. Bakan Kurum, &#8220;Bakanl\u0131\u011f\u0131m\u0131z, \u0130stanbul B\u00fcy\u00fck\u015fehir Belediyesi ve Sultangazi Belediyesiyle yap\u0131lan \u00e7al\u0131\u015fma ile Cebeci maden b\u00f6lgesinin rehabilite edilmesi i\u00e7in \u00f6nlemlerimizi artt\u0131r\u0131yoruz. Maden ocaklar\u0131n\u0131 daha \u00e7evreci duruma getirirken, olumsuz etkilerini en aza indirmek ad\u0131na maden sahas\u0131n\u0131 \u00e7evreleyecek \u015fekilde yapay ye\u015fil tepe ve maden servis yollar\u0131 yap\u0131l\u0131yor. Mevcut orman yap\u0131s\u0131na uygun a\u011fa\u00e7land\u0131rma ama\u00e7l\u0131 peyzaj projeleri de hayata ge\u00e7irilecek. \u00d6te yandan Kuzey Marmara Otoyolu\u2019ndan bu alana giri\u015f ve \u00e7\u0131k\u0131\u015f verilecek. B\u00f6ylece il\u00e7eye kamyon ve i\u015f makinelerinin giri\u015fi \u00f6nlenecek&#8221; dedi.<\/p>\n<p>\u00c7evre ve \u015eehircilik Bakan\u0131 Murat Kurum daha sonra Sultangazi Belediye Ba\u015fkan\u0131 Av. Abdurrahman Dursun ile birlikte esnaf ziyaretleri yapt\u0131, il\u00e7enin \u00e7e\u015fitli b\u00f6lgelerinde de incelemelerde bulundu.<\/p>\n","protected":false},"excerpt":{"rendered":"<p>\u00c7EVRE VE \u015eEH\u0130RC\u0130L\u0130K BAKANI MURAT KURUM, SULTANGAZ\u0130 BELED\u0130YES\u0130N\u0130  Z\u0130YARET EDEREK  BA\u015eKAN ABDURRAHMAN DURSUN\u2019DAN \u0130L\u00c7EYE Y\u00d6NEL\u0130K YAPILAN \u00c7ALI\u015eMALAR HAKKINDA B\u0130LG\u0130 ALDI. BAKAN KURUM VE BERABER\u0130NDEK\u0130 HEYET, BELED\u0130YE YETK\u0130L\u0130LER\u0130YLE G\u00d6R\u00dc\u015eME YAPARAK CEBEC\u0130 TA\u015e OCAKLARI VE \u00c7EVRE YATIRIMLARI KONUSUNDA G\u00d6R\u00dc\u015e ALI\u015eVER\u0130\u015e\u0130NDE BULUNDU.<\/p>\n","protected":false},"author":1,"featured_media":163502,"comment_status":"closed","ping_status":"open","sticky":false,"template":"","format":"standard","meta":{"jetpack_post_was_ever_published":false,"_jetpack_newsletter_access":"","_jetpack_dont_email_post_to_subs":false,"_jetpack_newsletter_tier_id":0,"_jetpack_memberships_contains_paywalled_content":false,"_jetpack_memberships_contains_paid_content":false,"footnotes":"","jetpack_publicize_message":"","jetpack_publicize_feature_enabled":true,"jetpack_social_post_already_shared":true,"jetpack_social_options":{"image_generator_settings":{"template":"highway","default_image_id":0,"font":"","enabled":false},"version":2}},"categories":[1],"tags":[742,27047,207,2582,34058,150],"class_list":["post-163501","post","type-post","status-publish","format-standard","has-post-thumbnail","hentry","category-genel","tag-bakan","tag-belediyesini","tag-etti","tag-kurum","tag-sultangazi","tag-ziyaret"],"jetpack_publicize_connections":[],"jetpack_featured_media_url":"https:\/\/i0.wp.com\/www.tvturk.com\/wp-content\/uploads\/2019\/05\/bakan-kurum-sultangazi-belediyesini-ziyaret-etti_05e1aea.jpg?fit=1000%2C647","jetpack_sharing_enabled":true,"jetpack_shortlink":"https:\/\/wp.me\/paKIfm-Gx7","_links":{"self":[{"href":"http:\/\/www.tvturk.com\/index.php\/wp-json\/wp\/v2\/posts\/163501","targetHints":{"allow":["GET"]}}],"collection":[{"href":"http:\/\/www.tvturk.com\/index.php\/wp-json\/wp\/v2\/posts"}],"about":[{"href":"http:\/\/www.tvturk.com\/index.php\/wp-json\/wp\/v2\/types\/post"}],"author":[{"embeddable":true,"href":"http:\/\/www.tvturk.com\/index.php\/wp-json\/wp\/v2\/users\/1"}],"replies":[{"embeddable":true,"href":"http:\/\/www.tvturk.com\/index.php\/wp-json\/wp\/v2\/comments?post=163501"}],"version-history":[{"count":0,"href":"http:\/\/www.tvturk.com\/index.php\/wp-json\/wp\/v2\/posts\/163501\/revisions"}],"wp:featuredmedia":[{"embeddable":true,"href":"http:\/\/www.tvturk.com\/index.php\/wp-json\/wp\/v2\/media\/163502"}],"wp:attachment":[{"href":"http:\/\/www.tvturk.com\/index.php\/wp-json\/wp\/v2\/media?parent=163501"}],"wp:term":[{"taxonomy":"category","embeddable":true,"href":"http:\/\/www.tvturk.com\/index.php\/wp-json\/wp\/v2\/categories?post=163501"},{"taxonomy":"post_tag","embeddable":true,"href":"http:\/\/www.tvturk.com\/index.php\/wp-json\/wp\/v2\/tags?post=163501"}],"curies":[{"name":"wp","href":"https:\/\/api.w.org\/{rel}","templated":true}]}}