{"id":163519,"date":"2019-05-29T14:19:27","date_gmt":"2019-05-29T11:19:27","guid":{"rendered":"http:\/\/www.tvturk.com\/index.php\/ibb-huzurevi-sakinleri-ve-gonulluleri-iftarda-bulustu\/"},"modified":"2019-05-29T14:19:27","modified_gmt":"2019-05-29T11:19:27","slug":"ibb-huzurevi-sakinleri-ve-gonulluleri-iftarda-bulustu","status":"publish","type":"post","link":"http:\/\/www.tvturk.com\/index.php\/ibb-huzurevi-sakinleri-ve-gonulluleri-iftarda-bulustu\/","title":{"rendered":"\u0130BB, huzurevi sakinleri ve g\u00f6n\u00fcll\u00fcleri iftarda bulu\u015ftu"},"content":{"rendered":"<p>T\u00fcrkiye\u2019nin en b\u00fcy\u00fck ya\u015fl\u0131 bak\u0131m ve huzurevine sahip olan \u0130stanbul B\u00fcy\u00fck\u015fehir Belediyesi, Dar\u00fclaceze M\u00fcd\u00fcrl\u00fc\u011f\u00fcn\u00fcn Kay\u0131\u015fda\u011f\u0131 Tesisleri\u2019nde iftar program\u0131 d\u00fczenledi. \u0130BB Genel Sekreteri Hayri Bara\u00e7l\u0131 ve \u0130BB Genel Sekreter Yard\u0131mc\u0131s\u0131 Nihat Macit\u2019in de kat\u0131ld\u0131\u011f\u0131 programda STK temsilcileri, hay\u0131rseverler ve g\u00f6n\u00fcll\u00fcler Dar\u00fclaceze sakinleriyle huzur iftar\u0131nda bulu\u015ftu.<\/p>\n<p>\u0130stanbul B\u00fcy\u00fck\u015fehir Belediyesi, Dar\u00fclaceze M\u00fcd\u00fcrl\u00fc\u011f\u00fcn\u00fcn Kay\u0131\u015fda\u011f\u0131 Tesisleri\u2019nde iftar program\u0131 d\u00fczenledi. Dar\u00fclaceze sakinleriyle bir araya gelmek i\u00e7in d\u00fczenlenen iftar program\u0131na \u0130BB Genel Sekreteri Hayri Bara\u00e7l\u0131, \u0130BB Genel Sekreter Yard\u0131mc\u0131s\u0131 Nihat Macit, \u0130BB Sa\u011fl\u0131k Daire Ba\u015fkan\u0131 Muzaffer Sara\u00e7, \u0130stanbul Dar\u00fclaceze M\u00fcd\u00fcr\u00fc Re\u015fit Ta\u015fk\u0131n, \u00e7al\u0131\u015fanlar, Sivil Toplum Kurulu\u015flar\u0131n\u0131n temsilcileri, hay\u0131rseverler, g\u00f6n\u00fcll\u00fcler ve \u00e7ok say\u0131da davetli kat\u0131ld\u0131.<\/p>\n<p>\u201cDar\u00fclaceze sakinlerinin her biri bizim i\u00e7in bir de\u011fer\u201d<\/p>\n<p>Tasavvuf m\u00fczi\u011fi dinletisiyle ba\u015flayan programda T\u00fcrk ezgileri seslendirildi. Kur\u2019an-\u0131 Kerim tilavetinin ard\u0131ndan ezan\u0131n okunmas\u0131yla oru\u00e7lar a\u00e7\u0131ld\u0131. Ard\u0131ndan davetlilere hitap eden \u0130BB Genel Sekreteri Hayri Bara\u00e7l\u0131, \u201cRamazan ay\u0131nda bereket var. Bu bereketi burada ya\u015famaktan, sizlerle birlikte olmaktan \u00e7ok mutluyuz. \u0130BB\u2019nin bir\u00e7ok alanda verdi\u011fi hizmetler aras\u0131nda en tat ald\u0131\u011f\u0131m\u0131z hizmet, burada verdi\u011fimiz hizmettir. Bu tad\u0131, sizlerin hay\u0131r duas\u0131yla daha da art\u0131rmak istiyoruz. Bizler b\u00fcy\u00fck bir azim ve heyecanla \u0130stanbul\u2019un d\u00f6rt bir yan\u0131nda \u00e7al\u0131\u015fmalar\u0131m\u0131z\u0131 s\u00fcrd\u00fcr\u00fcyoruz. Biz bu azim ve heyecan\u0131, 1994\u2019te ba\u015flayan yerel y\u00f6netim anlay\u0131\u015f\u0131yla yakalad\u0131k. Cumhurba\u015fkan\u0131m\u0131z Recep Tayyip Erdo\u011fan, \u0130BB Ba\u015fkanl\u0131\u011f\u0131 d\u00f6neminde yerel y\u00f6netimlerde hizmet odakl\u0131 fark\u0131ndal\u0131k anlay\u0131\u015f\u0131n\u0131 hedef olarak koydu. Bizler de d\u00fcnya standartlar\u0131n\u0131n \u00fcst\u00fcnde bir hizmet heyecan\u0131yla \u00e7al\u0131\u015fmalar\u0131m\u0131za devam edece\u011fiz. Dar\u00fclaceze sakinlerinin her biri bizim i\u00e7in bir de\u011fer. Hepinizin yan\u0131nda olmak, hizmetinde bulunmak en \u00f6nemli vazifemiz\u201d dedi.<\/p>\n<p>\u0130BB Dar\u00fclaceze, bin 66 ki\u015fi kapasitesiyle hizmet veriyor<\/p>\n<p>\u0130stanbul B\u00fcy\u00fck\u015fehir Belediyesi Sa\u011fl\u0131k Daire Ba\u015fkanl\u0131\u011f\u0131 Dar\u00fclaceze M\u00fcd\u00fcrl\u00fc\u011f\u00fc Kay\u0131\u015fda\u011f\u0131 Tesisleri, 46 bin metrekare kapal\u0131 olmak \u00fczere toplam 151 bin metrekareye sahip. Toplamda bin 66 ki\u015fi kapasitesiyle T\u00fcrkiye\u2019nin en b\u00fcy\u00fck ya\u015fl\u0131 bak\u0131m ve huzurevi olma \u00f6zelli\u011fini ta\u015f\u0131yor. Tesiste ya\u015fl\u0131 vatanda\u015flar\u0131n rehabilitasyonu ve toplumsal ya\u015fam\u0131n bir par\u00e7alar\u0131 olabilmesi amac\u0131yla \u00e7ok y\u00f6nl\u00fc hizmetler sunuluyor. Dar\u00fclaceze sakinlerinin fiziksel ve sosyal yeterliliklerini art\u0131rmak ve sa\u011fl\u0131klar\u0131n\u0131 korumak amac\u0131yla ergoterapi faaliyetleri kapsam\u0131nda el i\u015fi, tak\u0131 ve s\u00fcs e\u015fyas\u0131 \u00e7al\u0131\u015fmalar\u0131 ger\u00e7ekle\u015ftiriliyor. Dar\u00fclaceze sakinlerinin dikkat, odaklanma, sosyal ba\u011flar\u0131n\u0131n g\u00fc\u00e7lenmesi ile sahip olduklar\u0131 yeteneklerin a\u00e7\u0131\u011fa \u00e7\u0131kart\u0131lmas\u0131n\u0131 ama\u00e7layan ergoterapi faaliyetleri, y\u0131l\u0131n her ay\u0131nda Dar\u00fclaceze sakinlerinden yo\u011fun ilgi g\u00f6r\u00fcyor.<\/p>\n","protected":false},"excerpt":{"rendered":"<p>T\u00dcRK\u0130YE&#8217;N\u0130N EN B\u00dcY\u00dcK YA\u015eLI BAKIM VE HUZUREV\u0130NE SAH\u0130P OLAN \u0130STANBUL B\u00dcY\u00dcK\u015eEH\u0130R BELED\u0130YES\u0130, DAR\u00dcLACEZE M\u00dcD\u00dcRL\u00dc\u011e\u00dcN\u00dcN KAYI\u015eDA\u011eI TES\u0130SLER\u0130\u2019NDE \u0130FTAR PROGRAMI D\u00dcZENLED\u0130. \u0130BB GENEL SEKRETER\u0130 HAYR\u0130 BARA\u00c7LI VE \u0130BB GENEL SEKRETER YARDIMCISI N\u0130HAT MAC\u0130T\u2019\u0130N DE KATILDI\u011eI PROGRAMDA STK TEMS\u0130LC\u0130LER\u0130, HAYIRSEVERLER VE G\u00d6N\u00dcLL\u00dcLER DAR\u00dcLACEZE SAK\u0130NLER\u0130YLE HUZUR \u0130FTARINDA BULU\u015eTU.<\/p>\n","protected":false},"author":1,"featured_media":163520,"comment_status":"closed","ping_status":"open","sticky":false,"template":"","format":"standard","meta":{"jetpack_post_was_ever_published":false,"_jetpack_newsletter_access":"","_jetpack_dont_email_post_to_subs":false,"_jetpack_newsletter_tier_id":0,"_jetpack_memberships_contains_paywalled_content":false,"_jetpack_memberships_contains_paid_content":false,"footnotes":"","jetpack_publicize_message":"","jetpack_publicize_feature_enabled":true,"jetpack_social_post_already_shared":true,"jetpack_social_options":{"image_generator_settings":{"template":"highway","default_image_id":0,"font":"","enabled":false},"version":2}},"categories":[1],"tags":[389,12779,22599,21126,34883,2020],"class_list":["post-163519","post","type-post","status-publish","format-standard","has-post-thumbnail","hentry","category-genel","tag-bulustu","tag-gonulluleri","tag-huzurevi","tag-ibb","tag-iftarda","tag-sakinleri"],"jetpack_publicize_connections":[],"jetpack_featured_media_url":"https:\/\/i0.wp.com\/www.tvturk.com\/wp-content\/uploads\/2019\/05\/ibb-huzurevi-sakinleri-ve-gonulluleri-iftarda-bulustu_0ca3bc2.jpg?fit=1000%2C666","jetpack_sharing_enabled":true,"jetpack_shortlink":"https:\/\/wp.me\/paKIfm-Gxp","_links":{"self":[{"href":"http:\/\/www.tvturk.com\/index.php\/wp-json\/wp\/v2\/posts\/163519","targetHints":{"allow":["GET"]}}],"collection":[{"href":"http:\/\/www.tvturk.com\/index.php\/wp-json\/wp\/v2\/posts"}],"about":[{"href":"http:\/\/www.tvturk.com\/index.php\/wp-json\/wp\/v2\/types\/post"}],"author":[{"embeddable":true,"href":"http:\/\/www.tvturk.com\/index.php\/wp-json\/wp\/v2\/users\/1"}],"replies":[{"embeddable":true,"href":"http:\/\/www.tvturk.com\/index.php\/wp-json\/wp\/v2\/comments?post=163519"}],"version-history":[{"count":0,"href":"http:\/\/www.tvturk.com\/index.php\/wp-json\/wp\/v2\/posts\/163519\/revisions"}],"wp:featuredmedia":[{"embeddable":true,"href":"http:\/\/www.tvturk.com\/index.php\/wp-json\/wp\/v2\/media\/163520"}],"wp:attachment":[{"href":"http:\/\/www.tvturk.com\/index.php\/wp-json\/wp\/v2\/media?parent=163519"}],"wp:term":[{"taxonomy":"category","embeddable":true,"href":"http:\/\/www.tvturk.com\/index.php\/wp-json\/wp\/v2\/categories?post=163519"},{"taxonomy":"post_tag","embeddable":true,"href":"http:\/\/www.tvturk.com\/index.php\/wp-json\/wp\/v2\/tags?post=163519"}],"curies":[{"name":"wp","href":"https:\/\/api.w.org\/{rel}","templated":true}]}}