{"id":163529,"date":"2019-05-29T14:38:59","date_gmt":"2019-05-29T11:38:59","guid":{"rendered":"http:\/\/www.tvturk.com\/index.php\/8-tonluk-ayrilik-figurune-ziyaretci-akini\/"},"modified":"2019-05-29T14:38:59","modified_gmt":"2019-05-29T11:38:59","slug":"8-tonluk-ayrilik-figurune-ziyaretci-akini","status":"publish","type":"post","link":"http:\/\/www.tvturk.com\/index.php\/8-tonluk-ayrilik-figurune-ziyaretci-akini\/","title":{"rendered":"8 tonluk ayr\u0131l\u0131k fig\u00fcr\u00fcne ziyaret\u00e7i ak\u0131n\u0131"},"content":{"rendered":"<p>Ad\u0131yaman\u2019da \u00fczerinde ayr\u0131l\u0131k fig\u00fcr\u00fcn\u00fcn yer ald\u0131\u011f\u0131 Roma D\u00f6nemi\u2019ne ait kaya, ziyaret\u00e7i ak\u0131n\u0131na u\u011fruyor.<\/p>\n<p>Ad\u0131yaman M\u00fcze M\u00fcd\u00fcrl\u00fc\u011f\u00fc bah\u00e7esine getirilen, \u00fczerinde ayr\u0131l\u0131k fig\u00fcr\u00fcn\u00fcn yer ald\u0131\u011f\u0131 8 tonluk kayay\u0131 13 g\u00fcnde bin 200 ziyaret\u00e7i g\u00f6rd\u00fc.<\/p>\n<p>Ad\u0131yaman\u2019\u0131n Kahta il\u00e7esi T\u00fct\u00fcnocak k\u00f6y\u00fcnde vatanda\u015flar taraf\u0131ndan fark edilen ve daha sonra M\u00fcze M\u00fcd\u00fcrl\u00fc\u011f\u00fc yetkilileri taraf\u0131ndan incelenen 8 tonluk kaya, vin\u00e7 yard\u0131m\u0131 ile ta\u015f\u0131narak m\u00fcze bah\u00e7esine b\u0131rak\u0131lm\u0131\u015ft\u0131. Roma D\u00f6nemi\u2019ne ait ve en az bin 500 y\u0131ll\u0131k olan, iki insan\u0131n vedala\u015fma an\u0131n\u0131 yans\u0131tan kabartman\u0131n \u00fczerinde bulundu\u011fu kayay\u0131 genellikle ayr\u0131l\u0131k ac\u0131s\u0131 ya\u015fayan ki\u015filerin g\u00f6rmek istedi\u011fi belirtildi.<\/p>\n<p>M\u00fcze M\u00fcd\u00fcr\u00fc Mehmet Alkan, \u201cYakla\u015f\u0131k 13 g\u00fcn \u00f6nce Ad\u0131yaman\u2019\u0131n Kahta il\u00e7esine ba\u011fl\u0131 T\u00fctenocak k\u00f6y\u00fcnden ald\u0131\u011f\u0131m\u0131z kabartma ta\u015f\u0131n\u0131 bin 200 ki\u015fi ziyaret etti. Bu da g\u00f6steriyor ki zaten Ad\u0131yaman M\u00fczesi\u2019nde tokala\u015fma sahnesi olarak tek tek kabartma ta\u015f\u0131na insanlar\u0131n yo\u011fun ilgisi mevcut. \u0130nsanlar bah\u00e7eye girip sadece bu kabartmaya bak\u0131p \u00f6yle \u00e7\u0131k\u0131yorlar. Sadece bunun i\u00e7in gelen bin 200 ki\u015fi\u201d dedi.<\/p>\n<p>Ayr\u0131l\u0131k fig\u00fcr\u00fcn\u00fc merak ederek arkada\u015flar\u0131 ile birlikte m\u00fczeye gelen Nilay Karasu, \u201c\u00c7ok g\u00fczeldi. Ben herkesin gelip g\u00f6rmesini isterim. Baya\u011f\u0131 da eski bir ta\u015f, sevip de kavu\u015famayanlar i\u00e7in gayet g\u00fczel bir ta\u015f olabilir. Sadece ayr\u0131l\u0131k ac\u0131s\u0131 \u00e7ekenler de\u011fil herkes gelip g\u00f6rs\u00fcn. Yani eskiyi \u00f6\u011frensinler, ge\u00e7mi\u015fimizi \u00f6\u011frensinler, nas\u0131l geldi\u011fimizi \u00f6\u011frensinler bu \u00f6nemli bir konu, tarihtir yani\u201d diye konu\u015ftu.<\/p>\n","protected":false},"excerpt":{"rendered":"<p>ADIYAMAN\u2019DA \u00dcZER\u0130NDE AYRILIK F\u0130G\u00dcR\u00dcN\u00dcN OLDU\u011eU ROMA D\u00d6NEM\u0130NE A\u0130T KABARTMA VATANDA\u015eLAR TARAFINDAN YO\u011eUN \u0130LG\u0130 G\u00d6R\u00dcYOR.<\/p>\n","protected":false},"author":1,"featured_media":163530,"comment_status":"closed","ping_status":"open","sticky":false,"template":"","format":"standard","meta":{"jetpack_post_was_ever_published":false,"_jetpack_newsletter_access":"","_jetpack_dont_email_post_to_subs":false,"_jetpack_newsletter_tier_id":0,"_jetpack_memberships_contains_paywalled_content":false,"_jetpack_memberships_contains_paid_content":false,"footnotes":"","jetpack_publicize_message":"","jetpack_publicize_feature_enabled":true,"jetpack_social_post_already_shared":true,"jetpack_social_options":{"image_generator_settings":{"template":"highway","default_image_id":0,"font":"","enabled":false},"version":2}},"categories":[656],"tags":[8365,3443,38709,16432,6267],"class_list":["post-163529","post","type-post","status-publish","format-standard","has-post-thumbnail","hentry","category-kultur-sanat","tag-akini","tag-ayrilik","tag-figurune","tag-tonluk","tag-ziyaretci"],"jetpack_publicize_connections":[],"jetpack_featured_media_url":"https:\/\/i0.wp.com\/www.tvturk.com\/wp-content\/uploads\/2019\/05\/8-tonluk-ayrilik-figurune-ziyaretci-akini_1aac30e.jpg?fit=1000%2C666","jetpack_sharing_enabled":true,"jetpack_shortlink":"https:\/\/wp.me\/paKIfm-Gxz","_links":{"self":[{"href":"http:\/\/www.tvturk.com\/index.php\/wp-json\/wp\/v2\/posts\/163529","targetHints":{"allow":["GET"]}}],"collection":[{"href":"http:\/\/www.tvturk.com\/index.php\/wp-json\/wp\/v2\/posts"}],"about":[{"href":"http:\/\/www.tvturk.com\/index.php\/wp-json\/wp\/v2\/types\/post"}],"author":[{"embeddable":true,"href":"http:\/\/www.tvturk.com\/index.php\/wp-json\/wp\/v2\/users\/1"}],"replies":[{"embeddable":true,"href":"http:\/\/www.tvturk.com\/index.php\/wp-json\/wp\/v2\/comments?post=163529"}],"version-history":[{"count":0,"href":"http:\/\/www.tvturk.com\/index.php\/wp-json\/wp\/v2\/posts\/163529\/revisions"}],"wp:featuredmedia":[{"embeddable":true,"href":"http:\/\/www.tvturk.com\/index.php\/wp-json\/wp\/v2\/media\/163530"}],"wp:attachment":[{"href":"http:\/\/www.tvturk.com\/index.php\/wp-json\/wp\/v2\/media?parent=163529"}],"wp:term":[{"taxonomy":"category","embeddable":true,"href":"http:\/\/www.tvturk.com\/index.php\/wp-json\/wp\/v2\/categories?post=163529"},{"taxonomy":"post_tag","embeddable":true,"href":"http:\/\/www.tvturk.com\/index.php\/wp-json\/wp\/v2\/tags?post=163529"}],"curies":[{"name":"wp","href":"https:\/\/api.w.org\/{rel}","templated":true}]}}