{"id":163573,"date":"2019-05-29T15:44:07","date_gmt":"2019-05-29T12:44:07","guid":{"rendered":"http:\/\/www.tvturk.com\/index.php\/diyarbakirdaki-amida-hoyukde-kazi-calismalari-basladi\/"},"modified":"2019-05-29T15:44:07","modified_gmt":"2019-05-29T12:44:07","slug":"diyarbakirdaki-amida-hoyukde-kazi-calismalari-basladi","status":"publish","type":"post","link":"http:\/\/www.tvturk.com\/index.php\/diyarbakirdaki-amida-hoyukde-kazi-calismalari-basladi\/","title":{"rendered":"Diyarbak\u0131r\u2019daki Amida H\u00f6y\u00fck\u2019de kaz\u0131 \u00e7al\u0131\u015fmalar\u0131 ba\u015flad\u0131"},"content":{"rendered":"<p>Diyarbak\u0131r\u2019\u0131n kalbi olarak bilinen ve Sur il\u00e7esindeki 5 bin y\u0131ll\u0131k Amida H\u00f6y\u00fck\u2019te bu y\u0131l y\u00fcr\u00fct\u00fclecek arkeolojik kaz\u0131lara ba\u015flan\u0131rken, kaz\u0131 Ba\u015fkan\u0131 Prof. Dr. \u0130rfan Y\u0131ld\u0131z, kaz\u0131n\u0131n Diyarbak\u0131r\u2019\u0131n tarihine \u0131\u015f\u0131k tutaca\u011f\u0131n\u0131 ve ortaya \u00e7\u0131kacak verilerin Diyarbak\u0131r tarihinin yeniden yaz\u0131lmas\u0131na vesile olaca\u011f\u0131n\u0131 s\u00f6yledi.<\/p>\n<p>Diyarbak\u0131r\u2019\u0131n kalbi olarak bilinen ve Sur il\u00e7esindeki 5 bin y\u0131ll\u0131k Amida H\u00f6y\u00fck\u2019de bu y\u0131l y\u00fcr\u00fct\u00fclecek arkeolojik kaz\u0131lara ba\u015fland\u0131. Hurri-Mitanniler, Urartular, Persler, Romal\u0131lar, Emeviler, Abbasiler, Mervaniler, Sel\u00e7uklular ve Artuklular\u0131n da aralar\u0131nda yer ald\u0131\u011f\u0131 bir\u00e7ok medeniyete ev sahipli\u011fi yapt\u0131\u011f\u0131 bilinen  Amida H\u00f6y\u00fck\u2019te ba\u015fta Artuklu Saray\u0131 olmak \u00fczere t\u00fcm de\u011ferlerin ortaya \u00e7\u0131kar\u0131lmas\u0131 i\u00e7in s\u00fcrd\u00fcr\u00fclen kaz\u0131 \u00e7al\u0131\u015fmas\u0131n\u0131 Dicle \u00dcniversitesi (D\u00dc) Rekt\u00f6r\u00fc Prof. Dr. Talip G\u00fcl de yerinde inceleyerek, kaz\u0131 Ba\u015fkan\u0131 Prof. Dr. \u0130rfan Y\u0131ld\u0131z\u2019dan \u00e7al\u0131\u015fmalar hakk\u0131nda bilgi ald\u0131.<\/p>\n<p>\u201cKaz\u0131, \u0130slam tarihi a\u00e7\u0131s\u0131ndan b\u00fcy\u00fck \u00f6nem ta\u015f\u0131yor\u201d<\/p>\n<p>B\u00f6lgede incelemelerde bulunduktan sonra gazetecilere a\u00e7\u0131klamada bulunan D\u00dc Rekt\u00f6r\u00fc Prof. Dr. Talip G\u00fcl, h\u00f6y\u00fckte 1962 y\u0131l\u0131nda yap\u0131lan ilk arkeolojik kaz\u0131da Artuklu h\u00fck\u00fcmdar\u0131 Melik Salih Nas\u0131reddin Mahmud (1200-1222) d\u00f6nemine ait saray\u0131n temelleri ile renkli ta\u015f ve cam k\u00fcplerden olu\u015fan mozaik s\u00fcslemelerin ortaya \u00e7\u0131kar\u0131ld\u0131\u011f\u0131n\u0131 belirterek, h\u00f6y\u00fckteki arkeolojik kaz\u0131n\u0131n \u0130slam tarihi a\u00e7\u0131s\u0131ndan da b\u00fcy\u00fck \u00f6nem ta\u015f\u0131d\u0131\u011f\u0131n\u0131 ifade etti.<\/p>\n<p>Kaz\u0131 Ba\u015fkan\u0131 Prof. Dr. \u0130rfan Y\u0131ld\u0131z ise, Artuklular d\u00f6neminde bilim ve k\u00fclt\u00fcr merkezi olarak kullan\u0131lan sarayda \u00fcnl\u00fc \u0130slam alimi El-Cezeri\u2019nin bug\u00fcnk\u00fc otomasyon sistemleri, sibernetik ve robot biliminin \u00f6nc\u00fc \u00e7al\u0131\u015fmalar\u0131n\u0131 ger\u00e7ekle\u015ftirdi\u011fini s\u00f6yledi. Prof. Dr. Y\u0131ld\u0131z, \u201cBu y\u0131lki kaz\u0131larda saray\u0131n mozaik ve \u00e7inili avlusunun tamamen ortaya \u00e7\u0131kar\u0131lacak ve gizli t\u00fcnelin saray k\u0131sm\u0131n\u0131 da a\u00e7\u0131p tamamen birle\u015ftirece\u011fiz. Gelen ziyaret\u00e7ilerimizi Orta\u00e7a\u011f t\u00fcnelinden Artuklu Saray\u0131\u2019na \u00e7\u0131karaca\u011f\u0131z. Kaz\u0131, Diyarbak\u0131r\u2019\u0131n tarihine \u0131\u015f\u0131k tutacak. 5 bin y\u0131l kesintisiz olarak ya\u015fam\u0131n devam etti\u011fi yer. Diyarbak\u0131r\u2019\u0131n kalbi olarak adland\u0131rd\u0131\u011f\u0131m\u0131z bu h\u00f6y\u00fckte \u00e7al\u0131\u015fmalar sonucunda ortaya \u00e7\u0131kacak veriler Diyarbak\u0131r tarihinin yeniden yaz\u0131lmas\u0131na vesile olacakt\u0131r. El-Cezeri 30 y\u0131l burada ya\u015fam\u0131\u015f 50 robot sistemini burada yapm\u0131\u015f. \u0130n\u015fallah El-Cezeri\u2019nin yapt\u0131\u011f\u0131 robotlardan birinin kal\u0131nt\u0131s\u0131na ula\u015f\u0131r\u0131z\u201d diye konu\u015ftu.<\/p>\n","protected":false},"excerpt":{"rendered":"<p>D\u0130YARBAKIR&#8217;IN KALB\u0130 OLARAK B\u0130L\u0130NEN VE SUR \u0130L\u00c7ES\u0130NDEK\u0130 5 B\u0130N YILLIK AM\u0130DA H\u00d6Y\u00dcK\u2019DE BU YIL Y\u00dcR\u00dcT\u00dcLECEK ARKEOLOJ\u0130K KAZILARA BA\u015eLANDI.<\/p>\n","protected":false},"author":1,"featured_media":163574,"comment_status":"closed","ping_status":"open","sticky":false,"template":"","format":"standard","meta":{"jetpack_post_was_ever_published":false,"_jetpack_newsletter_access":"","_jetpack_dont_email_post_to_subs":false,"_jetpack_newsletter_tier_id":0,"_jetpack_memberships_contains_paywalled_content":false,"_jetpack_memberships_contains_paid_content":false,"footnotes":"","jetpack_publicize_message":"","jetpack_publicize_feature_enabled":true,"jetpack_social_post_already_shared":true,"jetpack_social_options":{"image_generator_settings":{"template":"highway","default_image_id":0,"font":"","enabled":false},"version":2}},"categories":[656],"tags":[38731,55,310,29890,38732,9584],"class_list":["post-163573","post","type-post","status-publish","format-standard","has-post-thumbnail","hentry","category-kultur-sanat","tag-amida","tag-basladi","tag-calismalari","tag-diyarbakirdaki","tag-hoyukde","tag-kazi"],"jetpack_publicize_connections":[],"jetpack_featured_media_url":"https:\/\/i0.wp.com\/www.tvturk.com\/wp-content\/uploads\/2019\/05\/diyarbakirdaki-amida-hoyukde-kazi-calismalari-basladi_8d9c0ec.jpg?fit=1000%2C665","jetpack_sharing_enabled":true,"jetpack_shortlink":"https:\/\/wp.me\/paKIfm-Gyh","_links":{"self":[{"href":"http:\/\/www.tvturk.com\/index.php\/wp-json\/wp\/v2\/posts\/163573","targetHints":{"allow":["GET"]}}],"collection":[{"href":"http:\/\/www.tvturk.com\/index.php\/wp-json\/wp\/v2\/posts"}],"about":[{"href":"http:\/\/www.tvturk.com\/index.php\/wp-json\/wp\/v2\/types\/post"}],"author":[{"embeddable":true,"href":"http:\/\/www.tvturk.com\/index.php\/wp-json\/wp\/v2\/users\/1"}],"replies":[{"embeddable":true,"href":"http:\/\/www.tvturk.com\/index.php\/wp-json\/wp\/v2\/comments?post=163573"}],"version-history":[{"count":0,"href":"http:\/\/www.tvturk.com\/index.php\/wp-json\/wp\/v2\/posts\/163573\/revisions"}],"wp:featuredmedia":[{"embeddable":true,"href":"http:\/\/www.tvturk.com\/index.php\/wp-json\/wp\/v2\/media\/163574"}],"wp:attachment":[{"href":"http:\/\/www.tvturk.com\/index.php\/wp-json\/wp\/v2\/media?parent=163573"}],"wp:term":[{"taxonomy":"category","embeddable":true,"href":"http:\/\/www.tvturk.com\/index.php\/wp-json\/wp\/v2\/categories?post=163573"},{"taxonomy":"post_tag","embeddable":true,"href":"http:\/\/www.tvturk.com\/index.php\/wp-json\/wp\/v2\/tags?post=163573"}],"curies":[{"name":"wp","href":"https:\/\/api.w.org\/{rel}","templated":true}]}}