{"id":163621,"date":"2019-05-29T16:46:31","date_gmt":"2019-05-29T13:46:31","guid":{"rendered":"http:\/\/www.tvturk.com\/index.php\/kilavuz-kaptanlar-deniz-emniyetinin-garantisidir\/"},"modified":"2019-05-29T16:46:31","modified_gmt":"2019-05-29T13:46:31","slug":"kilavuz-kaptanlar-deniz-emniyetinin-garantisidir","status":"publish","type":"post","link":"http:\/\/www.tvturk.com\/index.php\/kilavuz-kaptanlar-deniz-emniyetinin-garantisidir\/","title":{"rendered":"&#8220;K\u0131lavuz kaptanlar deniz emniyetinin garantisidir&#8221;"},"content":{"rendered":"<p>Deniz Emniyet Derne\u011fi Ba\u015fkan\u0131 Cahit \u0130stikbal, K\u0131lavuzluk Haftas\u0131 dolay\u0131s\u0131yla bir a\u00e7\u0131klama yapt\u0131.<\/p>\n<p>Deniz Emniyet Derne\u011fi Ba\u015fkan\u0131 Cahit \u0130stikbal, 27-31 May\u0131s 2019 tarihleri aras\u0131 etkinlikleri yap\u0131lan K\u0131lavuzluk Haftas\u0131 dolay\u0131s\u0131yla bir a\u00e7\u0131klama yapt\u0131.<\/p>\n<p>T\u00fcrkiye\u2019de k\u0131lavuzluk hizmetlerinin kamu ve \u00f6zel sekt\u00f6r taraf\u0131ndan ikili bir altyap\u0131 \u00fczerinden verildi\u011fine de\u011finen Deniz Emniyet Derne\u011fi Ba\u015fkan\u0131, &#8220;\u0130ster \u00f6zel kurulu\u015flar, ister kamu kurulu\u015flar\u0131nca verilsin, T\u00fcrkiye\u2019de k\u0131lavuzluk hizmetleri Ula\u015ft\u0131rma ve Altyap\u0131 Bakanl\u0131\u011f\u0131\u2019n\u0131n denetimi ve g\u00f6zetimi alt\u0131nda oldu\u011fundan hizmetlerin kalitesi g\u00fcvence alt\u0131ndad\u0131r. T\u00fcrkiyemizin t\u00fcm limanlar\u0131nda, T\u00fcrk bo\u011fazlar\u0131nda, \u0130zmit ve Nemrut K\u00f6rfezi ve \u0130skenderun K\u00f6rfezinde k\u0131lavuz kaptanlar\u0131m\u0131z deniz emniyetinin sa\u011flanmas\u0131 ad\u0131na haftada 7 g\u00fcn, g\u00fcnde 24 saat \u00e7al\u0131\u015fmaktad\u0131rlar&#8221; \u015feklinde konu\u015ftu.<\/p>\n<p>&#8220;Gemiler SOLAS\u2019a uymal\u0131&#8221;<\/p>\n<p>Yak\u0131n ge\u00e7mi\u015fte, k\u0131lavuz kaptanlar\u0131n gemiye inerken ve binerken kulland\u0131klar\u0131 \u00e7arm\u0131hta meydana gelen kazalar nedeniyle iki k\u0131lavuz kaptan meslekta\u015flar\u0131n\u0131n hayat\u0131n\u0131 kaybetti\u011fini hat\u0131rlatan \u0130stikbal; &#8220;Meslekta\u015flar\u0131m\u0131z Kaptan L\u00fctf\u00fc Berk ve Kaptan Fahrettin Aksu, 2006 ve 2008 y\u0131llar\u0131nda \u00e7arm\u0131h kazalar\u0131nda hayatlar\u0131n\u0131 kaybederek meslek \u015fehidi olmu\u015flard\u0131r. 2006 y\u0131l\u0131nda meslekta\u015f\u0131m\u0131z Kaptan L\u00fctf\u00fc Bark\u2019i kaybettikten sonra, k\u0131lavuzluk haftas\u0131 gelene\u011fini ba\u015flatm\u0131\u015ft\u0131k. Yakla\u015f\u0131k 13 y\u0131ld\u0131r bu hafta meslek \u015fehitlerini anma ve k\u0131lavuzluk haftas\u0131 olarak de\u011ferlendiriliyor. Bu vesile ile, \u00e7arm\u0131h kazalar\u0131na meydan vermemek i\u00e7in, gerek limanlar\u0131m\u0131za gelen gerekse bo\u011fazlar\u0131m\u0131zdan ge\u00e7en t\u00fcm gemilerin \u00e7arm\u0131h ve k\u0131lavuz kaptan transfer d\u00fczeneklerini Uluslararas\u0131 Denizde Can Emniyeti S\u00f6zle\u015fmesi (SOLAS) gerekliliklerine uygun bulundurmalar\u0131n\u0131 hat\u0131rlatmak isterim&#8221; dedi.<\/p>\n<p>&#8220;Deniz emniyeti k\u00fclt\u00fcr\u00fc artmal\u0131&#8221;<\/p>\n<p>Cahit \u0130stikbal, deniz emniyetinin t\u00fcm payda\u015flarca benimsenen bir ortak k\u00fclt\u00fcr ile en ideal seviyeye \u00e7\u0131kart\u0131labilece\u011fine vurgu yaparak, \u015funlar\u0131 s\u00f6yledi: &#8220;K\u0131lavuz kaptanlar emniyet k\u00fclt\u00fcr\u00fcn\u00fcn kitlelere aktar\u0131lmas\u0131nda \u00f6nemli imkanlara sahiptir. \u00c7\u00fcnk\u00fc bir ayaklar\u0131 karada, bir ayaklar\u0131 denizdedir. Denizcilik sekt\u00f6r\u00fcnde hem karada hem de denizde yo\u011fun olarak bulunan bir ba\u015fka meslek dal\u0131 daha yoktur. Bu nedenle k\u0131lavuz kaptanlar emniyet k\u00fclt\u00fcr\u00fcn\u00fcn yayg\u0131nla\u015ft\u0131r\u0131lmas\u0131 ve bu alanda fark\u0131ndal\u0131k olu\u015fturulmas\u0131nda kilit role sahiptirler&#8221;.<\/p>\n<p>\u0130stikbal, 27-31 May\u0131s Meslek \u015eehitlerini Anma ve K\u0131lavuzluk Haftalar\u0131n\u0131n \u2019kazas\u0131z emniyetli denizler\u2019 hedefi i\u00e7in \u00f6nemli bir fark\u0131ndal\u0131k f\u0131rsat\u0131 oldu\u011funu belirtti.<\/p>\n","protected":false},"excerpt":{"rendered":"<p>DEN\u0130Z EMN\u0130YET DERNE\u011e\u0130 BA\u015eKANI CAH\u0130T \u0130ST\u0130KBAL, KILAVUZLUK HAFTASI DOLAYISIYLA B\u0130R A\u00c7IKLAMA YAPTI.<\/p>\n","protected":false},"author":1,"featured_media":163622,"comment_status":"closed","ping_status":"open","sticky":false,"template":"","format":"standard","meta":{"jetpack_post_was_ever_published":false,"_jetpack_newsletter_access":"","_jetpack_dont_email_post_to_subs":false,"_jetpack_newsletter_tier_id":0,"_jetpack_memberships_contains_paywalled_content":false,"_jetpack_memberships_contains_paid_content":false,"footnotes":"","jetpack_publicize_message":"","jetpack_publicize_feature_enabled":true,"jetpack_social_post_already_shared":true,"jetpack_social_options":{"image_generator_settings":{"template":"highway","default_image_id":0,"font":"","enabled":false},"version":2}},"categories":[1],"tags":[1471,38743,38744,38742,32130],"class_list":["post-163621","post","type-post","status-publish","format-standard","has-post-thumbnail","hentry","category-genel","tag-deniz","tag-emniyetinin","tag-garantisidir","tag-kaptanlar","tag-kilavuz"],"jetpack_publicize_connections":[],"jetpack_featured_media_url":"https:\/\/i0.wp.com\/www.tvturk.com\/wp-content\/uploads\/2019\/05\/kilavuz-kaptanlar-deniz-emniyetinin-garantisidir_4e55c87.jpg?fit=500%2C333","jetpack_sharing_enabled":true,"jetpack_shortlink":"https:\/\/wp.me\/paKIfm-Gz3","_links":{"self":[{"href":"http:\/\/www.tvturk.com\/index.php\/wp-json\/wp\/v2\/posts\/163621","targetHints":{"allow":["GET"]}}],"collection":[{"href":"http:\/\/www.tvturk.com\/index.php\/wp-json\/wp\/v2\/posts"}],"about":[{"href":"http:\/\/www.tvturk.com\/index.php\/wp-json\/wp\/v2\/types\/post"}],"author":[{"embeddable":true,"href":"http:\/\/www.tvturk.com\/index.php\/wp-json\/wp\/v2\/users\/1"}],"replies":[{"embeddable":true,"href":"http:\/\/www.tvturk.com\/index.php\/wp-json\/wp\/v2\/comments?post=163621"}],"version-history":[{"count":0,"href":"http:\/\/www.tvturk.com\/index.php\/wp-json\/wp\/v2\/posts\/163621\/revisions"}],"wp:featuredmedia":[{"embeddable":true,"href":"http:\/\/www.tvturk.com\/index.php\/wp-json\/wp\/v2\/media\/163622"}],"wp:attachment":[{"href":"http:\/\/www.tvturk.com\/index.php\/wp-json\/wp\/v2\/media?parent=163621"}],"wp:term":[{"taxonomy":"category","embeddable":true,"href":"http:\/\/www.tvturk.com\/index.php\/wp-json\/wp\/v2\/categories?post=163621"},{"taxonomy":"post_tag","embeddable":true,"href":"http:\/\/www.tvturk.com\/index.php\/wp-json\/wp\/v2\/tags?post=163621"}],"curies":[{"name":"wp","href":"https:\/\/api.w.org\/{rel}","templated":true}]}}