{"id":163665,"date":"2019-05-29T19:17:18","date_gmt":"2019-05-29T16:17:18","guid":{"rendered":"http:\/\/www.tvturk.com\/index.php\/yuksekovadan-askeri-ve-zirhli-birlikler-sinira-gitti\/"},"modified":"2019-05-29T19:17:18","modified_gmt":"2019-05-29T16:17:18","slug":"yuksekovadan-askeri-ve-zirhli-birlikler-sinira-gitti","status":"publish","type":"post","link":"http:\/\/www.tvturk.com\/index.php\/yuksekovadan-askeri-ve-zirhli-birlikler-sinira-gitti\/","title":{"rendered":"Y\u00fcksekova\u2019dan askeri ve z\u0131rhl\u0131 birlikler s\u0131n\u0131ra gitti"},"content":{"rendered":"<p>HAKKAR\u0130 (\u0130HA) \u2013 Hakkari\u2019nin Y\u00fcksekova il\u00e7esinden Irak\u2019\u0131n kuzeyindeki Hakurk b\u00f6lgesinde y\u00fcr\u00fct\u00fclen Pen\u00e7e operasyonuna destek i\u00e7in askeri ve z\u0131rhl\u0131 birlikler konvoy halinde s\u0131n\u0131ra gitti.<\/p>\n<p>Milli Savunma Bakan\u0131 Hulusi Akar, Genelkurmay Ba\u015fkan\u0131 Orgeneral Ya\u015far G\u00fcler ve kuvvet komutanlar\u0131 taraf\u0131ndan T\u00fcrk Silahl\u0131 Kuvvetleri Komuta ve Harekat Merkezi\u2019nden gece boyunca sevk ve idare edilen \u2018\u2019Pen\u00e7e\u2019\u2019 operasyonu harekat\u0131na destek i\u00e7in Y\u00fcksekova\u2019dan askeri ve z\u0131rhl\u0131 birlikler s\u0131n\u0131ra hareket etti.<\/p>\n","protected":false},"excerpt":{"rendered":"<p>HAKKAR\u0130\u2019N\u0130N Y\u00dcKSEKOVA \u0130L\u00c7ES\u0130NDEN IRAK&#8217;IN KUZEY\u0130NDEK\u0130 HAKURK B\u00d6LGES\u0130NDE Y\u00dcR\u00dcT\u00dcLEN PEN\u00c7E OPERASYONUNA DESTEK \u0130\u00c7\u0130N ASKER\u0130 VE ZIRHLI B\u0130RL\u0130KLER KONVOY HAL\u0130NDE SINIRA G\u0130TT\u0130.<\/p>\n","protected":false},"author":1,"featured_media":163666,"comment_status":"closed","ping_status":"open","sticky":false,"template":"","format":"standard","meta":{"jetpack_post_was_ever_published":false,"_jetpack_newsletter_access":"","_jetpack_dont_email_post_to_subs":false,"_jetpack_newsletter_tier_id":0,"_jetpack_memberships_contains_paywalled_content":false,"_jetpack_memberships_contains_paid_content":false,"footnotes":"","jetpack_publicize_message":"","jetpack_publicize_feature_enabled":true,"jetpack_social_post_already_shared":true,"jetpack_social_options":{"image_generator_settings":{"template":"highway","default_image_id":0,"font":"","enabled":false},"version":2}},"categories":[1],"tags":[1170,38758,1601,12994,9112,28259],"class_list":["post-163665","post","type-post","status-publish","format-standard","has-post-thumbnail","hentry","category-genel","tag-askeri","tag-birlikler","tag-gitti","tag-sinira","tag-yuksekovadan","tag-zirhli"],"jetpack_publicize_connections":[],"jetpack_featured_media_url":"https:\/\/i0.wp.com\/www.tvturk.com\/wp-content\/uploads\/2019\/05\/yuksekovadan-askeri-ve-zirhli-birlikler-sinira-gitti_6a067a3.jpg?fit=1000%2C551","jetpack_sharing_enabled":true,"jetpack_shortlink":"https:\/\/wp.me\/paKIfm-GzL","_links":{"self":[{"href":"http:\/\/www.tvturk.com\/index.php\/wp-json\/wp\/v2\/posts\/163665","targetHints":{"allow":["GET"]}}],"collection":[{"href":"http:\/\/www.tvturk.com\/index.php\/wp-json\/wp\/v2\/posts"}],"about":[{"href":"http:\/\/www.tvturk.com\/index.php\/wp-json\/wp\/v2\/types\/post"}],"author":[{"embeddable":true,"href":"http:\/\/www.tvturk.com\/index.php\/wp-json\/wp\/v2\/users\/1"}],"replies":[{"embeddable":true,"href":"http:\/\/www.tvturk.com\/index.php\/wp-json\/wp\/v2\/comments?post=163665"}],"version-history":[{"count":0,"href":"http:\/\/www.tvturk.com\/index.php\/wp-json\/wp\/v2\/posts\/163665\/revisions"}],"wp:featuredmedia":[{"embeddable":true,"href":"http:\/\/www.tvturk.com\/index.php\/wp-json\/wp\/v2\/media\/163666"}],"wp:attachment":[{"href":"http:\/\/www.tvturk.com\/index.php\/wp-json\/wp\/v2\/media?parent=163665"}],"wp:term":[{"taxonomy":"category","embeddable":true,"href":"http:\/\/www.tvturk.com\/index.php\/wp-json\/wp\/v2\/categories?post=163665"},{"taxonomy":"post_tag","embeddable":true,"href":"http:\/\/www.tvturk.com\/index.php\/wp-json\/wp\/v2\/tags?post=163665"}],"curies":[{"name":"wp","href":"https:\/\/api.w.org\/{rel}","templated":true}]}}