{"id":163695,"date":"2019-05-29T22:49:18","date_gmt":"2019-05-29T19:49:18","guid":{"rendered":"http:\/\/www.tvturk.com\/index.php\/erbas-muhtacin-yardim-almaya-ihtiyaci-oldugu-gibi-imkani-olanin-zenginin-de-yardim-etmeye-ihtiyaci-var\/"},"modified":"2019-05-29T22:49:18","modified_gmt":"2019-05-29T19:49:18","slug":"erbas-muhtacin-yardim-almaya-ihtiyaci-oldugu-gibi-imkani-olanin-zenginin-de-yardim-etmeye-ihtiyaci-var","status":"publish","type":"post","link":"http:\/\/www.tvturk.com\/index.php\/erbas-muhtacin-yardim-almaya-ihtiyaci-oldugu-gibi-imkani-olanin-zenginin-de-yardim-etmeye-ihtiyaci-var\/","title":{"rendered":"Erba\u015f: \u201cMuhtac\u0131n yard\u0131m almaya ihtiyac\u0131 oldu\u011fu gibi, imkan\u0131 olan\u0131n, zenginin de yard\u0131m etmeye ihtiyac\u0131 var\u201d"},"content":{"rendered":"<p>Diyanet \u0130\u015fleri Ba\u015fkan\u0131 Ali Erba\u015f, \u201cMuhtac\u0131n yard\u0131m almaya ihtiyac\u0131 oldu\u011fu gibi, imkan\u0131 olan\u0131n, zenginin de yard\u0131m etmeye ihtiyac\u0131 var. \u00c7\u00fcnk\u00fc yard\u0131mla\u015fmak hepimize iyi gelecek. Hepimize iyilik getirecektir\u201d dedi.<\/p>\n<p>Diyanet \u0130\u015fleri Ba\u015fkanl\u0131\u011f\u0131 taraf\u0131ndan Bas\u0131n Mensuplar\u0131 \u0130ftar Program\u0131 d\u00fczenlendi. Programa, Diyanet \u0130\u015fleri Ba\u015fkan\u0131 Ali Erba\u015f da kat\u0131ld\u0131.<\/p>\n<p>Oru\u00e7lar\u0131n a\u00e7\u0131lmas\u0131n\u0131n ard\u0131ndan programda konu\u015fan Diyanet \u0130\u015fleri Ba\u015fkan\u0131 Ali Erba\u015f, \u201cKutlu bir iklimin son g\u00fcnlerindeyiz. \u0130n\u015fallah \u00f6n\u00fcm\u00fczdeki cumay\u0131 cumartesiye ba\u011flayan gece Kur\u2019an-\u0131 Kerim\u2019in inmeye ba\u015flad\u0131\u011f\u0131 Kadir Gecesini idrak edece\u011fiz\u201d dedi.<\/p>\n<p>Erba\u015f, s\u00f6zlerini \u015f\u00f6yle s\u00fcrd\u00fcrd\u00fc:<\/p>\n<p>\u201cRamazan\u0131 en iyi tarif eden ifade onun bir mektep olu\u015fudur. Ramazan ay\u0131, bir mekteptir, bir okuldur. Dolay\u0131s\u0131yla Ramazan ay\u0131 kendimizle, Rabbimizle, toplumla, tabiatla ili\u015fkilerimizi, gaye, kulluk ve sorumluluk ekseninde yeniden ele alarak g\u00f6zden ge\u00e7irdi\u011fimiz, on bir ay\u0131n sultan\u0131 m\u00fcbarek bir ayd\u0131r\u201d dedi.<\/p>\n<p>Erba\u015f, \u201cRamazan mektebi bizi Kur\u2019an ile e\u011fitir. Kuran ile ayd\u0131nlanan benlikler her t\u00fcrl\u00fc bencillikten kurtulur. Kur\u2019an ile bulu\u015fan zihinler her t\u00fcrl\u00fc yanl\u0131\u015ftan uzakla\u015f\u0131r, ar\u0131n\u0131r. Kur\u2019an ile ya\u015fanan hayatlar huzura kavu\u015fur. Son g\u00fcnlerine yakla\u015ft\u0131\u011f\u0131m\u0131z Ramazan mektebinin bizlere \u00f6\u011fretti\u011fi de\u011ferlerden ve getirdi\u011fi g\u00fczelliklerden hakk\u0131yla istifade ederek bu alanda milletimize rehberlik etmenin gayreti i\u00e7erisindeyiz\u201d \u015feklinde konu\u015ftu.<\/p>\n<p>Erba\u015f, genel olarak l\u00fczumsuz tart\u0131\u015fmalardan uzak, s\u00fckunet ve sekinet ile bir Ramazan ya\u015fan\u0131yor olmas\u0131ndan duydu\u011fu memnuniyeti de ifade etti.<\/p>\n<p>\u201cRamazan ay\u0131n\u0131 \u00f6zellikle ir\u015fat i\u00e7in \u00f6nemli bir f\u0131rsat olarak g\u00f6r\u00fcyoruz\u201d<\/p>\n<p>Erba\u015f, s\u00f6zlerine \u015f\u00f6yle devam etti:<\/p>\n<p>&#8220;Diyanet \u0130\u015fleri Ba\u015fkanl\u0131\u011f\u0131 olarak her Ramazan ay\u0131n\u0131 \u00f6zellikle ir\u015fat i\u00e7in \u00f6nemli bir f\u0131rsat olarak g\u00f6r\u00fcyoruz. Zihinlerin daha dingin, kalplerin daha hassas oldu\u011fu bir d\u00f6nemi ya\u015fad\u0131k. Bilgi-hikmet, ilim-irfan ile daha \u00e7ok hemhal oldu\u011fumuz bir ir\u015fat d\u00f6nemi olsun istedik, bunun i\u00e7in gayret ettik. Elhamd\u00fclillah millet olarak bunda da muvaffak oldu\u011fumuzu \u00f6zellikle ifade etmek istiyorum. Bunun i\u00e7in camilerimiz ba\u015fta olmak \u00fczere yaz\u0131l\u0131 ve g\u00f6rsel medya organlar\u0131nda sahih bilgi ile toplumu ayd\u0131nlatma konusunda daha yo\u011fun ve etkin \u00e7al\u0131\u015fmalar yap\u0131yoruz. Bu manada 81 ilimize Ba\u015fkanl\u0131\u011f\u0131m\u0131z \u00fcst d\u00fczey yetkililerinden olu\u015fan \u00f6zel ir\u015fat ekipleri g\u00f6nderdik. Camilerimizde, cami d\u0131\u015f\u0131 alanlarda, medya organlar\u0131nda ir\u015fat programlar\u0131 ger\u00e7ekle\u015ftirmeye \u00e7al\u0131\u015ft\u0131k. Kamu kurumlar\u0131m\u0131zla, sivil toplum kurulu\u015flar\u0131m\u0131zla, okullar\u0131m\u0131zla ir\u015fada y\u00f6nelik etkinlikler yapt\u0131k.&#8221;<\/p>\n<p>Erba\u015f, her konuda do\u011fru bilgi ve haber yapma m\u00fckellefiyetinin herkes i\u00e7in vazge\u00e7ilmez bir sorumluluk oldu\u011funu belirterek, &#8220;Ancak, \u00f6zellikle milletimizin en sa\u011flam ortak zemini ve karde\u015flik harc\u0131 olan \u0130slam s\u00f6z konusu olunca medyan\u0131n hem i\u015flevi hem de hassasiyetleri daha \u00f6nemli hale gelmektedir. Bunun i\u00e7in biz medya mensuplar\u0131m\u0131z\u0131 olduk\u00e7a \u00f6nemsiyoruz ve onlarla s\u00fcrekli irtibat ve diyalog i\u00e7inde olmak istiyoruz. Buradan b\u00fct\u00fcn medya mensuplar\u0131m\u0131za, Ba\u015fkanl\u0131\u011f\u0131m\u0131z\u0131n faaliyetleri ve y\u00fcce dinimiz \u0130slam ile ilgili her konuda her zaman bize ula\u015fabileceklerini ve bilgi alabileceklerini \u00f6zellikle vurgulamak istiyorum. A\u00e7\u0131k\u00e7a ifade etmeliyim ki; bu konuda bizi en fazla \u00fczen \u015fey, milletimizin, \u0130slam\u2019\u0131n de\u011ferleriyle as\u0131rlarca insanl\u0131\u011fa rehberlik etti\u011fi bu co\u011frafyada, zaman zaman maalesef hakikatin, bir taraftan cehalete di\u011fer yandan pop\u00fclizme kurban edilmesidir. G\u00fcndelik tart\u0131\u015fmalara, d\u00fcnyevi menfaatlere, ki\u015fisel beklentilere alet edilmesidir\u201d ifadesini kulland\u0131.<\/p>\n<p>Diyanet \u0130\u015fleri Ba\u015fkanl\u0131\u011f\u0131\u2019n\u0131n \u00e7al\u0131\u015fmalar\u0131n\u0131 da anlatan Erba\u015f, \u201cBu Ramazan ay\u0131nda infak, zekat, payla\u015fma ve yard\u0131mla\u015fma konular\u0131n\u0131 yo\u011fun olarak ele ald\u0131k ve bu alandaki \u00e7al\u0131\u015fma ve hizmetlerimizi daha da yo\u011funla\u015ft\u0131rd\u0131k. Zira payla\u015ft\u0131k\u00e7a bereket artacakt\u0131r. \u0130yilikleri \u00e7o\u011faltt\u0131\u011f\u0131m\u0131zda k\u00f6t\u00fcl\u00fckler azalacakt\u0131r. Bug\u00fcn d\u00fcnyan\u0131n en b\u00fcy\u00fck sorunu, bir tarafta milyonlarca insan a\u00e7l\u0131k, yoksunluk ve yoksullu\u011fun pen\u00e7esinde k\u0131vran\u0131rken, di\u011fer yanda devasa servetler i\u00e7inde, duyars\u0131z, \u015f\u0131mar\u0131k ve azg\u0131n topluluklar\u0131n varl\u0131\u011f\u0131 s\u00f6z konusudur. \u0130nfak, zekat gibi ibadetlere dair \u00e7al\u0131\u015fmalar\u0131m\u0131z artarak devam edecektir. G\u00f6sterdikleri ilgi ve hassasiyet i\u00e7in aziz milletimize te\u015fekk\u00fcr ediyorum\u201d dedi.<\/p>\n<p>22 milyon liran\u0131n \u00fczerinde yard\u0131m<\/p>\n<p>Erba\u015f, bu \u00e7er\u00e7evede Diyanet \u0130\u015fleri Ba\u015fkanl\u0131\u011f\u0131 \u00f6nc\u00fcl\u00fc\u011f\u00fcnde T\u00fcrkiye Diyanet Vakf\u0131 ile hizmetler yapt\u0131klar\u0131n\u0131 vurgulayarak, \u201cKarde\u015flerini Unutma, Beklenen Sensin, Karde\u015fli\u011fimiz Zekatla Bereketlensin\u2019 temas\u0131yla yurt i\u00e7inde 81 il 725 il\u00e7ede, yurt d\u0131\u015f\u0131nda ise 98 \u00fclke ve 323 b\u00f6lgede hizmet ve faaliyet ger\u00e7ekle\u015ftirdik. Ramazan sonuna kadar bu \u00e7al\u0131\u015fmalar\u0131m\u0131z devam edecektir. D\u00fcnyan\u0131n farkl\u0131 co\u011frafyalar\u0131nda ihtiya\u00e7 sahiplerine 100 bini a\u015fk\u0131n g\u0131da paketi ula\u015ft\u0131rd\u0131k. 200 bin ki\u015fiye iftar verdik. Yurt i\u00e7inde 40 bin adet al\u0131\u015fveri\u015f kart\u0131 da\u011f\u0131tt\u0131k. Yurt i\u00e7inde 5 bin, yurt d\u0131\u015f\u0131nda 11 bin \u00e7ocu\u011fa bayraml\u0131k k\u0131yafet yard\u0131m\u0131 yapt\u0131k. Toplamda 22 milyon liran\u0131n \u00fczerinde yard\u0131m yapm\u0131\u015f olduk\u201d \u015feklinde konu\u015ftu.<\/p>\n<p>Erba\u015f, \u015f\u00f6yle devam etti:<\/p>\n<p>\u201cBu \u00e7al\u0131\u015fmalar\u0131m\u0131z artarak devam edecektir. Milletimizin yard\u0131m elini, b\u00fcy\u00fck bir sorumluluk, hassasiyet ve \u015feffafl\u0131kla, yurt i\u00e7i ve yurt d\u0131\u015f\u0131nda ihtiyac\u0131 olan karde\u015flerimizle bulu\u015fturmaya devam edece\u011fiz. Buna ihtiyac\u0131m\u0131z var. Muhtac\u0131n yard\u0131m almaya ihtiyac\u0131 oldu\u011fu gibi, imkan\u0131 olan\u0131n, zenginin de yard\u0131m etmeye ihtiyac\u0131 var. \u00c7\u00fcnk\u00fc yard\u0131mla\u015fmak hepimize iyi gelecek. Hepimize iyilik getirecektir.\u201d<\/p>\n<p>&#8220;\u0130stanbul\u2019da Enderun usul\u00fc teravih namaz\u0131 k\u0131l\u0131nacak&#8221;<\/p>\n<p>Erba\u015f, \u201c1 Haziran Cumartesi ak\u015fam\u0131 \u0130stanbul Yenikap\u0131\u2019da 300 binin \u00fczerinde vatanda\u015f\u0131m\u0131zla a\u00e7\u0131k havada teravih namaz\u0131 k\u0131larak, bu y\u0131l\u0131n Ramazan ay\u0131n\u0131 ta\u00e7land\u0131rm\u0131\u015f olaca\u011f\u0131z. \u0130stanbul\u2019un fethinin 566. y\u0131l d\u00f6n\u00fcm\u00fc m\u00fcnasebetiyle Yenikap\u0131\u2019da \u0130stanbullu karde\u015flerimizle birlikte Enderun usul\u00fc teravih namaz\u0131 k\u0131laca\u011f\u0131z. Buradan bu faaliyetimizi de duyurmu\u015f olay\u0131m\u201d diyerek s\u00f6zlerini tamamlad\u0131.<\/p>\n","protected":false},"excerpt":{"rendered":"<p>D\u0130YANET \u0130\u015eLER\u0130 BA\u015eKANLI\u011eI TARAFINDAN BASIN MENSUPLARI \u0130FTAR PROGRAMI D\u00dcZENLEND\u0130.<\/p>\n","protected":false},"author":1,"featured_media":163696,"comment_status":"closed","ping_status":"open","sticky":false,"template":"","format":"standard","meta":{"jetpack_post_was_ever_published":false,"_jetpack_newsletter_access":"","_jetpack_dont_email_post_to_subs":false,"_jetpack_newsletter_tier_id":0,"_jetpack_memberships_contains_paywalled_content":false,"_jetpack_memberships_contains_paid_content":false,"footnotes":"","jetpack_publicize_message":"","jetpack_publicize_feature_enabled":true,"jetpack_social_post_already_shared":true,"jetpack_social_options":{"image_generator_settings":{"template":"highway","default_image_id":0,"font":"","enabled":false},"version":2}},"categories":[1],"tags":[38765,866,10687,5221,981,180,21765,38766,1974,181,1736,38767],"class_list":["post-163695","post","type-post","status-publish","format-standard","has-post-thumbnail","hentry","category-genel","tag-muhtacin","tag-almaya","tag-erbas","tag-etmeye","tag-gibi","tag-ihtiyaci","tag-imkani","tag-olanin","tag-oldugu","tag-var","tag-yardim","tag-zenginin"],"jetpack_publicize_connections":[],"jetpack_featured_media_url":"https:\/\/i0.wp.com\/www.tvturk.com\/wp-content\/uploads\/2019\/05\/erbas-muhtacin-yardim-almaya-ihtiyaci-oldugu-gibi-imkani-olanin-zenginin-de-yardim-etmeye-ihtiyaci-var_28caf90.jpg?fit=1000%2C666","jetpack_sharing_enabled":true,"jetpack_shortlink":"https:\/\/wp.me\/paKIfm-GAf","_links":{"self":[{"href":"http:\/\/www.tvturk.com\/index.php\/wp-json\/wp\/v2\/posts\/163695","targetHints":{"allow":["GET"]}}],"collection":[{"href":"http:\/\/www.tvturk.com\/index.php\/wp-json\/wp\/v2\/posts"}],"about":[{"href":"http:\/\/www.tvturk.com\/index.php\/wp-json\/wp\/v2\/types\/post"}],"author":[{"embeddable":true,"href":"http:\/\/www.tvturk.com\/index.php\/wp-json\/wp\/v2\/users\/1"}],"replies":[{"embeddable":true,"href":"http:\/\/www.tvturk.com\/index.php\/wp-json\/wp\/v2\/comments?post=163695"}],"version-history":[{"count":0,"href":"http:\/\/www.tvturk.com\/index.php\/wp-json\/wp\/v2\/posts\/163695\/revisions"}],"wp:featuredmedia":[{"embeddable":true,"href":"http:\/\/www.tvturk.com\/index.php\/wp-json\/wp\/v2\/media\/163696"}],"wp:attachment":[{"href":"http:\/\/www.tvturk.com\/index.php\/wp-json\/wp\/v2\/media?parent=163695"}],"wp:term":[{"taxonomy":"category","embeddable":true,"href":"http:\/\/www.tvturk.com\/index.php\/wp-json\/wp\/v2\/categories?post=163695"},{"taxonomy":"post_tag","embeddable":true,"href":"http:\/\/www.tvturk.com\/index.php\/wp-json\/wp\/v2\/tags?post=163695"}],"curies":[{"name":"wp","href":"https:\/\/api.w.org\/{rel}","templated":true}]}}