{"id":163717,"date":"2019-05-30T00:36:22","date_gmt":"2019-05-29T21:36:22","guid":{"rendered":"http:\/\/www.tvturk.com\/index.php\/sehidimizin-evi-turk-bayraklariyla-donatildi\/"},"modified":"2019-05-30T00:36:22","modified_gmt":"2019-05-29T21:36:22","slug":"sehidimizin-evi-turk-bayraklariyla-donatildi","status":"publish","type":"post","link":"http:\/\/www.tvturk.com\/index.php\/sehidimizin-evi-turk-bayraklariyla-donatildi\/","title":{"rendered":"\u015eehidimizin evi T\u00fcrk bayraklar\u0131yla donat\u0131ld\u0131"},"content":{"rendered":"<p>\u0130STANBUL (\u0130HA) \u2013 Irak\u2019\u0131n kuzeyindeki Hakurk b\u00f6lgesinde y\u00fcr\u00fct\u00fclen Pen\u00e7e Harekat\u0131\u2019nda ter\u00f6ristlerin tuzaklad\u0131\u011f\u0131 el yap\u0131m\u0131 patlay\u0131c\u0131n\u0131n infilak etmesi sonucu \u015fehit olan iki askerimizden biri olan Piyade Te\u011fmen Ra\u015fit Ayd\u0131n\u2019\u0131n evi T\u00fcrk bayraklar\u0131yla donat\u0131ld\u0131.<\/p>\n<p>Irak\u2019\u0131n kuzeyindeki Hakurk b\u00f6lgesinde y\u00fcr\u00fct\u00fclen Pen\u00e7e Harekat\u0131\u2019nda ter\u00f6ristlerin tuzaklad\u0131\u011f\u0131 el yap\u0131m\u0131 patlay\u0131c\u0131n\u0131n infilak etmesi sonucu iki askerimiz \u015fehit oldu. \u015eehitlerden Piyade Te\u011fmen Ra\u015fit Ayd\u0131n\u2019\u0131n Maltepe Z\u00fcmr\u00fctevler\u2019de bulunan baba evi T\u00fcrk bayraklar\u0131yla donat\u0131ld\u0131. Aslen Sakarya Yenik\u00f6y n\u00fcfusuna kay\u0131tl\u0131 olan \u015fehit Te\u011fmen Ayd\u0131n\u2019\u0131n cenazesi bug\u00fcn Sakarya\u2019da topra\u011fa verilecek.<\/p>\n","protected":false},"excerpt":{"rendered":"<p>\u015eEH\u0130T EV\u0130<\/p>\n","protected":false},"author":1,"featured_media":163718,"comment_status":"closed","ping_status":"open","sticky":false,"template":"","format":"standard","meta":{"jetpack_post_was_ever_published":false,"_jetpack_newsletter_access":"","_jetpack_dont_email_post_to_subs":false,"_jetpack_newsletter_tier_id":0,"_jetpack_memberships_contains_paywalled_content":false,"_jetpack_memberships_contains_paid_content":false,"footnotes":"","jetpack_publicize_message":"","jetpack_publicize_feature_enabled":true,"jetpack_social_post_already_shared":true,"jetpack_social_options":{"image_generator_settings":{"template":"highway","default_image_id":0,"font":"","enabled":false},"version":2}},"categories":[1],"tags":[32675,11473,2019,38772,957],"class_list":["post-163717","post","type-post","status-publish","format-standard","has-post-thumbnail","hentry","category-genel","tag-bayraklariyla","tag-donatildi","tag-evi","tag-sehidimizin","tag-turk"],"jetpack_publicize_connections":[],"jetpack_featured_media_url":"https:\/\/i0.wp.com\/www.tvturk.com\/wp-content\/uploads\/2019\/05\/sehidimizin-evi-turk-bayraklariyla-donatildi_1111d2d.jpg?fit=1000%2C478","jetpack_sharing_enabled":true,"jetpack_shortlink":"https:\/\/wp.me\/paKIfm-GAB","_links":{"self":[{"href":"http:\/\/www.tvturk.com\/index.php\/wp-json\/wp\/v2\/posts\/163717","targetHints":{"allow":["GET"]}}],"collection":[{"href":"http:\/\/www.tvturk.com\/index.php\/wp-json\/wp\/v2\/posts"}],"about":[{"href":"http:\/\/www.tvturk.com\/index.php\/wp-json\/wp\/v2\/types\/post"}],"author":[{"embeddable":true,"href":"http:\/\/www.tvturk.com\/index.php\/wp-json\/wp\/v2\/users\/1"}],"replies":[{"embeddable":true,"href":"http:\/\/www.tvturk.com\/index.php\/wp-json\/wp\/v2\/comments?post=163717"}],"version-history":[{"count":0,"href":"http:\/\/www.tvturk.com\/index.php\/wp-json\/wp\/v2\/posts\/163717\/revisions"}],"wp:featuredmedia":[{"embeddable":true,"href":"http:\/\/www.tvturk.com\/index.php\/wp-json\/wp\/v2\/media\/163718"}],"wp:attachment":[{"href":"http:\/\/www.tvturk.com\/index.php\/wp-json\/wp\/v2\/media?parent=163717"}],"wp:term":[{"taxonomy":"category","embeddable":true,"href":"http:\/\/www.tvturk.com\/index.php\/wp-json\/wp\/v2\/categories?post=163717"},{"taxonomy":"post_tag","embeddable":true,"href":"http:\/\/www.tvturk.com\/index.php\/wp-json\/wp\/v2\/tags?post=163717"}],"curies":[{"name":"wp","href":"https:\/\/api.w.org\/{rel}","templated":true}]}}