{"id":163719,"date":"2019-05-30T02:46:56","date_gmt":"2019-05-29T23:46:56","guid":{"rendered":"http:\/\/www.tvturk.com\/index.php\/solingen-faciasinda-olenler-anildi\/"},"modified":"2019-05-30T02:46:56","modified_gmt":"2019-05-29T23:46:56","slug":"solingen-faciasinda-olenler-anildi","status":"publish","type":"post","link":"http:\/\/www.tvturk.com\/index.php\/solingen-faciasinda-olenler-anildi\/","title":{"rendered":"Solingen facias\u0131nda \u00f6lenler an\u0131ld\u0131"},"content":{"rendered":"<p>Almanya\u2019n\u0131n Solingen kentinde 1993\u2019te \u0131rk\u00e7\u0131lar\u0131n kundaklad\u0131\u011f\u0131 evde hayat\u0131n\u0131 kaybeden Gen\u00e7 ailesinin 5 \u00fcyesi, katliam\u0131n 26. y\u0131l\u0131nda Amasya\u2019n\u0131n Ta\u015fova il\u00e7esinde mezarlar\u0131 ba\u015f\u0131nda an\u0131ld\u0131.<\/p>\n<p>Mercimek k\u00f6y\u00fcnde, katliamda \u00f6len Gen\u00e7 ailesinin 5 \u00fcyesi i\u00e7in k\u00f6y camisinde mevlit okutuldu, \u0130l\u00e7e M\u00fcft\u00fcs\u00fc Harun Y\u0131lmaz\u2019\u0131n duas\u0131n\u0131n ard\u0131ndan, aile \u00fcyeleri kabirleri ziyaret etti.<\/p>\n<p>Katliamda 2 k\u0131z\u0131n\u0131, 2 torununu ve bir ye\u011fenini kaybeden Mevl\u00fcde Gen\u00e7, evlatlar\u0131n\u0131n mezarlar\u0131 ba\u015f\u0131nda dua etti.<\/p>\n<p>Anma program\u0131na, Gen\u00e7 ailesinin yan\u0131 s\u0131ra Kaymakam Okan Yenid\u00fcnya, Belediye Ba\u015fkan\u0131 Bayram \u00d6zt\u00fcrk, kurum m\u00fcd\u00fcrleri ve k\u00f6y halk\u0131 kat\u0131ld\u0131.<\/p>\n<p>Solingen\u2019de 29 May\u0131s 1993\u2019te Gen\u00e7 ailesinin evi kundaklanm\u0131\u015f, yang\u0131nda G\u00fcrs\u00fcn \u0130nce, Hatice, H\u00fclya ve Saime Gen\u00e7 ile G\u00fclistan \u00d6zt\u00fcrk hayat\u0131n\u0131 kaybetmi\u015f, Gen\u00e7 ailesinin 5 \u00fcyesi Ta\u015fova\u2019n\u0131n Mercimek k\u00f6y\u00fcnde topra\u011fa verilmi\u015fti.<\/p>\n","protected":false},"excerpt":{"rendered":"<p>ALMANYA&#8217;NIN SOL\u0130NGEN KENT\u0130NDE 1993&#8217;TE IRK\u00c7ILARIN KUNDAKLADI\u011eI EVDE YA\u015eAMINI Y\u0130T\u0130REN GEN\u00c7 A\u0130LES\u0130N\u0130N 5 \u00dcYES\u0130, KATL\u0130AMIN 26. YILINDA AMASYA&#8217;NIN TA\u015eOVA \u0130L\u00c7ES\u0130NDE MEZARLARI BA\u015eINDA ANILDI.<\/p>\n","protected":false},"author":1,"featured_media":163720,"comment_status":"closed","ping_status":"open","sticky":false,"template":"","format":"standard","meta":{"jetpack_post_was_ever_published":false,"_jetpack_newsletter_access":"","_jetpack_dont_email_post_to_subs":false,"_jetpack_newsletter_tier_id":0,"_jetpack_memberships_contains_paywalled_content":false,"_jetpack_memberships_contains_paid_content":false,"footnotes":"","jetpack_publicize_message":"","jetpack_publicize_feature_enabled":true,"jetpack_social_post_already_shared":true,"jetpack_social_options":{"image_generator_settings":{"template":"highway","default_image_id":0,"font":"","enabled":false},"version":2}},"categories":[1],"tags":[241,16509,20513,38773],"class_list":["post-163719","post","type-post","status-publish","format-standard","has-post-thumbnail","hentry","category-genel","tag-anildi","tag-faciasinda","tag-olenler","tag-solingen"],"jetpack_publicize_connections":[],"jetpack_featured_media_url":"https:\/\/i0.wp.com\/www.tvturk.com\/wp-content\/uploads\/2019\/05\/solingen-faciasinda-olenler-anildi_aedab9b.jpg?fit=1000%2C666","jetpack_sharing_enabled":true,"jetpack_shortlink":"https:\/\/wp.me\/paKIfm-GAD","_links":{"self":[{"href":"http:\/\/www.tvturk.com\/index.php\/wp-json\/wp\/v2\/posts\/163719","targetHints":{"allow":["GET"]}}],"collection":[{"href":"http:\/\/www.tvturk.com\/index.php\/wp-json\/wp\/v2\/posts"}],"about":[{"href":"http:\/\/www.tvturk.com\/index.php\/wp-json\/wp\/v2\/types\/post"}],"author":[{"embeddable":true,"href":"http:\/\/www.tvturk.com\/index.php\/wp-json\/wp\/v2\/users\/1"}],"replies":[{"embeddable":true,"href":"http:\/\/www.tvturk.com\/index.php\/wp-json\/wp\/v2\/comments?post=163719"}],"version-history":[{"count":0,"href":"http:\/\/www.tvturk.com\/index.php\/wp-json\/wp\/v2\/posts\/163719\/revisions"}],"wp:featuredmedia":[{"embeddable":true,"href":"http:\/\/www.tvturk.com\/index.php\/wp-json\/wp\/v2\/media\/163720"}],"wp:attachment":[{"href":"http:\/\/www.tvturk.com\/index.php\/wp-json\/wp\/v2\/media?parent=163719"}],"wp:term":[{"taxonomy":"category","embeddable":true,"href":"http:\/\/www.tvturk.com\/index.php\/wp-json\/wp\/v2\/categories?post=163719"},{"taxonomy":"post_tag","embeddable":true,"href":"http:\/\/www.tvturk.com\/index.php\/wp-json\/wp\/v2\/tags?post=163719"}],"curies":[{"name":"wp","href":"https:\/\/api.w.org\/{rel}","templated":true}]}}