{"id":163727,"date":"2019-05-30T09:46:15","date_gmt":"2019-05-30T06:46:15","guid":{"rendered":"http:\/\/www.tvturk.com\/index.php\/kirkdilimde-suruculerin-yasadigi-korkulu-ruya-tunellerle-son-bulacak\/"},"modified":"2019-05-30T09:46:15","modified_gmt":"2019-05-30T06:46:15","slug":"kirkdilimde-suruculerin-yasadigi-korkulu-ruya-tunellerle-son-bulacak","status":"publish","type":"post","link":"http:\/\/www.tvturk.com\/index.php\/kirkdilimde-suruculerin-yasadigi-korkulu-ruya-tunellerle-son-bulacak\/","title":{"rendered":"K\u0131rkdilim\u2019de s\u00fcr\u00fcc\u00fclerin ya\u015fad\u0131\u011f\u0131 korkulu r\u00fcya t\u00fcnellerle son bulacak"},"content":{"rendered":"<p>T\u00fcrkiye\u2019nin en \u00f6nemli g\u00fczergahlar\u0131 aras\u0131nda yer alan ve Karadeniz B\u00f6lgesi\u2019ni \u0130\u00e7 Anadolu\u2019ya ba\u011flayan alan K\u0131rkdilim yolunda \u00e7al\u0131\u015fmalar h\u0131zla ilerliyor.<\/p>\n<p>Ad\u0131n\u0131 yol \u00fczerinde bulunan 40 virajdan alan K\u0131rkdilim\u2019de sarp kayal\u0131klar ile u\u00e7urum aras\u0131nda yer alan yakla\u015f\u0131k 9 kilometrelik yolda uzunluklar\u0131 bin 409 metre, bin 197 metre ve bin 578 metre olmak \u00fczere \u00fc\u00e7 ayr\u0131 t\u00fcnel yap\u0131lacak.<\/p>\n<p>S\u00fcr\u00fcc\u00fclerin adeta korkulu r\u00fcyas\u0131 olan ayn\u0131 zamanda Kuzey-G\u00fcney aks\u0131n\u0131n \u00f6nemli bir aya\u011f\u0131n\u0131 olu\u015fturan K\u0131rkdilim\u2019de projenin tamamlanmas\u0131yla ula\u015f\u0131m daha rahat ve konforlu bir \u015fekilde sa\u011flanacak. Cumhuriyet tarihinde \u00c7orum\u2019a yap\u0131lan en b\u00fcy\u00fck yat\u0131r\u0131m olan K\u0131rkdilim projesi, 570 milyon liraya mal olacak.<\/p>\n<p>\u00c7orum Valisi Mustafa \u00c7ift\u00e7i, La\u00e7in il\u00e7esine giderek K\u0131r\u0131kdilim t\u00fcnel ge\u00e7i\u015fi projesi kapsam\u0131ndaki \u00e7al\u0131\u015fmalar\u0131 yerinde inceledi. Vali \u00c7ift\u00e7i\u2019ye b\u00f6lgede y\u00fcr\u00fct\u00fclen \u00e7al\u0131\u015fmalar hakk\u0131nda Karayollar\u0131 7. B\u00f6lge M\u00fcd\u00fcr\u00fc Murat G\u00f6nenli bilgi verdi.<\/p>\n<p>Dev projenin 2019 y\u0131l\u0131 birim fiyatlar\u0131yla  570 milyon TL\u2019ye mal olaca\u011f\u0131n\u0131 a\u00e7\u0131klayan B\u00f6lge M\u00fcd\u00fcr\u00fc Murat G\u00f6nenli, \u201cProjemiz yeni ba\u015flad\u0131. Fiziki ger\u00e7ekle\u015fme y\u00fczde 4.7 seviyelerinde. Bug\u00fcne kadar 37 milyon TL\u2019lik yat\u0131r\u0131m yap\u0131ld\u0131. 8.6  kilometre uzunlu\u011fundaki yol ile 3 tane t\u00fcnelden olu\u015fan proje, K\u0131rkdilim ge\u00e7i\u015fini de by-pas eden bir proje. K\u0131rkdilim projesi tamamland\u0131\u011f\u0131nda \u00c7orum-\u0130stanbul ula\u015f\u0131m\u0131 olduk\u00e7a rahatlam\u0131\u015f olacak\u201d dedi.<\/p>\n<p>B\u00f6lgeye yap\u0131lacak \u00fc\u00e7 t\u00fcnelden birisi olan bin 553 metre uzunlu\u011fundaki t\u00fcnelin yap\u0131m\u0131na ba\u015fland\u0131\u011f\u0131n\u0131 anlatan G\u00f6nenli, bu y\u0131lki hedeflerinin t\u00fcnelin kaz\u0131 ve destekleme \u00e7al\u0131\u015fmalar\u0131n\u0131 bitirmek oldu\u011funu a\u00e7\u0131klad\u0131.<\/p>\n<p>T-2 t\u00fcnelinde de \u00e7al\u0131\u015fma ba\u015flatmay\u0131 planlad\u0131klar\u0131n\u0131 ifade eden G\u00f6nenli, \u201cD\u0131\u015far\u0131da \u00e7ok \u00e7al\u0131\u015fmayaca\u011f\u0131z. Bu y\u0131l t\u00fcnellere a\u011f\u0131rl\u0131k vermeyi planl\u0131yoruz. \u00dc\u00e7 t\u00fcnelin yar\u0131s\u0131n\u0131n kaz\u0131 ve destek \u00e7al\u0131\u015fmalar\u0131n\u0131 bitirmeyi planl\u0131yoruz. Herhangi bir sorunumuz yok. Buradaki \u00e7al\u0131\u015fmalar arzu etti\u011fimiz noktaya ula\u015facak\u201d ifadelerini kulland\u0131.<\/p>\n<p>\u00c7orum-Osmanc\u0131k karayolunda da \u00e7al\u0131\u015fmalar\u0131n devam etti\u011fini kaydeden G\u00f6nenli, K\u0131rkdilim Ge\u00e7i\u015f T\u00fcneli projesinin yan\u0131 s\u0131ra \u00c7orum-Osmanc\u0131k karayolu projesiyle birlikte b\u00f6lgeye 700 milyon liral\u0131k bir yat\u0131r\u0131m yapacaklar\u0131n\u0131 bildirdi.<\/p>\n","protected":false},"excerpt":{"rendered":"<p>T\u00dcRK\u0130YE\u2019N\u0130N EN \u00d6NEML\u0130 G\u00dcZERGAHLARI ARASINDA YER ALAN VE KARADEN\u0130Z B\u00d6LGES\u0130\u2019N\u0130 \u0130\u00c7 ANADOLU&#8217;YA BA\u011eLAYAN ALAN KIRKD\u0130L\u0130M YOLUNDA \u00c7ALI\u015eMALAR HIZLA \u0130LERL\u0130YOR.<\/p>\n","protected":false},"author":1,"featured_media":163728,"comment_status":"closed","ping_status":"open","sticky":false,"template":"","format":"standard","meta":{"jetpack_post_was_ever_published":false,"_jetpack_newsletter_access":"","_jetpack_dont_email_post_to_subs":false,"_jetpack_newsletter_tier_id":0,"_jetpack_memberships_contains_paywalled_content":false,"_jetpack_memberships_contains_paid_content":false,"footnotes":"","jetpack_publicize_message":"","jetpack_publicize_feature_enabled":true,"jetpack_social_post_already_shared":true,"jetpack_social_options":{"image_generator_settings":{"template":"highway","default_image_id":0,"font":"","enabled":false},"version":2}},"categories":[1],"tags":[23559,38775,2099,25827,1240,13309,38776,9095],"class_list":["post-163727","post","type-post","status-publish","format-standard","has-post-thumbnail","hentry","category-genel","tag-bulacak","tag-kirkdilimde","tag-korkulu","tag-ruya","tag-son","tag-suruculerin","tag-tunellerle","tag-yasadigi"],"jetpack_publicize_connections":[],"jetpack_featured_media_url":"https:\/\/i0.wp.com\/www.tvturk.com\/wp-content\/uploads\/2019\/05\/kirkdilimde-suruculerin-yasadigi-korkulu-ruya-tunellerle-son-bulacak_d6e63aa.jpg?fit=1000%2C666","jetpack_sharing_enabled":true,"jetpack_shortlink":"https:\/\/wp.me\/paKIfm-GAL","_links":{"self":[{"href":"http:\/\/www.tvturk.com\/index.php\/wp-json\/wp\/v2\/posts\/163727","targetHints":{"allow":["GET"]}}],"collection":[{"href":"http:\/\/www.tvturk.com\/index.php\/wp-json\/wp\/v2\/posts"}],"about":[{"href":"http:\/\/www.tvturk.com\/index.php\/wp-json\/wp\/v2\/types\/post"}],"author":[{"embeddable":true,"href":"http:\/\/www.tvturk.com\/index.php\/wp-json\/wp\/v2\/users\/1"}],"replies":[{"embeddable":true,"href":"http:\/\/www.tvturk.com\/index.php\/wp-json\/wp\/v2\/comments?post=163727"}],"version-history":[{"count":0,"href":"http:\/\/www.tvturk.com\/index.php\/wp-json\/wp\/v2\/posts\/163727\/revisions"}],"wp:featuredmedia":[{"embeddable":true,"href":"http:\/\/www.tvturk.com\/index.php\/wp-json\/wp\/v2\/media\/163728"}],"wp:attachment":[{"href":"http:\/\/www.tvturk.com\/index.php\/wp-json\/wp\/v2\/media?parent=163727"}],"wp:term":[{"taxonomy":"category","embeddable":true,"href":"http:\/\/www.tvturk.com\/index.php\/wp-json\/wp\/v2\/categories?post=163727"},{"taxonomy":"post_tag","embeddable":true,"href":"http:\/\/www.tvturk.com\/index.php\/wp-json\/wp\/v2\/tags?post=163727"}],"curies":[{"name":"wp","href":"https:\/\/api.w.org\/{rel}","templated":true}]}}