{"id":163729,"date":"2019-05-30T09:47:08","date_gmt":"2019-05-30T06:47:08","guid":{"rendered":"http:\/\/www.tvturk.com\/index.php\/istanbulun-fethinin-566-yili-sancaktepede-kutlandi\/"},"modified":"2019-05-30T09:47:08","modified_gmt":"2019-05-30T06:47:08","slug":"istanbulun-fethinin-566-yili-sancaktepede-kutlandi","status":"publish","type":"post","link":"http:\/\/www.tvturk.com\/index.php\/istanbulun-fethinin-566-yili-sancaktepede-kutlandi\/","title":{"rendered":"\u0130stanbul\u2019un fethinin 566. y\u0131l\u0131 Sancaktepe\u2019de kutland\u0131"},"content":{"rendered":"<p>\u0130stanbul\u2019un fethinin 566. y\u0131l\u0131 kapsam\u0131nda Sancaktepe Belediyesi fetih \u015f\u00f6leni d\u00fczenledi. \u015e\u00f6lene kat\u0131lan Ula\u015ft\u0131rma ve Altyap\u0131 Bakan\u0131 Mehmet Cahit Turhan, \u201c\u0130stanbul yad ellere b\u0131rak\u0131lacak bir \u015fehir de\u011fildir\u201d dedi.<\/p>\n<p>Samand\u0131ra Meydan\u0131\u2019nda ger\u00e7ekle\u015fen fetih \u015f\u00f6lenine Ula\u015ft\u0131rma ve Altyap\u0131 Bakan\u0131 Mehmet Cahit Turhan, Sancaktepe Belediye Ba\u015fkan\u0131 \u015eeyma D\u00f6\u011f\u00fcc\u00fc ile \u00e7ok say\u0131da Sancaktepeli kat\u0131ld\u0131. Dua ile ba\u015flayan \u015fenlikte Sancaktepe Belediyesi mehteran tak\u0131m\u0131 sahne ald\u0131.<\/p>\n<p>Gecede konu\u015fma yapan Ula\u015ft\u0131rma ve Altyap\u0131 Bakan\u0131 Mehmet Cahit Turhan, \u201cRamazan ay\u0131n\u0131n son g\u00fcnlerine yakla\u015ft\u0131k. De\u011ferli Sancaktepeliler \u00f6n\u00fcm\u00fczde bir bayram var. Bayram\u0131n arkas\u0131ndan da se\u00e7im var. Yakla\u015fan bayramdan sonra arkas\u0131nda se\u00e7im ile birlikte \u0130stanbul ikinci bayram\u0131n\u0131 yapar. Ve hak etti\u011fi hizmetleri almaya devam eder. \u0130stanbul \u00fclkemizin, hepimizin g\u00f6z bebe\u011fi. Bayramda S\u0131la-i Rahim yapaca\u011f\u0131z. Ama \u00f6n\u00fcm\u00fczde hepimizin omuzunda \u00e7ok b\u00fcy\u00fck bir sorumluluk var. \u0130stanbul B\u00fcy\u00fck\u015fehir Belediye Ba\u015fkan\u0131n\u0131n belirlenece\u011fi bir se\u00e7im var. Ve bu se\u00e7imde \u0130stanbullular olarak bize hizmet edecek, bizim hayat\u0131m\u0131zda \u00f6nemli hizmetleri yapacak olan y\u00f6netimi, hizmet ehlini se\u00e7ece\u011fiz. \u0130stanbul yad ellere b\u0131rak\u0131lacak bir \u015fehir de\u011fildir. \u0130stanbul\u2019u susuzlu\u011fa, kirli havaya, \u00e7amura, \u00e7ukura b\u0131rakmayaca\u011f\u0131z. \u0130stanbul\u2019umuza sahip \u00e7\u0131kaca\u011f\u0131z\u201d dedi.<\/p>\n<p>Bakandan sonra konu\u015fma yapan Sancaktepe Belediye Ba\u015fkan\u0131 \u015eeyma D\u00f6\u011f\u00fcc\u00fc ise \u201cBug\u00fcn 29 May\u0131s, bug\u00fcn \u0130stanbul\u2019un fethi bunu bu ak\u015fam \u00e7ok iyi d\u00fc\u015f\u00fcnmenizi istiyorum. \u0130stanbul bizim memleketimiz. Medeniyeti ile S\u00fcleymaniye\u2019si ile Sultanahmet ile Kutlu Ey\u00fcp Sultan Hazretleri ile bizim \u0130stanbul. \u0130stanbul 23 Haziran\u2019a kadar bu medeniyetin devam etmesi ya da etmemesi anlam\u0131nda bir e\u015fikte \u015fu anda. K\u0131ymetli karde\u015flerim bunu sizler belirleyeceksiniz. Sizlere hay\u0131rl\u0131 bayramlar diliyorum\u201d diye konu\u015ftu.<\/p>\n<p>Gecenin sonunda havai fi\u015fek g\u00f6sterisi yap\u0131ld\u0131.<\/p>\n","protected":false},"excerpt":{"rendered":"<p>SAMANDIRA MEYDANI\u2019NDA GER\u00c7EKLE\u015eEN FET\u0130H \u015e\u00d6LEN\u0130NE ULA\u015eTIRMA VE ALTYAPI BAKANI MEHMET CAH\u0130T TURHAN, SANCAKTEPE BELED\u0130YE BA\u015eKANI \u015eEYMA D\u00d6\u011e\u00dcC\u00dc \u0130LE \u00c7OK SAYIDA SANCAKTEPEL\u0130 KATILDI. DUA \u0130LE BA\u015eLAYAN \u015eENL\u0130KTE SANCAKTEPE BELED\u0130YES\u0130 MEHTERAN TAKIMI SAHNE ALDI.<\/p>\n","protected":false},"author":1,"featured_media":163730,"comment_status":"closed","ping_status":"open","sticky":false,"template":"","format":"standard","meta":{"jetpack_post_was_ever_published":false,"_jetpack_newsletter_access":"","_jetpack_dont_email_post_to_subs":false,"_jetpack_newsletter_tier_id":0,"_jetpack_memberships_contains_paywalled_content":false,"_jetpack_memberships_contains_paid_content":false,"footnotes":"","jetpack_publicize_message":"","jetpack_publicize_feature_enabled":true,"jetpack_social_post_already_shared":true,"jetpack_social_options":{"image_generator_settings":{"template":"highway","default_image_id":0,"font":"","enabled":false},"version":2}},"categories":[1],"tags":[38770,19752,10066,2822,19988,2128],"class_list":["post-163729","post","type-post","status-publish","format-standard","has-post-thumbnail","hentry","category-genel","tag-38770","tag-fethinin","tag-istanbulun","tag-kutlandi","tag-sancaktepede","tag-yili"],"jetpack_publicize_connections":[],"jetpack_featured_media_url":"https:\/\/i0.wp.com\/www.tvturk.com\/wp-content\/uploads\/2019\/05\/istanbulun-fethinin-566-yili-sancaktepede-kutlandi_c0ff022.jpg?fit=1000%2C666","jetpack_sharing_enabled":true,"jetpack_shortlink":"https:\/\/wp.me\/paKIfm-GAN","_links":{"self":[{"href":"http:\/\/www.tvturk.com\/index.php\/wp-json\/wp\/v2\/posts\/163729","targetHints":{"allow":["GET"]}}],"collection":[{"href":"http:\/\/www.tvturk.com\/index.php\/wp-json\/wp\/v2\/posts"}],"about":[{"href":"http:\/\/www.tvturk.com\/index.php\/wp-json\/wp\/v2\/types\/post"}],"author":[{"embeddable":true,"href":"http:\/\/www.tvturk.com\/index.php\/wp-json\/wp\/v2\/users\/1"}],"replies":[{"embeddable":true,"href":"http:\/\/www.tvturk.com\/index.php\/wp-json\/wp\/v2\/comments?post=163729"}],"version-history":[{"count":0,"href":"http:\/\/www.tvturk.com\/index.php\/wp-json\/wp\/v2\/posts\/163729\/revisions"}],"wp:featuredmedia":[{"embeddable":true,"href":"http:\/\/www.tvturk.com\/index.php\/wp-json\/wp\/v2\/media\/163730"}],"wp:attachment":[{"href":"http:\/\/www.tvturk.com\/index.php\/wp-json\/wp\/v2\/media?parent=163729"}],"wp:term":[{"taxonomy":"category","embeddable":true,"href":"http:\/\/www.tvturk.com\/index.php\/wp-json\/wp\/v2\/categories?post=163729"},{"taxonomy":"post_tag","embeddable":true,"href":"http:\/\/www.tvturk.com\/index.php\/wp-json\/wp\/v2\/tags?post=163729"}],"curies":[{"name":"wp","href":"https:\/\/api.w.org\/{rel}","templated":true}]}}