{"id":163739,"date":"2019-05-30T09:56:04","date_gmt":"2019-05-30T06:56:04","guid":{"rendered":"http:\/\/www.tvturk.com\/index.php\/ailelerin-sosyal-medyada-cocuklariyla-ilgili-paylasimlarinda-ozenli-olmasi-gerekiyor\/"},"modified":"2019-05-30T09:56:04","modified_gmt":"2019-05-30T06:56:04","slug":"ailelerin-sosyal-medyada-cocuklariyla-ilgili-paylasimlarinda-ozenli-olmasi-gerekiyor","status":"publish","type":"post","link":"http:\/\/www.tvturk.com\/index.php\/ailelerin-sosyal-medyada-cocuklariyla-ilgili-paylasimlarinda-ozenli-olmasi-gerekiyor\/","title":{"rendered":"\u2019\u2019Ailelerin, sosyal medyada \u00e7ocuklar\u0131yla ilgili payla\u015f\u0131mlar\u0131nda \u00f6zenli olmas\u0131 gerekiyor\u2019\u2019"},"content":{"rendered":"<p>\u00c7ocuk istismar\u0131 ve ihmali konusunda konu\u015fan E\u011fitim Bilimci Banu G\u00fcr\u00fcn, &#8220;Ailelerin sosyal medyada \u00e7ocuklar\u0131yla ilgili payla\u015f\u0131mlar\u0131nda \u00f6zenli olmas\u0131 gerekiyor. Ailelerin \u00f6zellikle \u00e7ocuklar\u0131 de\u015fifre, te\u015fhir edebilecek \u015fekilde payla\u015f\u0131mlardan ka\u00e7\u0131nmas\u0131 gerekiyor&#8221; dedi.<\/p>\n<p>Mektebim Okullar\u0131 CEO Vekili ve E\u011fitim Bilimci Banu G\u00fcr\u00fcn, son zamanlarda g\u00fcndeme s\u0131k gelen \u00e7ocuk istismar\u0131 ve ihmali konusunda a\u00e7\u0131klamalarda bulundu. G\u00fcr\u00fcn, \u00e7ocuk istismar\u0131n\u0131n ve ihmalinin son 10 y\u0131lda 3 kat artt\u0131\u011f\u0131n\u0131, ailelerin, sosyal medyada \u00e7ocuklar\u0131yla ilgili payla\u015f\u0131mlar\u0131nda \u00f6zenli olmas\u0131 gerekti\u011fini, ailelerin ve \u00e7ocuklar\u0131n bu konuda bilin\u00e7lenmesi gerekti\u011fini s\u00f6yledi. Ayr\u0131ca G\u00fcr\u00fcn, \u00e7ocuk istismar\u0131 ve ihmali konusunda sert, keskin yasal tedbirlerin al\u0131nmas\u0131 gerekti\u011fine vurgu yapt\u0131.<\/p>\n<p>&#8220;\u00c7ocuk istismar\u0131n\u0131n ve ihmalinin son 10 y\u0131lda 3 kat artt\u0131\u011f\u0131n\u0131 g\u00f6r\u00fcyoruz&#8221;<\/p>\n<p>\u00c7ocuk istismar\u0131 ve ihmali konusunda sert tedbirlerin al\u0131nmas\u0131 gerekti\u011fini ifade eden Banu G\u00fcr\u00fcn, &#8220;Su\u00e7 kavram\u0131 insanl\u0131k tarihi kadar eski. \u00c7ocuklara y\u00f6nelik su\u00e7 kavram\u0131 da insanl\u0131k tarihi kadar eski. \u00c7\u00fcnk\u00fc tarih boyunca \u00e7ocuklar, kendini savunamayan, himayeye ihtiya\u00e7 duyan varl\u0131klar oldular. \u00c7ocuk istismar\u0131n\u0131n ve ihmalinin son 10 y\u0131lda 3 kat artt\u0131\u011f\u0131n\u0131 g\u00f6r\u00fcyoruz. Hem T\u00fcrkiye\u2019de hem de uluslararas\u0131 raporlarda da ayn\u0131 verilere ula\u015fabiliyoruz. Ge\u00e7mi\u015fte de var olan ihmal ve istismar\u0131n g\u00f6r\u00fcn\u00fcr olmas\u0131n\u0131n en \u00f6nemli gerek\u00e7elerinden biri; sosyal medya ara\u00e7lar\u0131n\u0131n art\u0131k daha yayg\u0131n kullan\u0131l\u0131yor olmas\u0131 ve sosyal medyada olu\u015fan duyarl\u0131l\u0131k durumu. \u00c7ocuk istismar\u0131 ve ihmali konusunda al\u0131nmas\u0131 gereken bir\u00e7ok tedbir var. Tedbirlerin ba\u015f\u0131nda da daha sert, kenar\u0131 \u00e7izilmi\u015f ve k\u00f6\u015feleri daha belirgin yasal tedbirler al\u0131nmas\u0131 s\u00fcreci yer al\u0131yor&#8221; dedi.<\/p>\n<p>&#8220;Ailelerin, sosyal medyada \u00e7ocuklar\u0131yla ilgili payla\u015f\u0131mlar\u0131nda \u00f6zenli olmas\u0131 gerekiyor&#8221;<\/p>\n<p>Sosyal medyaya dikkat \u00e7eken G\u00fcr\u00fcn, &#8220;Ailelerin sosyal medyada \u00e7ocuklar\u0131yla ilgili payla\u015f\u0131mlar\u0131nda \u00f6zenli olmas\u0131 gerekiyor. Ailelerin \u00f6zellikle \u00e7ocuklar\u0131 de\u015fifre, te\u015fhir edebilecek \u015fekilde payla\u015f\u0131mlardan ka\u00e7\u0131nmas\u0131 gerekiyor. Daha \u00e7ocuk do\u011fmadan sosyal medya hesab\u0131 a\u00e7mak, \u00e7ocu\u011fun a\u011fz\u0131ndan yay\u0131n yapmak gibi bir tak\u0131m e\u011filimler var. Bu durum a\u00e7\u0131k\u00e7as\u0131 kabul g\u00f6rm\u00fcyor&#8221; \u015feklinde konu\u015ftu.<\/p>\n<p>&#8220;\u00c7ocuklar\u0131n 3 ya\u015f\u0131ndan itibaren bilgilendirilmesi ve bilin\u00e7lendirilmesi gerekiyor&#8221;<\/p>\n<p>Sosyal ortamda \u00e7ocuklara olan davran\u0131\u015f bi\u00e7imlerinin k\u00fclt\u00fcrden k\u00fclt\u00fcre farkl\u0131l\u0131k g\u00f6sterdi\u011fini aktaran G\u00fcr\u00fcn, &#8220;Bizim k\u00fclt\u00fcr\u00fcm\u00fczde de \u00e7ocuklar\u0131 sevmek, dokunmak, \u00f6pmek ve sar\u0131lmak; sevgi ve \u015fefkat g\u00f6stergesidir. Bu noktada \u00e7ocuklar\u0131n k\u00fc\u00e7\u00fck ya\u015flardan itibaren yani neredeyse 3 ya\u015f\u0131ndan itibaren bilgilendirilmesi ve bilin\u00e7lendirilmesi gerekiyor. V\u00fccudunun kendi mahremiyet alan\u0131 oldu\u011fu,  \u00e7ocuklar\u0131n \u00f6zellikle omuz alt\u0131na dokunulmamas\u0131, yabanc\u0131lara kapal\u0131 olmas\u0131 gerekti\u011fi konusunda bilgilendirme yap\u0131lmas\u0131nda fayda olacakt\u0131r diye d\u00fc\u015f\u00fcn\u00fcyoruz. Aileler bu konuda son derece net ve \u00e7ocuklar\u0131n anlayabilece\u011fi tonda bilgilendirmeler yapmal\u0131lar. Kendilerinin de bu konuda hassasiyet beslemeleri gerekiyor. \u00c7ocuklar\u0131n\u0131 iyi izlemeleri gerekiyor. \u00c7\u00fcnk\u00fc bu t\u00fcr durumlar\u0131n \u00e7ocuklar\u0131n \u00f6zellikle yak\u0131n \u00e7evresinden geldi\u011fi istatistikler taraf\u0131ndan do\u011fruland\u0131\u011f\u0131ndan ailelerin bu konuda hem bilin\u00e7li hem de uyan\u0131k olmas\u0131 gerekiyor&#8221; diye konu\u015ftu.<\/p>\n<p>&#8220;Aileler, istismar ve ihmal konusunda bilin\u00e7lenmeli&#8221;<\/p>\n<p>Ailelerin istismar konusunda neler yapmas\u0131 gerekti\u011fini a\u00e7\u0131klayan G\u00fcr\u00fcn, &#8220;Ailelerin her \u015feyden \u00f6nce \u00e7ocuklar\u0131n\u0131n bedenlerine sayg\u0131 duymas\u0131, \u00e7ocuklar\u0131n\u0131n da kendi bedenlerine sayg\u0131 duymas\u0131n\u0131 sa\u011flamas\u0131 gerekiyor. \u00c7ocu\u011fun kendi mahremiyetini korumas\u0131 gerekiyor ve bununla ilgili bilin\u00e7lendirmesi gerekiyor. Bu bilin\u00e7 d\u00fczeyinin olu\u015fturulabiliyor olmas\u0131 i\u00e7in \u00f6nce ailenin bilin\u00e7lendirilmesi gerekiyor. Ailenin bilin\u00e7lendirilmesi i\u00e7inde hem sa\u011fl\u0131k personelinin hem de e\u011fitim personelini taraf\u0131ndan bu konuda \u00e7al\u0131\u015fmalar\u0131 m\u00fcmk\u00fcn&#8221; \u015feklinde konu\u015ftu.<\/p>\n<p>Son zamanlarda sosyal medyada \u00e7ocuk istismar\u0131 nedeniyle g\u00fcndemde olan kitap hakk\u0131nda konu\u015fan G\u00fcr\u00fcn, &#8220;Her \u015feyden \u00f6nce kitap i\u00e7in i\u011fren\u00e7 diyebilirim. Bu konuyu bende sosyal medyadan takip ettim. \u015eunu \u00e7ok merak ediyorum: Kitab\u0131 yazmak ayn\u0131 bir konu yani psikiyatrinin incelemesi gereken bir konu. Bu kitab\u0131 basmak nas\u0131l oluyor? yasayla nas\u0131l s\u0131n\u0131rl\u0131 olmuyor. Herhangi bir filtreden hi\u00e7 mi ge\u00e7miyor? Bunlar\u0131 s\u00f6ylemek istiyorum. Ger\u00e7ekten kamu vicdan\u0131n\u0131 s\u0131zlat\u0131yor&#8221; a\u00e7\u0131klamas\u0131nda bulundu.<\/p>\n<p>G\u00fcr\u00fcn, s\u00f6zlerini \u015f\u00f6yle tamamlad\u0131: &#8220;\u00c7ocuk istismar\u0131 denilince bizlerin akl\u0131na sadece cinsel istismar taraf\u0131 geliyor. Oysaki \u00e7o\u011fun fiziksel ve ruhsal anlamda da ihmali s\u00f6z konusu olabiliyor ve bu \u00e7ok yayg\u0131n bi\u00e7imde olabiliyor. Bu konuda duyarl\u0131l\u0131k ve yasa \u00e7er\u00e7evesi olu\u015fmas\u0131yla ile ilgili olarak hem e\u011fitim d\u00fcnyas\u0131n\u0131n hem hukuk\u00e7ular\u0131n hem de ayn\u0131 anda sa\u011fl\u0131k personelinin bir araya gelmesi ve tek ses \u00e7\u0131karmas\u0131 gerekti\u011fini d\u00fc\u015f\u00fcyorum&#8221;.<\/p>\n","protected":false},"excerpt":{"rendered":"<p>MEKTEB\u0130M OKULLARI CEO VEK\u0130L\u0130 VE E\u011e\u0130T\u0130M B\u0130L\u0130MC\u0130 BANU G\u00dcR\u00dcN, SON ZAMANLARDA G\u00dcNDEME SIK GELEN \u00c7OCUK \u0130ST\u0130SMARI VE \u0130HMAL\u0130 KONUSUNDA A\u00c7IKLAMALARDA BULUNDU.<\/p>\n","protected":false},"author":1,"featured_media":163740,"comment_status":"closed","ping_status":"open","sticky":false,"template":"","format":"standard","meta":{"jetpack_post_was_ever_published":false,"_jetpack_newsletter_access":"","_jetpack_dont_email_post_to_subs":false,"_jetpack_newsletter_tier_id":0,"_jetpack_memberships_contains_paywalled_content":false,"_jetpack_memberships_contains_paid_content":false,"footnotes":"","jetpack_publicize_message":"","jetpack_publicize_feature_enabled":true,"jetpack_social_post_already_shared":true,"jetpack_social_options":{"image_generator_settings":{"template":"highway","default_image_id":0,"font":"","enabled":false},"version":2}},"categories":[1],"tags":[25221,25852,4459,3012,7008,5308,38784,38783,1229],"class_list":["post-163739","post","type-post","status-publish","format-standard","has-post-thumbnail","hentry","category-genel","tag-ailelerin","tag-cocuklariyla","tag-gerekiyor","tag-ilgili","tag-medyada","tag-olmasi","tag-ozenli","tag-paylasimlarinda","tag-sosyal"],"jetpack_publicize_connections":[],"jetpack_featured_media_url":"https:\/\/i0.wp.com\/www.tvturk.com\/wp-content\/uploads\/2019\/05\/ailelerin-sosyal-medyada-cocuklariyla-ilgili-paylasimlarinda-ozenli-olmasi-gerekiyor_e8fc195.jpg?fit=1000%2C665","jetpack_sharing_enabled":true,"jetpack_shortlink":"https:\/\/wp.me\/paKIfm-GAX","_links":{"self":[{"href":"http:\/\/www.tvturk.com\/index.php\/wp-json\/wp\/v2\/posts\/163739","targetHints":{"allow":["GET"]}}],"collection":[{"href":"http:\/\/www.tvturk.com\/index.php\/wp-json\/wp\/v2\/posts"}],"about":[{"href":"http:\/\/www.tvturk.com\/index.php\/wp-json\/wp\/v2\/types\/post"}],"author":[{"embeddable":true,"href":"http:\/\/www.tvturk.com\/index.php\/wp-json\/wp\/v2\/users\/1"}],"replies":[{"embeddable":true,"href":"http:\/\/www.tvturk.com\/index.php\/wp-json\/wp\/v2\/comments?post=163739"}],"version-history":[{"count":0,"href":"http:\/\/www.tvturk.com\/index.php\/wp-json\/wp\/v2\/posts\/163739\/revisions"}],"wp:featuredmedia":[{"embeddable":true,"href":"http:\/\/www.tvturk.com\/index.php\/wp-json\/wp\/v2\/media\/163740"}],"wp:attachment":[{"href":"http:\/\/www.tvturk.com\/index.php\/wp-json\/wp\/v2\/media?parent=163739"}],"wp:term":[{"taxonomy":"category","embeddable":true,"href":"http:\/\/www.tvturk.com\/index.php\/wp-json\/wp\/v2\/categories?post=163739"},{"taxonomy":"post_tag","embeddable":true,"href":"http:\/\/www.tvturk.com\/index.php\/wp-json\/wp\/v2\/tags?post=163739"}],"curies":[{"name":"wp","href":"https:\/\/api.w.org\/{rel}","templated":true}]}}