{"id":163777,"date":"2019-05-30T10:41:17","date_gmt":"2019-05-30T07:41:17","guid":{"rendered":"http:\/\/www.tvturk.com\/index.php\/bafra-ovasinda-tutun-dikimi-basladi\/"},"modified":"2019-05-30T10:41:17","modified_gmt":"2019-05-30T07:41:17","slug":"bafra-ovasinda-tutun-dikimi-basladi","status":"publish","type":"post","link":"http:\/\/www.tvturk.com\/index.php\/bafra-ovasinda-tutun-dikimi-basladi\/","title":{"rendered":"Bafra Ovas\u0131\u2019nda t\u00fct\u00fcn dikimi ba\u015flad\u0131"},"content":{"rendered":"<p>Samsun\u2019un Bafra Ovas\u0131\u2019nda \u00e7ift\u00e7iler t\u00fct\u00fcn fidesi dikimine ba\u015flad\u0131.<\/p>\n<p>D\u00fcnyan\u0131n ve T\u00fcrkiye\u2019nin say\u0131l\u0131 t\u00fct\u00fcn \u00fcretim merkezlerinden biri olan Bafra Ovas\u0131\u2019nda 3 bin 700 hane t\u00fct\u00fcn fidesi dikimine ba\u015flad\u0131. Trakt\u00f6rlerin arkas\u0131nda yerle\u015ftirilen aparatlar ile dikim i\u015flemlerini ger\u00e7ekle\u015ftiren \u00e7ift\u00e7iler, ge\u00e7en sene 19 liradan al\u0131nan t\u00fct\u00fcn\u00fcn bu sene 25 liradan al\u0131naca\u011f\u0131n\u0131 \u00f6\u011frendi. 2000\u2019li y\u0131llar\u0131n ba\u015f\u0131nda \u015fimdiki \u00fcretimin yakla\u015f\u0131k 2 kat\u0131n\u0131 \u00fcreten \u00e7ift\u00e7iler, tekrar eski g\u00fcnlerdeki rekolteyi yakalamak i\u00e7in g\u00fcne\u015fin alt\u0131nda ter d\u00f6k\u00fcyor.<\/p>\n<p>\u201c10 bin tonun \u00fcst\u00fcnden t\u00fct\u00fcn \u00fcretmek istiyoruz\u201d<\/p>\n<p>Hedeflerinin 20 bin ton t\u00fct\u00fcn \u00fcretmek oldu\u011funu ifade eden Bafra Ziraat Odas\u0131 Ba\u015fkan\u0131 Osman Tosuner, \u201cBafra\u2019n\u0131n 90 mahallesinin yakla\u015f\u0131k 70\u2019inde t\u00fct\u00fcn \u00fcretiliyor. Bu mahallelerin neredeyse tek ge\u00e7im kayna\u011f\u0131, t\u00fct\u00fcnc\u00fcl\u00fck. Yan gelir olarak da hayvanc\u0131l\u0131kla u\u011fra\u015f\u0131yorlar. Bug\u00fcn Bafra\u2019n\u0131n Ortadurak Mahallesi\u2019nde incelemeler yapt\u0131k. 80 haneli mahalle tamamen t\u00fct\u00fcnc\u00fcl\u00fck yap\u0131yor ve kente g\u00f6\u00e7 vermiyor. Bafra\u2019n\u0131n tamam\u0131nda 200 bin dekar\u0131n \u00fczerinde t\u00fct\u00fcn ekimi yap\u0131l\u0131yor. 3 bin 700 s\u00f6zle\u015fmesi olan \u00e7ift\u00e7imiz var. D\u00fcnyada en kaliteli t\u00fct\u00fcn\u00fcn T\u00fcrkiye\u2019de oldu\u011fu belirtiliyor. T\u00fcrkiye\u2019de de en kaliteli t\u00fct\u00fcn\u00fcn Bafra\u2019da oldu\u011fu s\u00f6yleniyor. Bug\u00fcn itibariyle 3 bin 700 hane ortalama 3 ton t\u00fct\u00fcn \u00fcretse, 10 bin tonun \u00fcst\u00fcnde t\u00fct\u00fcn \u00fcretmi\u015f oluruz. 2000-2005 y\u0131llar\u0131 aras\u0131nda Bafra\u2019da 20 bin ton civar\u0131nda t\u00fct\u00fcn \u00fcretiliyordu. \u00d6zelle\u015fme ve g\u00f6\u00e7ler, bu rekolteyi d\u00fc\u015f\u00fcrd\u00fc. Ama geriye d\u00f6n\u00fck bu rakamlar\u0131 yakalama umudumuz var. \u00c7\u00fcnk\u00fc k\u0131rsalda t\u00fct\u00fcnden ba\u015fka yap\u0131lacak ikinci bir alternatif yok\u201d dedi.<\/p>\n<p>Bafral\u0131 \u00e7ift\u00e7iler, k\u0131rsal mahallelerde t\u00fct\u00fcn ve hayvanc\u0131l\u0131k ile ge\u00e7imlerini sa\u011fl\u0131yorlar.<\/p>\n","protected":false},"excerpt":{"rendered":"<p>D\u00dcNYANIN VE T\u00dcRK\u0130YE\u2019N\u0130N SAYILI T\u00dcT\u00dcN \u00dcRET\u0130M MERKEZLER\u0130NDEN B\u0130R\u0130 OLAN BAFRA\u2019DA 3 B\u0130N 700 HANE T\u00dcT\u00dcN F\u0130DES\u0130 EKMEYE BA\u015eLADI. TRAKT\u00d6RLER\u0130N ARKASINDA YERLE\u015eT\u0130R\u0130LEN APARATLAR \u0130LE EK\u0130M \u0130\u015eLEMLER\u0130N\u0130 GER\u00c7EKLE\u015eT\u0130REN \u00c7\u0130FT\u00c7\u0130LER, GE\u00c7EN SENE 19 L\u0130RADAN ALINAN T\u00dcT\u00dcN\u00dcN BU SENE 25 L\u0130RADAN ALINACA\u011eINI \u00d6\u011eREND\u0130. 2000\u2019L\u0130 YILLARIN BA\u015eINDA \u015e\u0130MD\u0130K\u0130 \u00dcRET\u0130M\u0130N YAKLA\u015eIK 2 KATINI \u00dcRETEN \u00c7\u0130FT\u00c7\u0130LER, TEKRAR ESK\u0130 G\u00dcNLERDEK\u0130 REKOLTEYE ULA\u015eMAK \u0130\u00c7\u0130N KIYASIYA \u00c7ALI\u015eIYORLAR.<\/p>\n","protected":false},"author":1,"featured_media":163778,"comment_status":"closed","ping_status":"open","sticky":false,"template":"","format":"standard","meta":{"jetpack_post_was_ever_published":false,"_jetpack_newsletter_access":"","_jetpack_dont_email_post_to_subs":false,"_jetpack_newsletter_tier_id":0,"_jetpack_memberships_contains_paywalled_content":false,"_jetpack_memberships_contains_paid_content":false,"footnotes":"","jetpack_publicize_message":"","jetpack_publicize_feature_enabled":true,"jetpack_social_post_already_shared":true,"jetpack_social_options":{"image_generator_settings":{"template":"highway","default_image_id":0,"font":"","enabled":false},"version":2}},"categories":[19],"tags":[118,55,26967,12327,6780],"class_list":["post-163777","post","type-post","status-publish","format-standard","has-post-thumbnail","hentry","category-ekonomi","tag-bafra","tag-basladi","tag-dikimi","tag-ovasinda","tag-tutun"],"jetpack_publicize_connections":[],"jetpack_featured_media_url":"https:\/\/i0.wp.com\/www.tvturk.com\/wp-content\/uploads\/2019\/05\/bafra-ovasinda-tutun-dikimi-basladi_6d00201.jpg?fit=1000%2C562","jetpack_sharing_enabled":true,"jetpack_shortlink":"https:\/\/wp.me\/paKIfm-GBz","_links":{"self":[{"href":"http:\/\/www.tvturk.com\/index.php\/wp-json\/wp\/v2\/posts\/163777","targetHints":{"allow":["GET"]}}],"collection":[{"href":"http:\/\/www.tvturk.com\/index.php\/wp-json\/wp\/v2\/posts"}],"about":[{"href":"http:\/\/www.tvturk.com\/index.php\/wp-json\/wp\/v2\/types\/post"}],"author":[{"embeddable":true,"href":"http:\/\/www.tvturk.com\/index.php\/wp-json\/wp\/v2\/users\/1"}],"replies":[{"embeddable":true,"href":"http:\/\/www.tvturk.com\/index.php\/wp-json\/wp\/v2\/comments?post=163777"}],"version-history":[{"count":0,"href":"http:\/\/www.tvturk.com\/index.php\/wp-json\/wp\/v2\/posts\/163777\/revisions"}],"wp:featuredmedia":[{"embeddable":true,"href":"http:\/\/www.tvturk.com\/index.php\/wp-json\/wp\/v2\/media\/163778"}],"wp:attachment":[{"href":"http:\/\/www.tvturk.com\/index.php\/wp-json\/wp\/v2\/media?parent=163777"}],"wp:term":[{"taxonomy":"category","embeddable":true,"href":"http:\/\/www.tvturk.com\/index.php\/wp-json\/wp\/v2\/categories?post=163777"},{"taxonomy":"post_tag","embeddable":true,"href":"http:\/\/www.tvturk.com\/index.php\/wp-json\/wp\/v2\/tags?post=163777"}],"curies":[{"name":"wp","href":"https:\/\/api.w.org\/{rel}","templated":true}]}}