{"id":163783,"date":"2019-05-30T10:42:20","date_gmt":"2019-05-30T07:42:20","guid":{"rendered":"http:\/\/www.tvturk.com\/index.php\/dunyanin-en-iyi-okculari-istanbulda-bulustu\/"},"modified":"2019-05-30T10:42:20","modified_gmt":"2019-05-30T07:42:20","slug":"dunyanin-en-iyi-okculari-istanbulda-bulustu","status":"publish","type":"post","link":"http:\/\/www.tvturk.com\/index.php\/dunyanin-en-iyi-okculari-istanbulda-bulustu\/","title":{"rendered":"D\u00fcnyan\u0131n en iyi ok\u00e7ular\u0131 \u0130stanbul\u2019da bulu\u015ftu"},"content":{"rendered":"<p>52 \u00fclkeden 520 sporcunun kat\u0131ld\u0131\u011f\u0131 Uluslararas\u0131 Fetih Kupas\u0131 Ok\u00e7uluk Yar\u0131\u015fmas\u0131 tamamland\u0131.Turnuvada dereceye giren sporculara kupa ve madalyalar\u0131n\u0131 Cumhurba\u015fkan\u0131 Yard\u0131mc\u0131s\u0131 Fuat Oktay, Beyo\u011flu Belediye Ba\u015fkan\u0131 Haydar Ali Y\u0131ld\u0131z ve Etnospor Konfederasyonu Ba\u015fkan\u0131 Bilal Erdo\u011fan takdim etti. 54 madalyan\u0131n 31\u2019ini T\u00fcrkiye kazand\u0131.<\/p>\n<p>\u0130stanbul\u2019un fethinin 566 \u2019inci y\u0131l\u0131 kutlamalar\u0131 kapsam\u0131nda bu y\u0131l 7\u2019cisi d\u00fczenlenen Uluslararas\u0131 Fetih Kupas\u0131 Ok\u00e7uluk Yar\u0131\u015fmas\u0131 tamamland\u0131. Ok\u00e7ular Vakf\u0131\u2019nda ger\u00e7ekle\u015ftirilen turnuvada, 52 \u00fclkeden 520 sporcu m\u00fccadele etti. \u00dc\u00e7 g\u00fcn s\u00fcren turnuvada finale kalan sporcular, yap\u0131lan final yar\u0131\u015flar\u0131nda birincilik i\u00e7in k\u0131yas\u0131ya yar\u0131\u015ft\u0131. Organizasyonda final m\u00fcsabakalar\u0131n\u0131, Cumhurba\u015fkan\u0131 Yard\u0131mc\u0131s\u0131 Fuat Oktay, Ok\u00e7ular Vakf\u0131 M\u00fctevelli Heyeti ve Beyo\u011flu Belediye Ba\u015fkan\u0131 Haydar Ali Y\u0131ld\u0131z, Etnospor Konfederasyonu Ba\u015fkan\u0131 Bilal Erdo\u011fan ile T\u00fcrkiye Milli Olimpiyat Komitesi Ba\u015fkan\u0131 U\u011fur Erdener de izledi.  Yar\u0131\u015flar\u0131n ard\u0131ndan dereceye giren sporculara kupa ve madalyalar\u0131 takdim edildi.<\/p>\n<p>\u201cKahraman ecdad\u0131m\u0131z\u0131n yatt\u0131\u011f\u0131 toprak, tuttu\u011fu bayrak bellidir\u201d<\/p>\n<p>Cumhurba\u015fkan\u0131 Yard\u0131mc\u0131s\u0131 Fuat Oktay, \u0130stanbul\u2019un fethinin 566. y\u0131l d\u00f6n\u00fcm\u00fcnde ok\u00e7ularla birlikte olmaktan bahtiyarl\u0131k duydu\u011funu belirterek, \u201cYolumuza \u0131\u015f\u0131k tutan tarihimiz ayn\u0131 zamanda yar\u0131n\u0131m\u0131za ilham veren gelecek idrak\u0131m\u0131zd\u0131r. Kahraman ecdad\u0131m\u0131z\u0131n yatt\u0131\u011f\u0131 toprak, tuttu\u011fu bayrak bellidir. Nereden geldi\u011fimizi bilmezsek nereye gidece\u011fimizi de bilemeyiz. Bunun i\u00e7in fetihlerle, zaferlerle dolu tarihimizi, zengin k\u00fclt\u00fcr\u00fcm\u00fcz\u00fc yeni nesillere aktarmay\u0131 \u00f6nemsiyoruz. Kadim k\u00fclt\u00fcr\u00fcm\u00fczde hakimiyet ve \u00fcst\u00fcnl\u00fc\u011f\u00fcn sembol\u00fc olan ok\u00e7uluk gelene\u011fini de yine g\u00fcn\u00fcm\u00fczde canland\u0131rarak toplumda yayg\u0131nla\u015fmas\u0131n\u0131 sa\u011flayan Ok\u00e7ular Vakf\u0131 bu anlamda \u00e7ok ciddi bir g\u00f6rev \u00fcstlenmekte. Ok\u00e7ular Vakf\u0131\u2019n\u0131n kuruldu\u011fu g\u00fcnden itibaren ok\u00e7ulu\u011fa dair tarihi miras\u0131m\u0131z\u0131n ya\u015fat\u0131lmas\u0131 ve yeni ok\u00e7ular yeti\u015ftirilmesi y\u00f6n\u00fcnde verdi\u011fi gayretler takdire \u015fayand\u0131r. Gerek bireysel, gerek tak\u0131m bran\u015flar\u0131nda yar\u0131\u015fan t\u00fcm sporcular\u0131 can\u0131 g\u00f6n\u00fclden kutluyor, gen\u00e7lerimize ba\u015far\u0131lar diliyorum\u201d dedi.<\/p>\n<p>\u201cD\u00fcnyan\u0131n en iyi ok\u00e7ular\u0131n\u0131 yeti\u015ftirmenin gayreti i\u00e7erisinde olaca\u011f\u0131z\u201d<\/p>\n<p>Ok\u00e7ular Vakf\u0131 M\u00fctevelli Heyeti ve Beyo\u011flu Belediye Ba\u015fkan\u0131 Haydar Ali Y\u0131ld\u0131z da \u201cBu y\u0131l 7\u2019incisini idrak etti\u011fimiz Fetih Kupas\u0131\u2019n\u0131n \u0130stanbul\u2019u yeniden fetih ruhuna, medeniyet \u015fuurumuza, bizi biz yapan de\u011ferleri yeniden ku\u015fanmam\u0131za vesile olmas\u0131n\u0131 y\u00fcce Allah\u2019tan niyaz ediyorum. Bug\u00fcn burada d\u00fcnyan\u0131n d\u00f6rt bir yan\u0131ndan geleneksel ve modern ok\u00e7ular gelmek suretiyle d\u00fcnyan\u0131n en b\u00fcy\u00fck ok\u00e7uluk organizasyonunu ger\u00e7ekle\u015ftirmi\u015f olman\u0131n bahtiyarl\u0131\u011f\u0131n\u0131 ya\u015f\u0131yoruz. Bug\u00fcn 29 May\u0131s \u0130stanbul\u2019un fethini T\u00fcrkiye\u2019de Fatih Sultan Mehmet Han\u2019\u0131n vizyonuna, ufkuna yak\u0131\u015fan bir \u015fekilde idrak etmenin bahtiyarl\u0131\u011f\u0131n\u0131 ya\u015f\u0131yoruz. Bir taraftan geleneksel T\u00fcrk ok\u00e7ulu\u011funu d\u00fcnyan\u0131n d\u00f6rt bir yan\u0131na ta\u015f\u0131yacak, di\u011fer taraftan modern ok\u00e7ulukta tarihte oldu\u011fu gibi d\u00fcnyan\u0131n en iyi ok\u00e7ular\u0131n\u0131 burada yeti\u015ftirmenin gayreti i\u00e7erisinde olaca\u011f\u0131z. Organizasyonumuzu himayelerine alan Cumhurba\u015fkan\u0131m\u0131z Say\u0131n Recep Tayyip Erdo\u011fan\u2019a ve eme\u011fi ge\u00e7en herkese te\u015fekk\u00fcr ediyorum\u201d ifadelerini kulland\u0131.<\/p>\n<p>\u201cBurada \u015fampiyon olmak tarihe ad\u0131n\u0131z\u0131 yazd\u0131rmak anlam\u0131na geliyor\u201d<\/p>\n<p>Etnospor Konfederasyonu Ba\u015fkan\u0131 Bilal Erdo\u011fan ise, \u201cBurada 52 \u00fclkeden 500\u2019\u00fcn \u00fczerinde sporcu, d\u00fcnyan\u0131n geleneksel ve modern ok\u00e7ulu\u011funun birlikte, yan yana yar\u0131\u015ft\u0131\u011f\u0131 en b\u00fcy\u00fck m\u00fcsabakas\u0131nda bir araya geldiler. Buras\u0131 d\u00fcnyan\u0131n en eski ok\u00e7ulu\u011fa atfedilmi\u015f mekan\u0131. Fatih\u2019in \u0130stanbul\u2019u fethiyle ayn\u0131 ya\u015fta. 566 y\u0131ld\u0131r bu alanda ok\u00e7ular oklar\u0131n\u0131 hedefe, en uza\u011fa eri\u015ftirmek i\u00e7in yar\u0131\u015ft\u0131lar. Tarihin yeti\u015ftirdi\u011fi en b\u00fcy\u00fck ok\u00e7ular i\u015fte bu b\u00f6lgede, Okmeydan\u0131\u2019nda yeti\u015ftiler. Onun i\u00e7in burada ok atmak, burada \u015fampiyon olmak asl\u0131nda tarihe ad\u0131n\u0131z\u0131 yazd\u0131rmak anlam\u0131na geliyor. Onun i\u00e7in yar\u0131\u015fan b\u00fct\u00fcn ok\u00e7ular\u0131n \u00e7ok \u015fansl\u0131 oldu\u011funu d\u00fc\u015f\u00fcn\u00fcyorum. B\u00fct\u00fcn yar\u0131\u015fmac\u0131lar\u0131, b\u00fct\u00fcn kazananlar\u0131 tebrik ediyorum\u201d \u015feklinde konu\u015ftu.<\/p>\n<p>54 madalyan\u0131n 31\u2019ini T\u00fcrkiye kazand\u0131<\/p>\n<p>Turnuvan\u0131n final yar\u0131\u015flarda T\u00fcrkiye, modern ve geleneksel dalda olmak \u00fczere 54 madalyan\u0131n 31\u2019ini kazand\u0131. Modern ok\u00e7uluk dal\u0131nda T\u00fcrkiye, 4 madalya ald\u0131. Klasik yay erkeklerde Samet Ak ile makaral\u0131 yay kad\u0131nlarda Ye\u015fim Bostan g\u00fcm\u00fc\u015f madalya kazand\u0131. Klasik yay kad\u0131nlarda Yasemin Ecem Anag\u00f6z ise bronz madalya ald\u0131. T\u00fcrkiye, klasik yay kar\u0131\u015f\u0131k kategorisinde tak\u0131m halinde ikincili\u011fi elde etti. Geleneksel ok\u00e7uluk dal\u0131nda ise b\u00fcy\u00fck erkeklerde Ahmet Turan G\u00fcnay ikinci s\u0131rada yer ald\u0131.<\/p>\n<p>Yar\u0131\u015flarda al\u0131nan di\u011fer sonu\u00e7lar \u015f\u00f6yle:<\/p>\n<p>&#8220;Gen\u00e7 erkekler: 1- Muhammed Ali Temel, 2- Emir Kayaba\u015f, 3- Alparslan Ta\u015fk\u0131n.<\/p>\n<p>Gen\u00e7 kad\u0131nlar: 1- Tu\u011f\u00e7e Torun, 2- \u015eahika Tetik, 3- Yasemin Temel.<\/p>\n<p>Minik erkekler: 1- Emirhan Kavala, 2- Emir Yal\u00e7\u0131nta\u015f, 2- Selahattin Akg\u00fcn.<\/p>\n<p>Minik k\u0131zlar: 1- G\u00f6k\u00e7e Azra Bay\u0131r, 2- Hacer S\u00fcreyya Vatan, 3- Meryem Beng\u00fcsu Kaytaz.<\/p>\n<p>Karma minik: 1- Ali \u00c7olakkad\u0131o\u011flu, 2- Yunus Emre Zengin, 3- Adile Cemre Dilsiz.<\/p>\n<p>Limitli hava ko\u015fusu karma: 1- Mustafa Ko\u00e7ak, 2- Salim S\u00f6yler, 3- \u0130brahim Ayd\u0131n.<\/p>\n<p>Limitsiz hava ko\u015fusu erkekler: 1- \u0130brahim Balaban, 2- \u0130brahim Ayd\u0131n, 3- C\u00fcneyt \u00d6ztan.<\/p>\n<p>Limitsiz hava ko\u015fusu kad\u0131nlar: 1- \u015eebnem Saliha \u00c7ak\u0131ro\u011flu, 2- Nagihan Tun\u00e7, 3- Fatma Ayvac\u0131.<\/p>\n<p>Organik yay hava ko\u015fusunda C\u00fcneyt Hoca \u00fc\u00e7\u00fcnc\u00fc olurken, siperde \u0130brahim Kele\u015f ilk s\u0131rada yer ald\u0131&#8221;.<\/p>\n","protected":false},"excerpt":{"rendered":"<p>52 \u00dcLKEDEN 520 SPORCUNUN KATILDI\u011eI ULUSLARARASI FET\u0130H KUPASI OK\u00c7ULUK YARI\u015eMASI TAMAMLANDI.TURNUVADA DERECEYE G\u0130REN SPORCULARA KUPA VE MADALYALARINI CUMHURBA\u015eKANI YARDIMCISI FUAT OKTAY, BEYO\u011eLU BELED\u0130YE BA\u015eKANI HAYDAR AL\u0130 YILDIZ VE ETNOSPOR KONFEDERASYONU BA\u015eKANI B\u0130LAL ERDO\u011eAN TAKD\u0130M ETT\u0130. 54 MADALYANIN 31&#8217;\u0130N\u0130 T\u00dcRK\u0130YE KAZANDI.<\/p>\n","protected":false},"author":1,"featured_media":163784,"comment_status":"closed","ping_status":"open","sticky":false,"template":"","format":"standard","meta":{"jetpack_post_was_ever_published":false,"_jetpack_newsletter_access":"","_jetpack_dont_email_post_to_subs":false,"_jetpack_newsletter_tier_id":0,"_jetpack_memberships_contains_paywalled_content":false,"_jetpack_memberships_contains_paid_content":false,"footnotes":"","jetpack_publicize_message":"","jetpack_publicize_feature_enabled":true,"jetpack_social_post_already_shared":true,"jetpack_social_options":{"image_generator_settings":{"template":"highway","default_image_id":0,"font":"","enabled":false},"version":2}},"categories":[1],"tags":[389,1197,1268,1552,38806],"class_list":["post-163783","post","type-post","status-publish","format-standard","has-post-thumbnail","hentry","category-genel","tag-bulustu","tag-dunyanin","tag-istanbulda","tag-iyi","tag-okculari"],"jetpack_publicize_connections":[],"jetpack_featured_media_url":"https:\/\/i0.wp.com\/www.tvturk.com\/wp-content\/uploads\/2019\/05\/dunyanin-en-iyi-okculari-istanbulda-bulustu_ee2a5de.jpg?fit=960%2C640","jetpack_sharing_enabled":true,"jetpack_shortlink":"https:\/\/wp.me\/paKIfm-GBF","_links":{"self":[{"href":"http:\/\/www.tvturk.com\/index.php\/wp-json\/wp\/v2\/posts\/163783","targetHints":{"allow":["GET"]}}],"collection":[{"href":"http:\/\/www.tvturk.com\/index.php\/wp-json\/wp\/v2\/posts"}],"about":[{"href":"http:\/\/www.tvturk.com\/index.php\/wp-json\/wp\/v2\/types\/post"}],"author":[{"embeddable":true,"href":"http:\/\/www.tvturk.com\/index.php\/wp-json\/wp\/v2\/users\/1"}],"replies":[{"embeddable":true,"href":"http:\/\/www.tvturk.com\/index.php\/wp-json\/wp\/v2\/comments?post=163783"}],"version-history":[{"count":0,"href":"http:\/\/www.tvturk.com\/index.php\/wp-json\/wp\/v2\/posts\/163783\/revisions"}],"wp:featuredmedia":[{"embeddable":true,"href":"http:\/\/www.tvturk.com\/index.php\/wp-json\/wp\/v2\/media\/163784"}],"wp:attachment":[{"href":"http:\/\/www.tvturk.com\/index.php\/wp-json\/wp\/v2\/media?parent=163783"}],"wp:term":[{"taxonomy":"category","embeddable":true,"href":"http:\/\/www.tvturk.com\/index.php\/wp-json\/wp\/v2\/categories?post=163783"},{"taxonomy":"post_tag","embeddable":true,"href":"http:\/\/www.tvturk.com\/index.php\/wp-json\/wp\/v2\/tags?post=163783"}],"curies":[{"name":"wp","href":"https:\/\/api.w.org\/{rel}","templated":true}]}}