{"id":163837,"date":"2019-05-30T11:12:09","date_gmt":"2019-05-30T08:12:09","guid":{"rendered":"http:\/\/www.tvturk.com\/index.php\/ozel-kadin-muhtarin-kitabi-gorme-engellilerin-dijital-kutuphanesinde\/"},"modified":"2019-05-30T11:12:09","modified_gmt":"2019-05-30T08:12:09","slug":"ozel-kadin-muhtarin-kitabi-gorme-engellilerin-dijital-kutuphanesinde","status":"publish","type":"post","link":"http:\/\/www.tvturk.com\/index.php\/ozel-kadin-muhtarin-kitabi-gorme-engellilerin-dijital-kutuphanesinde\/","title":{"rendered":"(\u00d6zel) Kad\u0131n muhtar\u0131n kitab\u0131 g\u00f6rme engellilerin dijital k\u00fct\u00fcphanesinde"},"content":{"rendered":"<p>Manisa\u2019n\u0131n Yunusemre il\u00e7esine ba\u011fl\u0131 Kuyualan Mahalle Muhtar\u0131 \u015eadan \u015eevik taraf\u0131ndan kaleme al\u0131nan \u015fiir kitab\u0131 Manisa 6 Nokta K\u00f6rler Derne\u011fi giri\u015fimleriyle sesli kitap haline getirilerek g\u00f6rme engellilerin dijital k\u00fct\u00fcphanesinde yer ald\u0131.<\/p>\n<p>Yunusemre il\u00e7esine ba\u011fl\u0131 Kuyualan Mahallesinin kad\u0131n muhtar\u0131 \u015eadan \u015eevik, uzun y\u0131llard\u0131r yazd\u0131\u011f\u0131 \u015fiirlerini bir kitapta toplad\u0131. Yunusemre Muhtarlar Derne\u011fi Ba\u015fkan\u0131 Bedriye Pehlivan\u2019\u0131n tavsiyesi \u00fczerine &#8220;Bahanesi Yok Hayat\u0131n&#8221; isimli \u015fiir kitab\u0131 \u00e7\u0131karan muhtar \u015eevik, \u015fiirlerinin g\u00f6rme engellilere de ula\u015fmas\u0131n\u0131n mutlulu\u011funu ya\u015f\u0131yor. Manisa 6 Nokta K\u00f6rler Derne\u011finin giri\u015fimleriyle \u0130stanbul Bo\u011fazi\u00e7i \u00dcniversitesi b\u00fcnyesinde bulunan G\u00f6rme Engelliler Teknoloji Merkezinde g\u00f6n\u00fcll\u00fcler taraf\u0131ndan okunarak sesli kitap haline geldi. Manisal\u0131 muhtar\u0131n &#8220;Bahanesi Yok Hayat\u0131n&#8221; adl\u0131 \u015fiir kitab\u0131 g\u00f6rme engellilerin dijital ar\u015fivine de girmi\u015f oldu.<\/p>\n<p>Kitab\u0131n bas\u0131m s\u00fcrecini anlatan Yunusemre Muhtarlar Derne\u011fi Ba\u015fkan\u0131 Bediriye Pehlivan, &#8220;Kuyualan Muhtar\u0131m\u0131z \u015eadan \u015eevik arkada\u015f\u0131m kendince yazd\u0131klar\u0131n\u0131 bir kenara not ediyordu. Daha sonras\u0131nda oturduk konu\u015ftuk bu \u015fiirler kenarlarda durmas\u0131n biz bunlar\u0131 halk\u0131m\u0131za sunal\u0131m. Herkes bu duygular\u0131n\u0131 d\u00fc\u015f\u00fcncelerini payla\u015fs\u0131n. Bu nedenle beraber oturduk ve bu kitab\u0131n bas\u0131m\u0131yla ilgili \u00e7al\u0131\u015fmam\u0131za ba\u015flad\u0131k. Anla\u015ft\u0131\u011f\u0131m\u0131z kitapevinde kitab\u0131m\u0131z\u0131 \u00e7\u0131kard\u0131k. \u00c7ok manidar \u015fiirleri var i\u00e7erisinde. \u00c7ok da anlaml\u0131 \u015fiirleri var. Herkesin muhtar olan yerel \u015fairimize destek olmas\u0131n\u0131 istiyoruz&#8221; dedi.<\/p>\n<p>&#8220;\u015eu an t\u00fcm T\u00fcrkiye\u2019deki g\u00f6rme engelli vatanda\u015flar\u0131m\u0131z bu kitab\u0131 dinliyor&#8221;<\/p>\n<p>Kitab\u0131n\u0131n T\u00fcrkiye\u2019deki g\u00f6rme engellilere de ula\u015fmas\u0131ndan mutlu oldu\u011funu belirten &#8220;Bahanesi Yok Hayat\u0131n&#8221; \u015fiir kitab\u0131n\u0131n yazar\u0131 ve Kuyualan Mahalle Muhtar\u0131 \u015eadan \u015eevik, &#8220;Y\u0131llard\u0131r biriktirdi\u011fim, kendimce akl\u0131ma gelen bir yerlere not etti\u011fim \u015feyler bir yerlerde duruyordu. Bedriye han\u0131m da bunu fark etti. Oturdu\u011fumuz ortamlarda sohbetlerde bir \u015feyler akl\u0131ma geldi\u011fi zaman yaz\u0131yordum. \u0130nsanlarla payla\u015fal\u0131m istedik. Bir ak\u015fam oturduk, bir kitapevi aray\u0131\u015f\u0131na girdik. \u00c7ok da iyi bir kitapeviyle \u00e7al\u0131\u015fmam\u0131z oldu. Bu kitab\u0131 okuyan ister manevi a\u015fk\u0131n\u0131 bulur, isterse hayata bak\u0131\u015f a\u00e7\u0131s\u0131n\u0131 bulur. 6 Nokta K\u00f6rler Derne\u011fi Ba\u015fkan\u0131 H\u00fcseyin Pehlivan bu \u015fiirlerin t\u00fcm T\u00fcrkiye\u2019deki g\u00f6rme engelli arkada\u015flar\u0131m\u0131za da ula\u015fmalar\u0131n\u0131 sa\u011flamay\u0131 istedi. Kendisinin g\u00f6r\u00fc\u015fmeleri sonucunda da G\u00f6rme Engelliler Teknoloji Merkeziyle anla\u015fma yap\u0131ld\u0131. Kitap orada okundu. \u015eu an t\u00fcm T\u00fcrkiye\u2019deki g\u00f6rme engelli vatanda\u015flar\u0131m\u0131z bu kitab\u0131 dinliyor&#8221; ifadelerini kulland\u0131.<\/p>\n<p>\u015eiir kitab\u0131n\u0131n sesli kitaba d\u00f6n\u00fc\u015ft\u00fcr\u00fclmesi s\u00fcreci hakk\u0131nda bilgi veren 6 Nokta K\u00f6rler Derne\u011fi Ba\u015fkan\u0131 H\u00fcseyin Pehlivan, &#8220;\u015eadan han\u0131m\u0131n yazd\u0131\u011f\u0131 yaz\u0131lar\u0131 daha \u00f6nceden kitap bas\u0131lmadan \u00f6nce par\u00e7a par\u00e7a dinlemeye ba\u015flam\u0131\u015ft\u0131m. Bunlar\u0131n de\u011ferini kapal\u0131 sayfalar aras\u0131nda kalmamas\u0131 gerekti\u011fine inan\u0131yordum. O da e\u015fimle bizi dinleyerek kitab\u0131 g\u00fcn y\u00fcz\u00fcne \u00e7\u0131kartmaya karar verdi. Ard\u0131ndan da bizler g\u00f6rme engellilere olarak bu kitaba ula\u015fmam\u0131z gerekti\u011fini d\u00fc\u015f\u00fcnd\u00fcm. Kitab\u0131 seslendirme yoluna gittik. \u0130stanbul\u2019da Bo\u011fazi\u00e7i \u00dcniversitesinin G\u00f6rme Engelliler Teknoloji Merkezi dedi\u011fimiz bir elektronik k\u00fct\u00fcphanesi var. Burada piyasada \u00e7\u0131km\u0131\u015f olan kitaplar talep edildi\u011fi takdirde seslendirilerek internet \u00fczerinde g\u00f6rme engellilerin \u015fifreyle girebildikleri bir k\u00fct\u00fcphane haline getiriliyor. Orada \u015fu ana kadar 30 bin kitap var. \u015eadan muhtar\u0131m\u0131n kitab\u0131na da g\u00f6n\u00fcll\u00fc okuyucular sayesinde okutarak bu sistemin i\u00e7erisine dahil ettik. Hakkari\u2019de, Ayd\u0131n\u2019da, \u00c7anakkale\u2019de T\u00fcrkiye\u2019nin her yerinde tu\u015flara basan her g\u00f6rme engelli \u00fccretsiz olarak bu kitaba ula\u015farak oradaki duygular\u0131 hissederek okumaya ba\u015flad\u0131&#8221; diye konu\u015ftu.<\/p>\n<p>G\u00f6rme engelli vatanda\u015flar &#8220;Bahanesi Yok Hayat\u0131n&#8221; adl\u0131 \u015fiir kitab\u0131na 6 Nokta Sesli K\u00fct\u00fcphanesi, Bo\u011fazi\u00e7i \u00dcniversitesi G\u00f6rme Engelliler Teknoloji Merkezi K\u00fct\u00fcphanesi ve Milli K\u00fct\u00fcphanenin dijital k\u00fct\u00fcphanelerinden dinleyebilecek.<\/p>\n","protected":false},"excerpt":{"rendered":"<p>MAN\u0130SA&#8217;NIN YUNUSEMRE \u0130L\u00c7ES\u0130NE BA\u011eLI KUYUALAN MAHALLE MUHTARI \u015eADAN \u015eEV\u0130K TARAFINDAN KALEME ALINAN \u015e\u0130\u0130R K\u0130TABI MAN\u0130SA 6 NOKTA K\u00d6RLER DERNE\u011e\u0130 G\u0130R\u0130\u015e\u0130MLER\u0130YLE SESL\u0130 K\u0130TAP HAL\u0130NE GET\u0130R\u0130LEREK G\u00d6RME ENGELL\u0130LER\u0130N D\u0130J\u0130TAL K\u00dcT\u00dcPHANES\u0130NDE YER ALDI.<\/p>\n","protected":false},"author":1,"featured_media":163838,"comment_status":"closed","ping_status":"open","sticky":false,"template":"","format":"standard","meta":{"jetpack_post_was_ever_published":false,"_jetpack_newsletter_access":"","_jetpack_dont_email_post_to_subs":false,"_jetpack_newsletter_tier_id":0,"_jetpack_memberships_contains_paywalled_content":false,"_jetpack_memberships_contains_paid_content":false,"footnotes":"","jetpack_publicize_message":"","jetpack_publicize_feature_enabled":true,"jetpack_social_post_already_shared":true,"jetpack_social_options":{"image_generator_settings":{"template":"highway","default_image_id":0,"font":"","enabled":false},"version":2}},"categories":[656],"tags":[1073,6695,7519,8240,108,1467,3619,19878],"class_list":["post-163837","post","type-post","status-publish","format-standard","has-post-thumbnail","hentry","category-kultur-sanat","tag-ozel","tag-dijital","tag-engellilerin","tag-gorme","tag-kadin","tag-kitabi","tag-kutuphanesinde","tag-muhtarin"],"jetpack_publicize_connections":[],"jetpack_featured_media_url":"https:\/\/i0.wp.com\/www.tvturk.com\/wp-content\/uploads\/2019\/05\/ozel-kadin-muhtarin-kitabi-gorme-engellilerin-dijital-kutuphanesinde_8e0962a.jpg?fit=1000%2C666","jetpack_sharing_enabled":true,"jetpack_shortlink":"https:\/\/wp.me\/paKIfm-GCx","_links":{"self":[{"href":"http:\/\/www.tvturk.com\/index.php\/wp-json\/wp\/v2\/posts\/163837","targetHints":{"allow":["GET"]}}],"collection":[{"href":"http:\/\/www.tvturk.com\/index.php\/wp-json\/wp\/v2\/posts"}],"about":[{"href":"http:\/\/www.tvturk.com\/index.php\/wp-json\/wp\/v2\/types\/post"}],"author":[{"embeddable":true,"href":"http:\/\/www.tvturk.com\/index.php\/wp-json\/wp\/v2\/users\/1"}],"replies":[{"embeddable":true,"href":"http:\/\/www.tvturk.com\/index.php\/wp-json\/wp\/v2\/comments?post=163837"}],"version-history":[{"count":0,"href":"http:\/\/www.tvturk.com\/index.php\/wp-json\/wp\/v2\/posts\/163837\/revisions"}],"wp:featuredmedia":[{"embeddable":true,"href":"http:\/\/www.tvturk.com\/index.php\/wp-json\/wp\/v2\/media\/163838"}],"wp:attachment":[{"href":"http:\/\/www.tvturk.com\/index.php\/wp-json\/wp\/v2\/media?parent=163837"}],"wp:term":[{"taxonomy":"category","embeddable":true,"href":"http:\/\/www.tvturk.com\/index.php\/wp-json\/wp\/v2\/categories?post=163837"},{"taxonomy":"post_tag","embeddable":true,"href":"http:\/\/www.tvturk.com\/index.php\/wp-json\/wp\/v2\/tags?post=163837"}],"curies":[{"name":"wp","href":"https:\/\/api.w.org\/{rel}","templated":true}]}}