{"id":163839,"date":"2019-05-30T11:17:31","date_gmt":"2019-05-30T08:17:31","guid":{"rendered":"http:\/\/www.tvturk.com\/index.php\/kopruleri-tastan-2-kent-34uncu-kez-bulustu\/"},"modified":"2019-05-30T11:17:31","modified_gmt":"2019-05-30T08:17:31","slug":"kopruleri-tastan-2-kent-34uncu-kez-bulustu","status":"publish","type":"post","link":"http:\/\/www.tvturk.com\/index.php\/kopruleri-tastan-2-kent-34uncu-kez-bulustu\/","title":{"rendered":"K\u00f6pr\u00fcleri ta\u015ftan 2 kent 34\u2019\u00fcnc\u00fc kez bulu\u015ftu"},"content":{"rendered":"<p>Mimar Sinan\u2019\u0131n eseri olan muhte\u015fem ta\u015f k\u00f6pr\u00fclere sahip B\u00fcy\u00fck\u00e7ekmece ve Edirne aras\u0131nda 1986 y\u0131l\u0131nda kurulan karde\u015flik k\u00f6pr\u00fcs\u00fcnde 34\u2019\u00fcnc\u00fc bulu\u015fma ger\u00e7ekle\u015fti.<\/p>\n<p>B\u00fcy\u00fck\u00e7ekmece Belediyesi\u2019nin bu y\u0131l 34\u2019\u00fcnc\u00fcs\u00fcn\u00fc d\u00fczenledi\u011fi geleneksel Edirne Ramazan Gezisi 3 bin kad\u0131n ziyaret\u00e7inin kat\u0131l\u0131m\u0131yla ger\u00e7ekle\u015ftirildi.<\/p>\n<p>Akg\u00fcn, Recep G\u00fcrkan\u2019\u0131 makam\u0131nda ziyaret etti<\/p>\n<p>Edirne Belediye Ba\u015fkan\u0131 Recep G\u00fcrkan\u2019\u0131 makam\u0131nda ziyaret eden B\u00fcy\u00fck\u00e7ekmece Belediye Ba\u015fkan\u0131 Dr. Hasan Akg\u00fcn, \u201cEdirne belediye ba\u015fkan\u0131m\u0131z\u0131 3 bin kad\u0131m\u0131zla birlikte ziyarete geldik. Bu geziyi yaparken ayn\u0131 zamanda Ferhat \u015fehrimiz Edirne\u2019nin belediye ba\u015fkan\u0131 dostum, karde\u015fim Recep G\u00fcrkan\u2019\u0131 ziyaret etmek istedik. Tekrar belediye ba\u015fkan\u0131 se\u00e7ilen Recep ba\u015fkan\u0131ma ve Edirne halk\u0131m\u0131za hay\u0131rl\u0131 olsun\u201d ifadesini kulland\u0131.<\/p>\n<p>Edirne Belediye Ba\u015fkan\u0131 Recep G\u00fcrkan, B\u00fcy\u00fck\u00e7ekmece Belediye Ba\u015fkan\u0131 Dr. Hasan Akg\u00fcn\u2019\u00fcn 6\u2019nc\u0131 kez se\u00e7im kazanarak \u00f6nemli bir zafere imza att\u0131\u011f\u0131n\u0131 ve siyasetin alt\u0131n kemerini kazanmaya hak kazand\u0131\u011f\u0131n\u0131 ifade ederek, K\u0131rkp\u0131nar Ba\u015fpehlivanlar\u0131na verilen \u201cAlt\u0131n Kemer\u201d takdim etti. Ferhat \u015fehri Edirne\u2019nin tarihi ve do\u011fal g\u00fczelliklerini heyetiyle birlikte gezen Ba\u015fkan Dr. Hasan Akg\u00fcn, t\u00fcm Edirne halk\u0131na ve esnaf\u0131na ilgilerinden \u00f6t\u00fcr\u00fc te\u015fekk\u00fcr etti.<\/p>\n<p>34 y\u0131ld\u0131r s\u00fcren gelenek<\/p>\n<p>K\u00fclt\u00fcr gezisinin ard\u0131ndan iftar saatinin gelmesiyle birlikte Meri\u00e7 nehri kenar\u0131nda B\u00fcy\u00fck\u00e7ekmeceli kad\u0131nlarla orucunu a\u00e7an Ba\u015fkan Dr. Hasan Akg\u00fcn \u201cEdirne\u2019ye 34\u2019\u00fcnc\u00fc kez geldik. 1986 y\u0131l\u0131ndan beri devam eden bir k\u00fclt\u00fcr gezisidir ve bu gezide ben mutlaka olurum. Ramazan\u0131n 24\u2019\u00fcnc\u00fc g\u00fcn\u00fcnde yapar\u0131z bu geziyi. Bu ak\u015fam Ramazan\u0131n 24\u2019\u00fcnc\u00fc g\u00fcn\u00fc ayn\u0131 zamanda \u0130stanbul\u2019un fethi olmas\u0131 nedeniyle gezi daha bir anlam kazand\u0131. Bu k\u00fclt\u00fcr faaliyetleri Edirne ve B\u00fcy\u00fck\u00e7ekmece aras\u0131nda m\u00fcthi\u015f bir k\u00f6pr\u00fc oldu. Edirne halk\u0131n\u0131n ve esnaf\u0131n\u0131n bekledi\u011fi g\u00fcn oldu. Binlerce kad\u0131n\u0131m\u0131z on binlerce lira para b\u0131rakacak Edirne\u2019ye. \u00d6nce Edirne halk\u0131m\u0131z\u0131n sonra t\u00fcm \u0130slam aleminin Kadir gecelerini ve Ramazan bayram\u0131n\u0131 kutluyorum. Bize bug\u00fcne kadar ilgi ve alakas\u0131n\u0131 esirgemeyen Say\u0131n Recep G\u00fcrkan ba\u015fkan\u0131ma, Edirne Emniyet Te\u015fkilat\u0131na ve memur arkada\u015flar\u0131ma te\u015fekk\u00fcr ediyorum. Allah tuttu\u011funuz oru\u00e7lar\u0131 kabul etsin\u201d ifadesini kulland\u0131.<\/p>\n<p>\u0130ftara kat\u0131lan Edirne Belediye Ba\u015fkan Yard\u0131mc\u0131s\u0131 Sel\u00e7uk \u00c7ak\u0131r, B\u00fcy\u00fck\u00e7ekmeceli kad\u0131nlara Edirne\u2019nin tarihi ve k\u00fclt\u00fcrel yap\u0131s\u0131 hakk\u0131nda bilgi verdi. Ba\u015fkan Akg\u00fcn orucunu a\u00e7t\u0131ktan sonra tarihi Selimiye Cami\u2019de teravih namaz\u0131 k\u0131larak Edirne esnaf\u0131yla sohbet etti.<\/p>\n","protected":false},"excerpt":{"rendered":"<p>M\u0130MAR S\u0130NAN\u2019IN ESER\u0130 OLAN MUHTE\u015eEM TA\u015e K\u00d6PR\u00dcLERE SAH\u0130P B\u00dcY\u00dcK\u00c7EKMECE VE ED\u0130RNE ARASINDA 1986 YILINDA KURULAN KARDE\u015eL\u0130K K\u00d6PR\u00dcS\u00dcNDE 34\u2019\u00dcNC\u00dc BULU\u015eMA GER\u00c7EKLE\u015eT\u0130.<\/p>\n","protected":false},"author":1,"featured_media":163840,"comment_status":"closed","ping_status":"open","sticky":false,"template":"","format":"standard","meta":{"jetpack_post_was_ever_published":false,"_jetpack_newsletter_access":"","_jetpack_dont_email_post_to_subs":false,"_jetpack_newsletter_tier_id":0,"_jetpack_memberships_contains_paywalled_content":false,"_jetpack_memberships_contains_paid_content":false,"footnotes":"","jetpack_publicize_message":"","jetpack_publicize_feature_enabled":true,"jetpack_social_post_already_shared":true,"jetpack_social_options":{"image_generator_settings":{"template":"highway","default_image_id":0,"font":"","enabled":false},"version":2}},"categories":[1],"tags":[38478,389,1966,1497,10712,14559],"class_list":["post-163839","post","type-post","status-publish","format-standard","has-post-thumbnail","hentry","category-genel","tag-34uncu","tag-bulustu","tag-kent","tag-kez","tag-kopruleri","tag-tastan"],"jetpack_publicize_connections":[],"jetpack_featured_media_url":"https:\/\/i0.wp.com\/www.tvturk.com\/wp-content\/uploads\/2019\/05\/kopruleri-tastan-2-kent-34uncu-kez-bulustu_aaa88b4.jpg?fit=1000%2C666","jetpack_sharing_enabled":true,"jetpack_shortlink":"https:\/\/wp.me\/paKIfm-GCz","_links":{"self":[{"href":"http:\/\/www.tvturk.com\/index.php\/wp-json\/wp\/v2\/posts\/163839","targetHints":{"allow":["GET"]}}],"collection":[{"href":"http:\/\/www.tvturk.com\/index.php\/wp-json\/wp\/v2\/posts"}],"about":[{"href":"http:\/\/www.tvturk.com\/index.php\/wp-json\/wp\/v2\/types\/post"}],"author":[{"embeddable":true,"href":"http:\/\/www.tvturk.com\/index.php\/wp-json\/wp\/v2\/users\/1"}],"replies":[{"embeddable":true,"href":"http:\/\/www.tvturk.com\/index.php\/wp-json\/wp\/v2\/comments?post=163839"}],"version-history":[{"count":0,"href":"http:\/\/www.tvturk.com\/index.php\/wp-json\/wp\/v2\/posts\/163839\/revisions"}],"wp:featuredmedia":[{"embeddable":true,"href":"http:\/\/www.tvturk.com\/index.php\/wp-json\/wp\/v2\/media\/163840"}],"wp:attachment":[{"href":"http:\/\/www.tvturk.com\/index.php\/wp-json\/wp\/v2\/media?parent=163839"}],"wp:term":[{"taxonomy":"category","embeddable":true,"href":"http:\/\/www.tvturk.com\/index.php\/wp-json\/wp\/v2\/categories?post=163839"},{"taxonomy":"post_tag","embeddable":true,"href":"http:\/\/www.tvturk.com\/index.php\/wp-json\/wp\/v2\/tags?post=163839"}],"curies":[{"name":"wp","href":"https:\/\/api.w.org\/{rel}","templated":true}]}}