{"id":163883,"date":"2019-05-30T12:18:23","date_gmt":"2019-05-30T09:18:23","guid":{"rendered":"http:\/\/www.tvturk.com\/index.php\/3-gunde-1-bardak-sut-iciyoruz\/"},"modified":"2019-05-30T12:18:23","modified_gmt":"2019-05-30T09:18:23","slug":"3-gunde-1-bardak-sut-iciyoruz","status":"publish","type":"post","link":"http:\/\/www.tvturk.com\/index.php\/3-gunde-1-bardak-sut-iciyoruz\/","title":{"rendered":"3 g\u00fcnde 1 bardak s\u00fct i\u00e7iyoruz"},"content":{"rendered":"<p>S\u00fct \u00fcretiminde d\u00fcnyada ilk 10 \u00fclke aras\u0131nda yer alan T\u00fcrkiye\u2019de ki\u015fi ba\u015f\u0131 ortalama 3 g\u00fcnde 1 bardak s\u00fct i\u00e7iliyor. T\u00fcrkiye\u2019de i\u00e7me s\u00fct\u00fc d\u0131\u015f\u0131nda \u00f6zellikle yo\u011furt ve peynir t\u00fcketimi y\u00fcksek oldu\u011fu i\u00e7in bu rakam art\u0131yor. D\u00fcnya Sa\u011fl\u0131k \u00d6rg\u00fct\u00fc ise her ya\u015ftan bireyin g\u00fcnde 2 bardak s\u00fct i\u00e7mesini \u00f6neriyor.<\/p>\n<p>T\u00fcrkiye \u0130statistik Kurumu (T\u00dc\u0130K) verilerine g\u00f6re, T\u00fcrkiye\u2019de her y\u0131l \u00e7ift\u00e7ilerden yakla\u015f\u0131k 9 milyon ton s\u00fct toplan\u0131yor. \u0130\u015flenen s\u00fctten elde edilen \u00fcr\u00fcnlerin y\u00fczde 36\u2019s\u0131 i\u00e7me s\u00fct\u00fc, y\u00fczde 26\u2019s\u0131 yo\u011furt, y\u00fczde 16,5\u2019i peynir, y\u00fczde 16\u2019s\u0131 ayran, y\u00fczde 4\u2019\u00fc ise tereya\u011f\u0131, s\u00fct tozu ve kremadan olu\u015fuyor. S\u00fct \u00fcretiminde d\u00fcnyada ilk 10 \u00fclke aras\u0131nda yer alan T\u00fcrkiye, t\u00fcketimde ise istenilen seviyeye ula\u015fam\u0131yor. 1 Haziran D\u00fcnya S\u00fct g\u00fcn\u00fc vesilesiyle a\u00e7\u0131klamalarda bulunan \u0130\u00e7im Pazarlama Direkt\u00f6r\u00fc Selin Dora Falay, \u201c\u00dcretimde d\u00fcnyada ilk s\u0131ralarda gelen bir \u00fclkenin t\u00fcketimde de \u00fcst s\u0131ralarda olmas\u0131 beklenir. Ancak \u00fclkemizde i\u00e7me s\u00fct\u00fc t\u00fcketimi Avrupa ortalamas\u0131n\u0131n \u00e7ok alt\u0131nda. Avrupa\u2019da y\u0131lda ki\u015fi ba\u015f\u0131 ortalama 60 litre i\u00e7me s\u00fct\u00fc t\u00fcketilirken, T\u00fcrkiye\u2019de yaln\u0131zca 34 litre s\u00fct i\u00e7iliyor. Ancak T\u00fcrkiye\u2019de i\u00e7me s\u00fct\u00fc d\u0131\u015f\u0131nda \u00f6zellikle yo\u011furt ve peynir t\u00fcketimi y\u00fcksek oldu\u011fu i\u00e7in asl\u0131nda ortalamam\u0131z \u00e7ok daha yukar\u0131larda. Ki\u015fi ba\u015f\u0131na s\u00fct ve s\u00fct \u00fcr\u00fcnleri t\u00fcketimi s\u00fct e\u015fde\u011feri olarak 250 litreyi a\u015f\u0131yor\u201d dedi.<\/p>\n<p>\u201cS\u00fct\u00fc yenilik\u00e7i \u00fcr\u00fcnlerle \u00e7ocuklar\u0131m\u0131za erken ya\u015fta sevdirebiliriz.\u201d<\/p>\n<p>T\u00fcrkiye\u2019deki d\u00fc\u015f\u00fck s\u00fct t\u00fcketiminin inovatif ve fonksiyonel \u00fcr\u00fcnlerle art\u0131r\u0131labilece\u011fini belirten Selin Dora Falay, \u201cS\u00fct\u00fcn faydalar\u0131n\u0131 hepimiz bilmemize ra\u011fmen d\u00fczenli \u015fekilde t\u00fcketmek konusunda \u00e7o\u011fumuz dikkatli ve disiplinli de\u011filiz. D\u00fcnyadaki istatistiklere bak\u0131ld\u0131\u011f\u0131nda T\u00fcrkiye s\u00fct t\u00fcketimi konusunda maalesef listenin olduk\u00e7a a\u015fa\u011f\u0131s\u0131nda. T\u00fcrkiye\u2019nin en b\u00fcy\u00fck s\u00fct ve s\u00fct \u00fcr\u00fcnleri \u00fcreticisi Ak G\u0131da olarak, b\u00fcnyemizde yer alan \u0130\u00e7im markam\u0131zla 16 farkl\u0131 testin ard\u0131ndan titizlikle i\u015fledi\u011fimiz s\u00fct\u00fc olabildi\u011fince \u00e7e\u015fitlendiriyoruz. Bu sayede 7\u2019den 70\u2019e her ya\u015fa hitap ediyor ve \u00f6zellikle \u00e7ocuklar\u0131m\u0131z\u0131n severek i\u00e7meleri i\u00e7in \u00e7al\u0131\u015f\u0131yoruz. Laktozsuz, light, organik, proteinli, \u00e7ikolatal\u0131 ve meyveli s\u00fctler gibi yeni \u00fcr\u00fcn kategorileriyle s\u00fcte olan ilgiyi art\u0131rmay\u0131 hedefliyoruz\u201d dedi. \u00d6zellikle laktozsuz s\u00fct\u00fcn \u00fcr\u00fcn grubuna eklenmesiyle birlikte talep art\u0131\u015f\u0131 ya\u015fad\u0131klar\u0131n\u0131 belirten Falay, \u201cT\u00fcketicinin ihtiyac\u0131na y\u00f6nelik \u00fcretti\u011fimiz \u00fcr\u00fcnlerle pazara yenilik getirirken ayn\u0131 zamanda s\u00fct\u00fcn hitap etti\u011fi kitleyi de geni\u015fletiyoruz. Yeni t\u00fcketim al\u0131\u015fkanl\u0131klar\u0131 kazand\u0131rmak ve s\u00fct\u00fc sevdirmek i\u00e7in taze taze t\u00fcketilebilecek \u00e7ilekli ve \u00e7ikolatal\u0131 g\u00fcnl\u00fck s\u00fct \u00e7e\u015fitlerimizle farkl\u0131 be\u011fenilere hitap ediyoruz. Ayr\u0131ca s\u00fcte kar\u015f\u0131 \u00e7e\u015fitli sebeplerden dolay\u0131 uzak duran t\u00fcketicinin beklentisini ve ihtiyac\u0131n\u0131, sundu\u011fumuz farkl\u0131 i\u015flevsel \u00fcr\u00fcnlerle kar\u015f\u0131l\u0131yoruz.\u201d ifadelerini kulland\u0131.<\/p>\n<p>D\u00fcnya Sa\u011fl\u0131k \u00d6rg\u00fct\u00fc: \u201cS\u00fct beynin ya\u015flanmas\u0131n\u0131 engelliyor\u201d<\/p>\n<p>Birle\u015fmi\u015f Milletler G\u0131da ve Tar\u0131m \u00d6rg\u00fct\u00fc (FAO) \u201c\u0130nsan Beslenmesinde S\u00fct ve S\u00fct \u00dcr\u00fcnlerinin Katk\u0131s\u0131\u201d adl\u0131 \u00e7al\u0131\u015fmas\u0131nda, sa\u011fl\u0131kl\u0131 bir ya\u015fam i\u00e7in gerekli olan kalsiyum, magnezyum, selenyum ve \u00e7inko a\u00e7\u0131s\u0131ndan zengin olan s\u00fct\u00fcn; i\u00e7erdi\u011fi A, C, D, B6 ve B12 ile de \u00f6nemli bir vitamin kayna\u011f\u0131 oldu\u011fu belirtiliyor. D\u00fcnya Sa\u011fl\u0131k \u00d6rg\u00fct\u00fc\u2019n\u00fcn \u00e7al\u0131\u015fmalar\u0131na g\u00f6re, 1 bardak s\u00fct i\u00e7inde geli\u015fme \u00e7a\u011f\u0131ndaki \u00e7ocuklar\u0131n g\u00fcnl\u00fck protein ihtiya\u00e7lar\u0131n\u0131n y\u00fczde 48\u2019ini kar\u015f\u0131l\u0131yor ve her ya\u015ftan bireyin g\u00fcnde 2 bardak s\u00fct i\u00e7mesi \u00f6neriliyor. \u0130\u00e7erdi\u011fi y\u00fcksek proteinle beynin enerji ihtiyac\u0131n\u0131 da kar\u015f\u0131layan s\u00fctte beynin ya\u015flanmas\u0131n\u0131 engelleyen Acety\u0131l Cartinin adl\u0131 madde de bulunuyor.<\/p>\n","protected":false},"excerpt":{"rendered":"<p>S\u00dcT \u00dcRET\u0130M\u0130NDE D\u00dcNYADA \u0130LK 10 \u00dcLKE ARASINDA YER ALAN T\u00dcRK\u0130YE\u2019DE K\u0130\u015e\u0130 BA\u015eI ORTALAMA 3 G\u00dcNDE 1 BARDAK S\u00dcT \u0130\u00c7\u0130L\u0130YOR. T\u00dcRK\u0130YE\u2019DE \u0130\u00c7ME S\u00dcT\u00dc DI\u015eINDA \u00d6ZELL\u0130KLE YO\u011eURT VE PEYN\u0130R T\u00dcKET\u0130M\u0130 Y\u00dcKSEK OLDU\u011eU \u0130\u00c7\u0130N BU RAKAM ARTIYOR. D\u00dcNYA SA\u011eLIK \u00d6RG\u00dcT\u00dc \u0130SE HER YA\u015eTAN B\u0130REY\u0130N G\u00dcNDE 2 BARDAK S\u00dcT \u0130\u00c7MES\u0130N\u0130 \u00d6NER\u0130YOR.<\/p>\n","protected":false},"author":1,"featured_media":163884,"comment_status":"closed","ping_status":"open","sticky":false,"template":"","format":"standard","meta":{"jetpack_post_was_ever_published":false,"_jetpack_newsletter_access":"","_jetpack_dont_email_post_to_subs":false,"_jetpack_newsletter_tier_id":0,"_jetpack_memberships_contains_paywalled_content":false,"_jetpack_memberships_contains_paid_content":false,"footnotes":"","jetpack_publicize_message":"","jetpack_publicize_feature_enabled":true,"jetpack_social_post_already_shared":true,"jetpack_social_options":{"image_generator_settings":{"template":"highway","default_image_id":0,"font":"","enabled":false},"version":2}},"categories":[1],"tags":[36311,6040,38844,4265],"class_list":["post-163883","post","type-post","status-publish","format-standard","has-post-thumbnail","hentry","category-genel","tag-bardak","tag-gunde","tag-iciyoruz","tag-sut"],"jetpack_publicize_connections":[],"jetpack_featured_media_url":"https:\/\/i0.wp.com\/www.tvturk.com\/wp-content\/uploads\/2019\/05\/3-gunde-1-bardak-sut-iciyoruz_5e5f339.jpg?fit=1000%2C666","jetpack_sharing_enabled":true,"jetpack_shortlink":"https:\/\/wp.me\/paKIfm-GDh","_links":{"self":[{"href":"http:\/\/www.tvturk.com\/index.php\/wp-json\/wp\/v2\/posts\/163883","targetHints":{"allow":["GET"]}}],"collection":[{"href":"http:\/\/www.tvturk.com\/index.php\/wp-json\/wp\/v2\/posts"}],"about":[{"href":"http:\/\/www.tvturk.com\/index.php\/wp-json\/wp\/v2\/types\/post"}],"author":[{"embeddable":true,"href":"http:\/\/www.tvturk.com\/index.php\/wp-json\/wp\/v2\/users\/1"}],"replies":[{"embeddable":true,"href":"http:\/\/www.tvturk.com\/index.php\/wp-json\/wp\/v2\/comments?post=163883"}],"version-history":[{"count":0,"href":"http:\/\/www.tvturk.com\/index.php\/wp-json\/wp\/v2\/posts\/163883\/revisions"}],"wp:featuredmedia":[{"embeddable":true,"href":"http:\/\/www.tvturk.com\/index.php\/wp-json\/wp\/v2\/media\/163884"}],"wp:attachment":[{"href":"http:\/\/www.tvturk.com\/index.php\/wp-json\/wp\/v2\/media?parent=163883"}],"wp:term":[{"taxonomy":"category","embeddable":true,"href":"http:\/\/www.tvturk.com\/index.php\/wp-json\/wp\/v2\/categories?post=163883"},{"taxonomy":"post_tag","embeddable":true,"href":"http:\/\/www.tvturk.com\/index.php\/wp-json\/wp\/v2\/tags?post=163883"}],"curies":[{"name":"wp","href":"https:\/\/api.w.org\/{rel}","templated":true}]}}