{"id":163893,"date":"2019-05-30T12:30:15","date_gmt":"2019-05-30T09:30:15","guid":{"rendered":"http:\/\/www.tvturk.com\/index.php\/defineciler-8-asirlik-kilisenin-temellerini-oydu\/"},"modified":"2019-05-30T12:30:15","modified_gmt":"2019-05-30T09:30:15","slug":"defineciler-8-asirlik-kilisenin-temellerini-oydu","status":"publish","type":"post","link":"http:\/\/www.tvturk.com\/index.php\/defineciler-8-asirlik-kilisenin-temellerini-oydu\/","title":{"rendered":"Defineciler 8 as\u0131rl\u0131k kilisenin temellerini oydu"},"content":{"rendered":"<p>Sivas\u2019\u0131n Su\u015fehri il\u00e7esi s\u0131n\u0131rlar\u0131 i\u00e7erisinde yer alan 8 as\u0131rl\u0131k \u00c7ataloluk kilisesi, definecilerin verdi\u011fi tahribat y\u00fcz\u00fcnden tamamen y\u0131k\u0131lma tehlikesi ile kar\u015f\u0131 kar\u015f\u0131ya.<\/p>\n<p>Defineciler, Sivas\u2019\u0131n Su\u015fehri il\u00e7esi \u00c7ataloluk k\u00f6y\u00fcnde bulunan tarihi kiliseyi tahrip etmeye deva ediyor. Kilisenin her yan\u0131n\u0131 delik de\u015fik eden defineciler, kilisenin ayakta kalmay\u0131 ba\u015faran direklerinin de alt\u0131n\u0131 oydular. Alt\u0131 oyulan direkler ayakta g\u00fc\u00e7l\u00fckle ayakta dururken kilise ise tamamen y\u0131k\u0131lma tehlikesi ile kar\u015f\u0131 kar\u015f\u0131ya.<\/p>\n<p>K\u00f6y sakinleri defineciler s\u00fcrekli kiliseye hazine arad\u0131\u011f\u0131n\u0131, kilise duvarlar\u0131na ve temellerine zarar verdiklerini belertip tedbir al\u0131nmas\u0131n\u0131 istediler.<\/p>\n<p>\u00c7ataloluk k\u00f6y\u00fcnde 700 ile 800 y\u0131l \u00f6nce in\u015fa edildi\u011fi d\u00fc\u015f\u00fcn\u00fclen kilisenin Anadolu\u2019ya ilk giren T\u00fcrkler taraf\u0131ndan da kullan\u0131ld\u0131\u011f\u0131 d\u00fc\u015f\u00fcn\u00fcl\u00fcyor. Kilise, Kayseri K\u00fclt\u00fcr ve Tabiat Varl\u0131klar\u0131n\u0131 Koruma Kurulu taraf\u0131ndan 1989 y\u0131l\u0131nda 433 say\u0131l\u0131 karar\u0131yla tescil edilerek koruma alt\u0131na al\u0131nd\u0131.<\/p>\n","protected":false},"excerpt":{"rendered":"<p>S\u0130VAS\u2019IN SU\u015eEHR\u0130 \u0130L\u00c7ES\u0130 SINIRLARI \u0130\u00c7ER\u0130S\u0130NDE YER ALAN 8 ASIRLIK \u00c7ATALOLUK K\u0130L\u0130SES\u0130, DEF\u0130NEC\u0130LER\u0130N VERD\u0130\u011e\u0130 TAHR\u0130BAT Y\u00dcZ\u00dcNDEN TAMAMEN YIKILMA TEHL\u0130KES\u0130 \u0130LE KAR\u015eI KAR\u015eIYA.<\/p>\n","protected":false},"author":1,"featured_media":163894,"comment_status":"closed","ping_status":"open","sticky":false,"template":"","format":"standard","meta":{"jetpack_post_was_ever_published":false,"_jetpack_newsletter_access":"","_jetpack_dont_email_post_to_subs":false,"_jetpack_newsletter_tier_id":0,"_jetpack_memberships_contains_paywalled_content":false,"_jetpack_memberships_contains_paid_content":false,"footnotes":"","jetpack_publicize_message":"","jetpack_publicize_feature_enabled":true,"jetpack_social_post_already_shared":true,"jetpack_social_options":{"image_generator_settings":{"template":"highway","default_image_id":0,"font":"","enabled":false},"version":2}},"categories":[1],"tags":[3115,17548,30585,38850,38849],"class_list":["post-163893","post","type-post","status-publish","format-standard","has-post-thumbnail","hentry","category-genel","tag-asirlik","tag-defineciler","tag-kilisenin","tag-oydu","tag-temellerini"],"jetpack_publicize_connections":[],"jetpack_featured_media_url":"https:\/\/i0.wp.com\/www.tvturk.com\/wp-content\/uploads\/2019\/05\/defineciler-8-asirlik-kilisenin-temellerini-oydu_527f2b5.jpg?fit=1000%2C666","jetpack_sharing_enabled":true,"jetpack_shortlink":"https:\/\/wp.me\/paKIfm-GDr","_links":{"self":[{"href":"http:\/\/www.tvturk.com\/index.php\/wp-json\/wp\/v2\/posts\/163893","targetHints":{"allow":["GET"]}}],"collection":[{"href":"http:\/\/www.tvturk.com\/index.php\/wp-json\/wp\/v2\/posts"}],"about":[{"href":"http:\/\/www.tvturk.com\/index.php\/wp-json\/wp\/v2\/types\/post"}],"author":[{"embeddable":true,"href":"http:\/\/www.tvturk.com\/index.php\/wp-json\/wp\/v2\/users\/1"}],"replies":[{"embeddable":true,"href":"http:\/\/www.tvturk.com\/index.php\/wp-json\/wp\/v2\/comments?post=163893"}],"version-history":[{"count":0,"href":"http:\/\/www.tvturk.com\/index.php\/wp-json\/wp\/v2\/posts\/163893\/revisions"}],"wp:featuredmedia":[{"embeddable":true,"href":"http:\/\/www.tvturk.com\/index.php\/wp-json\/wp\/v2\/media\/163894"}],"wp:attachment":[{"href":"http:\/\/www.tvturk.com\/index.php\/wp-json\/wp\/v2\/media?parent=163893"}],"wp:term":[{"taxonomy":"category","embeddable":true,"href":"http:\/\/www.tvturk.com\/index.php\/wp-json\/wp\/v2\/categories?post=163893"},{"taxonomy":"post_tag","embeddable":true,"href":"http:\/\/www.tvturk.com\/index.php\/wp-json\/wp\/v2\/tags?post=163893"}],"curies":[{"name":"wp","href":"https:\/\/api.w.org\/{rel}","templated":true}]}}