{"id":163903,"date":"2019-05-30T12:43:55","date_gmt":"2019-05-30T09:43:55","guid":{"rendered":"http:\/\/www.tvturk.com\/index.php\/dunyanin-en-kucuk-bebegi-yasam-mucadelesini-kazandi\/"},"modified":"2019-05-30T12:43:55","modified_gmt":"2019-05-30T09:43:55","slug":"dunyanin-en-kucuk-bebegi-yasam-mucadelesini-kazandi","status":"publish","type":"post","link":"http:\/\/www.tvturk.com\/index.php\/dunyanin-en-kucuk-bebegi-yasam-mucadelesini-kazandi\/","title":{"rendered":"D\u00fcnyan\u0131n en k\u00fc\u00e7\u00fck bebe\u011fi ya\u015fam m\u00fccadelesini kazand\u0131"},"content":{"rendered":"<p>ABD\u2019nin Kaliforniya eyaletinde bir hastanede 23 hafta 3 g\u00fcnl\u00fckken 245 gram olarak do\u011fan d\u00fcnyan\u0131n en k\u00fc\u00e7\u00fck bebe\u011fi Saybie ya\u015fam m\u00fccadelesini kazand\u0131.<\/p>\n<p>ABD\u2019nin Kaliforniya eyaletine ba\u011fl\u0131 San Diego \u015fehrindeki Sharp Mary Birch Hastanesinde 23 hafta 3 g\u00fcnl\u00fckken 245 gram olarak d\u00fcnyaya gelen Saybie takma adl\u0131 d\u00fcnyan\u0131n en k\u00fc\u00e7\u00fck bebe\u011fi hayata tutundu. Saybie do\u011fduktan sonra doktorlar babas\u0131na k\u0131z\u0131 \u00f6lmeden \u00f6nce onunla ge\u00e7irece\u011fi bir saati oldu\u011funu s\u00f6yledi. Ancak hayata tutunan minik bebek, yenido\u011fan yo\u011fun bak\u0131m \u00fcnitesinde yakla\u015f\u0131k be\u015f ay kald\u0131ktan sonra bu ay\u0131n ba\u015f\u0131nda 2.2 kilogram olarak taburcu edildi.<\/p>\n<p>Doktorlar, Aral\u0131k ay\u0131nda anne 23 hafta 3 g\u00fcnl\u00fck hamileyken \u00fc\u00e7 g\u00fcn boyunca hayat\u0131n\u0131 tehlikeye sokan \u015fiddetli hamilelik komplikasyonlar\u0131 nedeniyle sezaryenle do\u011fum yapt\u0131\u011f\u0131n\u0131 s\u00f6ylediler. Doktorlar, Saybie\u2019nin sava\u015f\u00e7\u0131 olmas\u0131n\u0131n yan\u0131 s\u0131ra do\u011fumdan sonra ciddi bir komplikasyona maruz kalmamas\u0131 sayesinde hayatta kald\u0131\u011f\u0131n\u0131 dile getirdiler.<\/p>\n<p>Kim Norby adl\u0131 hem\u015fire, &#8220;O bir mucize, bu kesin. K\u00fc\u00e7\u00fck ama g\u00fc\u00e7l\u00fc&#8221; dedi. Hem\u015fire Emma Wiest ise, Saybie\u2019nin do\u011fdu\u011funda \u00e7ok k\u00fc\u00e7\u00fck oldu\u011funu ve yatakta zorlukla g\u00f6rebildi\u011fini anlatarak, &#8220;\u00c7ok k\u00fc\u00e7\u00fck bir bebe\u011fimizin oldu\u011funu duydum ve inan\u0131lmaz geliyordu. \u00c7\u00fcnk\u00fc 23 haftal\u0131k, normal a\u011f\u0131rl\u0131\u011f\u0131n yar\u0131s\u0131 kadard\u0131&#8221; diye konu\u015ftu.<\/p>\n<p>Kimli\u011finin gizli kalmas\u0131n\u0131 isteyen Saybie\u2019nin annesi, do\u011fumun hayat\u0131n\u0131n en korkun\u00e7 g\u00fcn\u00fc oldu\u011funu s\u00f6yledi. Hastaland\u0131ktan sonra hastaneye ko\u015ftu\u011funu ve hem kendisinin hem de bebe\u011finin hayat\u0131n\u0131 riske sokan \u00e7ok y\u00fcksek tansiyonla olu\u015fan preeklampsiye sahip oldu\u011funu anlatan anne, &#8220;Doktorlara onun hayatta kalamayaca\u011f\u0131n\u0131 s\u00f6yledim ancak onlar h\u0131zl\u0131 bir \u015fekilde beni sezaryene ald\u0131lar&#8221; dedi.<\/p>\n<p>Anne, hastane taraf\u0131ndan yay\u0131nlanan videoda ise do\u011fduktan sonra doktorlar\u0131n bebe\u011fin bir saati oldu\u011funu s\u00f6ylediklerini anlatarak, &#8220;O bir saat 2 saate, 2 saat ise 1 g\u00fcne \u00e7\u0131kt\u0131&#8221; ifadelerini kulland\u0131.<\/p>\n","protected":false},"excerpt":{"rendered":"<p>ABD&#8217;N\u0130N KAL\u0130FORN\u0130YA EYALET\u0130NDE B\u0130R HASTANEDE 23 HAFTA 3 G\u00dcNL\u00dcK HAM\u0130LEL\u0130KTEN 245 GRAM OLARAK DO\u011eAN D\u00dcNYANIN EN K\u00dc\u00c7\u00dcK BEBE\u011e\u0130 SAYB\u0130E YA\u015eAM M\u00dcCADELES\u0130N\u0130 KAZANDI.<\/p>\n","protected":false},"author":1,"featured_media":163904,"comment_status":"closed","ping_status":"open","sticky":false,"template":"","format":"standard","meta":{"jetpack_post_was_ever_published":false,"_jetpack_newsletter_access":"","_jetpack_dont_email_post_to_subs":false,"_jetpack_newsletter_tier_id":0,"_jetpack_memberships_contains_paywalled_content":false,"_jetpack_memberships_contains_paid_content":false,"footnotes":"","jetpack_publicize_message":"","jetpack_publicize_feature_enabled":true,"jetpack_social_post_already_shared":true,"jetpack_social_options":{"image_generator_settings":{"template":"highway","default_image_id":0,"font":"","enabled":false},"version":2}},"categories":[10],"tags":[892,1197,3801,1166,13602,294],"class_list":["post-163903","post","type-post","status-publish","format-standard","has-post-thumbnail","hentry","category-dunya","tag-bebegi","tag-dunyanin","tag-kazandi","tag-kucuk","tag-mucadelesini","tag-yasam"],"jetpack_publicize_connections":[],"jetpack_featured_media_url":"https:\/\/i0.wp.com\/www.tvturk.com\/wp-content\/uploads\/2019\/05\/dunyanin-en-kucuk-bebegi-yasam-mucadelesini-kazandi_7d77ca2.jpg?fit=1000%2C648","jetpack_sharing_enabled":true,"jetpack_shortlink":"https:\/\/wp.me\/paKIfm-GDB","_links":{"self":[{"href":"http:\/\/www.tvturk.com\/index.php\/wp-json\/wp\/v2\/posts\/163903","targetHints":{"allow":["GET"]}}],"collection":[{"href":"http:\/\/www.tvturk.com\/index.php\/wp-json\/wp\/v2\/posts"}],"about":[{"href":"http:\/\/www.tvturk.com\/index.php\/wp-json\/wp\/v2\/types\/post"}],"author":[{"embeddable":true,"href":"http:\/\/www.tvturk.com\/index.php\/wp-json\/wp\/v2\/users\/1"}],"replies":[{"embeddable":true,"href":"http:\/\/www.tvturk.com\/index.php\/wp-json\/wp\/v2\/comments?post=163903"}],"version-history":[{"count":0,"href":"http:\/\/www.tvturk.com\/index.php\/wp-json\/wp\/v2\/posts\/163903\/revisions"}],"wp:featuredmedia":[{"embeddable":true,"href":"http:\/\/www.tvturk.com\/index.php\/wp-json\/wp\/v2\/media\/163904"}],"wp:attachment":[{"href":"http:\/\/www.tvturk.com\/index.php\/wp-json\/wp\/v2\/media?parent=163903"}],"wp:term":[{"taxonomy":"category","embeddable":true,"href":"http:\/\/www.tvturk.com\/index.php\/wp-json\/wp\/v2\/categories?post=163903"},{"taxonomy":"post_tag","embeddable":true,"href":"http:\/\/www.tvturk.com\/index.php\/wp-json\/wp\/v2\/tags?post=163903"}],"curies":[{"name":"wp","href":"https:\/\/api.w.org\/{rel}","templated":true}]}}