{"id":163907,"date":"2019-05-30T12:46:36","date_gmt":"2019-05-30T09:46:36","guid":{"rendered":"http:\/\/www.tvturk.com\/index.php\/eskisehirde-deniz-sezonu-icin-geri-sayim-basladi\/"},"modified":"2019-05-30T12:46:36","modified_gmt":"2019-05-30T09:46:36","slug":"eskisehirde-deniz-sezonu-icin-geri-sayim-basladi","status":"publish","type":"post","link":"http:\/\/www.tvturk.com\/index.php\/eskisehirde-deniz-sezonu-icin-geri-sayim-basladi\/","title":{"rendered":"Eski\u015fehir\u2019de deniz sezonu i\u00e7in geri say\u0131m ba\u015flad\u0131!"},"content":{"rendered":"<p>\u2019Bozk\u0131r\u0131n ortas\u0131ndaki deniz\u2019 olarak nitelendirilen ve her y\u0131l binlerce ziyaret\u00e7iyi a\u011f\u0131rlayan Eski\u015fehir Kent Park Plaj\u0131\u2019nda sezon a\u00e7\u0131l\u0131yor.<\/p>\n<p>Ba\u015fta \u0130\u00e7 Anadolu B\u00f6lgesi olmak \u00fczere T\u00fcrkiye\u2019nin bir\u00e7ok b\u00f6lgesinden kenti ziyaret eden vatanda\u015flar, s\u0131cak yaz aylar\u0131nda Eski\u015fehir\u2019in yapay denizinde serinleme f\u0131rsat\u0131 buluyor. 10 y\u0131l \u00f6nce faaliyete ge\u00e7irilen Kent Park Plaj\u0131, Haziran ay\u0131 itibariyle ziyaret\u00e7ilerine kap\u0131lar\u0131n\u0131 a\u00e7\u0131yor. T\u00fcm haz\u0131rl\u0131klar\u0131 tamamlanan ve 1 bu\u00e7uk metre derinli\u011fe sahip olan yapay denizde, olumsuz durumlara kar\u015f\u0131 sa\u011fl\u0131k g\u00f6revlileri ve 10 ki\u015filik cankurtaran ekibi haz\u0131r bekliyor.<\/p>\n<p>&#8220;Bu sene g\u00fczel bir yaz ge\u00e7mesini bekliyoruz&#8221;<\/p>\n<p>Ge\u00e7en y\u0131la g\u00f6re sezonun daha erken a\u00e7\u0131lmas\u0131ndan duyduklar\u0131 memnuniyeti dile getiren Plaj Sorumlusu Osman \u00c7\u0131rak, hava durumunun gidi\u015fat\u0131na g\u00f6re bu y\u0131l vatanda\u015flar\u0131 uzun bir sezonun bekledi\u011fini belirtti. \u00c7\u0131rak, gelen ziyaret\u00e7ilerin y\u00fczde 80\u2019inin tesisten memnun olduklar\u0131n\u0131 ifade eden Osman \u00c7\u0131rak, \u201cTesisimizin hemen her yerinde bak\u0131mlar\u0131 yap\u0131ld\u0131. Ge\u00e7en sene kum de\u011fi\u015fikti kumu da yeniledik. Gerekli i\u015flemleri, t\u00fcm bak\u0131mlar\u0131 yapt\u0131k. Halk\u0131m\u0131za hizmet vermek i\u00e7in 1 Haziran\u2019da buraday\u0131z. Hava s\u0131cak olursa di\u011fer illerden gelen misafir say\u0131m\u0131z daha yo\u011fun oluyor. Hava ko\u015fullar\u0131 k\u00f6t\u00fc oldu\u011funda daha d\u00fc\u015f\u00fck oluyor. Bu sene g\u00fczel bir yaz ge\u00e7mesini bekliyoruz&#8221; dedi.<\/p>\n<p>\u201cVatanda\u015flar\u0131m\u0131z\u0131n temiz ve hijyenik bir ortamda suya girebilmeleri i\u00e7in u\u011fra\u015f\u0131yoruz\u201d<\/p>\n<p>Plaj suyunun temiz olmad\u0131\u011f\u0131 y\u00f6n\u00fcndeki iddialar\u0131n do\u011fru olmad\u0131\u011f\u0131n\u0131 belirten Plaj Sorumlusu Osman \u00c7\u0131rak, a\u00e7\u0131klamas\u0131n\u0131 \u015f\u00f6yle s\u00fcrd\u00fcrd\u00fc;<\/p>\n<p>&#8220;Suyun hijyenik olmad\u0131\u011f\u0131 ya da temiz olmad\u0131\u011f\u0131 gibi iddialar\u0131n as\u0131ls\u0131z. Kesinlikle \u00f6yle bir \u015fey yok. Burada g\u00fcnde 3 defa elektronik cihazlarla \u00f6l\u00e7\u00fcm al\u0131n\u0131yor. Zaten sezon ba\u015flamadan \u00f6nce biz bu konularda b\u00fct\u00fcn haz\u0131rl\u0131klar\u0131 yap\u0131yoruz. Bak\u0131m ve temizlik konusunda halk\u0131m\u0131z\u0131n teredd\u00fct etmemesini istiyoruz. Gayet temiz ve hijyenik bir ortamda suya girebilmeleri i\u00e7in u\u011fra\u015f\u0131yoruz. Gelen ziyaret\u00e7ilerimizin y\u00fczde 80\u2019i b\u00f6yle bir tesis oldu\u011fu i\u00e7in \u00e7ok memnun. Herkes ke\u015fke bizimde b\u00f6yle bir yerimiz olsa diyor, en \u00e7ok bunu duyuyoruz. Buradan te\u015fekk\u00fcr ederek ayr\u0131l\u0131yorlar\u201d dedi.<\/p>\n","protected":false},"excerpt":{"rendered":"<p>BOZKIRIN ORTASINDAK\u0130 DEN\u0130Z OLARAK N\u0130TELEND\u0130R\u0130LEN VE HER YIL B\u0130NLERCE Z\u0130YARET\u00c7\u0130Y\u0130 A\u011eIRLAYAN ESK\u0130\u015eEH\u0130R KENT PARK PLAJI\u2019NDA SEZON A\u00c7ILIYOR.<\/p>\n","protected":false},"author":1,"featured_media":163908,"comment_status":"closed","ping_status":"open","sticky":false,"template":"","format":"standard","meta":{"jetpack_post_was_ever_published":false,"_jetpack_newsletter_access":"","_jetpack_dont_email_post_to_subs":false,"_jetpack_newsletter_tier_id":0,"_jetpack_memberships_contains_paywalled_content":false,"_jetpack_memberships_contains_paid_content":false,"footnotes":"","jetpack_publicize_message":"","jetpack_publicize_feature_enabled":true,"jetpack_social_post_already_shared":true,"jetpack_social_options":{"image_generator_settings":{"template":"highway","default_image_id":0,"font":"","enabled":false},"version":2}},"categories":[1],"tags":[55,1471,5963,592,44,5604,6296],"class_list":["post-163907","post","type-post","status-publish","format-standard","has-post-thumbnail","hentry","category-genel","tag-basladi","tag-deniz","tag-eskisehirde","tag-geri","tag-icin","tag-sayim","tag-sezonu"],"jetpack_publicize_connections":[],"jetpack_featured_media_url":"https:\/\/i0.wp.com\/www.tvturk.com\/wp-content\/uploads\/2019\/05\/eskisehirde-deniz-sezonu-icin-geri-sayim-basladi_7ee3d8e.jpg?fit=1000%2C562","jetpack_sharing_enabled":true,"jetpack_shortlink":"https:\/\/wp.me\/paKIfm-GDF","_links":{"self":[{"href":"http:\/\/www.tvturk.com\/index.php\/wp-json\/wp\/v2\/posts\/163907","targetHints":{"allow":["GET"]}}],"collection":[{"href":"http:\/\/www.tvturk.com\/index.php\/wp-json\/wp\/v2\/posts"}],"about":[{"href":"http:\/\/www.tvturk.com\/index.php\/wp-json\/wp\/v2\/types\/post"}],"author":[{"embeddable":true,"href":"http:\/\/www.tvturk.com\/index.php\/wp-json\/wp\/v2\/users\/1"}],"replies":[{"embeddable":true,"href":"http:\/\/www.tvturk.com\/index.php\/wp-json\/wp\/v2\/comments?post=163907"}],"version-history":[{"count":0,"href":"http:\/\/www.tvturk.com\/index.php\/wp-json\/wp\/v2\/posts\/163907\/revisions"}],"wp:featuredmedia":[{"embeddable":true,"href":"http:\/\/www.tvturk.com\/index.php\/wp-json\/wp\/v2\/media\/163908"}],"wp:attachment":[{"href":"http:\/\/www.tvturk.com\/index.php\/wp-json\/wp\/v2\/media?parent=163907"}],"wp:term":[{"taxonomy":"category","embeddable":true,"href":"http:\/\/www.tvturk.com\/index.php\/wp-json\/wp\/v2\/categories?post=163907"},{"taxonomy":"post_tag","embeddable":true,"href":"http:\/\/www.tvturk.com\/index.php\/wp-json\/wp\/v2\/tags?post=163907"}],"curies":[{"name":"wp","href":"https:\/\/api.w.org\/{rel}","templated":true}]}}