{"id":163921,"date":"2019-05-30T13:08:57","date_gmt":"2019-05-30T10:08:57","guid":{"rendered":"http:\/\/www.tvturk.com\/index.php\/iki-ve-sergisi-maltepede-acildi\/"},"modified":"2019-05-30T13:08:57","modified_gmt":"2019-05-30T10:08:57","slug":"iki-ve-sergisi-maltepede-acildi","status":"publish","type":"post","link":"http:\/\/www.tvturk.com\/index.php\/iki-ve-sergisi-maltepede-acildi\/","title":{"rendered":"\u2018\u0130ki Ve\u2019 sergisi Maltepe\u2019de a\u00e7\u0131ld\u0131"},"content":{"rendered":"<p>Emekli elektrik m\u00fchendisi ve ressam, cam-seramik sanat\u00e7\u0131s\u0131 Ay\u00e7a \u00d6za\u011fa\u00e7\u2019\u0131n \u2019\u0130ki Ve\u2019 isimli resim sergisi, Maltepe Belediyesi Prof. Dr. T\u00fcrkan Saylan K\u00fclt\u00fcr Merkezi\u2019nde a\u00e7\u0131ld\u0131.<\/p>\n<p>2017 y\u0131l\u0131nda \u2019Bir Ve\u2019 isimli ilk ki\u015fisel sergisinin ard\u0131ndan ikinci sergisini T\u00fcrkan Saylan K\u00fclt\u00fcr Merkezi\u2019nde sanatseverler ile bulu\u015fturan ressam Ay\u00e7a \u00d6za\u011fa\u00e7, \u201cSergimde iki y\u0131l boyunca yeni \u00fcrettiklerim ve bu sergide bulunmas\u0131n\u0131 uygun g\u00f6rd\u00fc\u011f\u00fcm, daha \u00f6nce sergilenmemi\u015f eski \u00e7al\u0131\u015fmalar\u0131m yer ald\u0131. Sergimde hayat\u0131ma dair \u00f6yk\u00fcler bulunuyor. Bu asl\u0131nda dar \u00e7er\u00e7evede \u00e7o\u011fumuzun \u00f6yk\u00fcs\u00fc\u201d dedi.<\/p>\n<p>Sergide sanat\u00e7\u0131n\u0131n ya\u011fl\u0131 boya ve sulu boya eserlerinden olu\u015fan portre, peyzaj ve soyut resim \u00e7al\u0131\u015fmalar\u0131 yer ald\u0131. \u00d6za\u011fa\u00e7 sergisinde, T\u00fcrkiye Cumhuriyeti\u2019nin kurucusu Mustafa Kemal Atat\u00fcrk\u2019\u00fcn portre eserine de yer verdi. Sanat\u00e7\u0131n\u0131n Audrey Hepburn\u2019un rol ald\u0131\u011f\u0131 \u201cTiffany\u2019de Kahvalt\u0131\u201d isimli 1961 ABD yap\u0131m\u0131 filmden bir sahne resmetti\u011fi eseri de b\u00fcy\u00fck ilgi toplad\u0131.<\/p>\n<p>Cam objeleri sanat eserine \u00e7evirdi<\/p>\n<p>Sanat\u00e7\u0131n\u0131n cam objeleri sanat eserine \u00e7evirdi\u011fi \u00f6zg\u00fcn tasar\u0131mlar\u0131, akrilik ve vitray \u00fczerine resim \u00e7al\u0131\u015fmalar\u0131 sanatseverlerin be\u011fenisini toplad\u0131. \u00d6za\u011fa\u00e7\u2019\u0131n sergisi 3 Haziran\u2019a kadar Galeri Maltepe\u2019de sanatseverlerin ziyaretine a\u00e7\u0131k olacak.<\/p>\n","protected":false},"excerpt":{"rendered":"<p>EMEKL\u0130 ELEKTR\u0130K M\u00dcHEND\u0130S\u0130 VE RESSAM, CAM-SERAM\u0130K SANAT\u00c7ISI AY\u00c7A \u00d6ZA\u011eA\u00c7\u2019IN &#8216;\u0130K\u0130 VE&#8217; \u0130S\u0130ML\u0130 RES\u0130M SERG\u0130S\u0130, MALTEPE BELED\u0130YES\u0130 PROF. DR. T\u00dcRKAN SAYLAN K\u00dcLT\u00dcR MERKEZ\u0130\u2019NDE A\u00c7ILDI.<\/p>\n","protected":false},"author":1,"featured_media":163922,"comment_status":"closed","ping_status":"open","sticky":false,"template":"","format":"standard","meta":{"jetpack_post_was_ever_published":false,"_jetpack_newsletter_access":"","_jetpack_dont_email_post_to_subs":false,"_jetpack_newsletter_tier_id":0,"_jetpack_memberships_contains_paywalled_content":false,"_jetpack_memberships_contains_paid_content":false,"footnotes":"","jetpack_publicize_message":"","jetpack_publicize_feature_enabled":true,"jetpack_social_post_already_shared":true,"jetpack_social_options":{"image_generator_settings":{"template":"highway","default_image_id":0,"font":"","enabled":false},"version":2}},"categories":[656],"tags":[288,1220,4252,1335,38860],"class_list":["post-163921","post","type-post","status-publish","format-standard","has-post-thumbnail","hentry","category-kultur-sanat","tag-acildi","tag-iki","tag-maltepede","tag-sergisi","tag-ve"],"jetpack_publicize_connections":[],"jetpack_featured_media_url":"https:\/\/i0.wp.com\/www.tvturk.com\/wp-content\/uploads\/2019\/05\/iki-ve-sergisi-maltepede-acildi_5bc903a.jpg?fit=1000%2C666","jetpack_sharing_enabled":true,"jetpack_shortlink":"https:\/\/wp.me\/paKIfm-GDT","_links":{"self":[{"href":"http:\/\/www.tvturk.com\/index.php\/wp-json\/wp\/v2\/posts\/163921","targetHints":{"allow":["GET"]}}],"collection":[{"href":"http:\/\/www.tvturk.com\/index.php\/wp-json\/wp\/v2\/posts"}],"about":[{"href":"http:\/\/www.tvturk.com\/index.php\/wp-json\/wp\/v2\/types\/post"}],"author":[{"embeddable":true,"href":"http:\/\/www.tvturk.com\/index.php\/wp-json\/wp\/v2\/users\/1"}],"replies":[{"embeddable":true,"href":"http:\/\/www.tvturk.com\/index.php\/wp-json\/wp\/v2\/comments?post=163921"}],"version-history":[{"count":0,"href":"http:\/\/www.tvturk.com\/index.php\/wp-json\/wp\/v2\/posts\/163921\/revisions"}],"wp:featuredmedia":[{"embeddable":true,"href":"http:\/\/www.tvturk.com\/index.php\/wp-json\/wp\/v2\/media\/163922"}],"wp:attachment":[{"href":"http:\/\/www.tvturk.com\/index.php\/wp-json\/wp\/v2\/media?parent=163921"}],"wp:term":[{"taxonomy":"category","embeddable":true,"href":"http:\/\/www.tvturk.com\/index.php\/wp-json\/wp\/v2\/categories?post=163921"},{"taxonomy":"post_tag","embeddable":true,"href":"http:\/\/www.tvturk.com\/index.php\/wp-json\/wp\/v2\/tags?post=163921"}],"curies":[{"name":"wp","href":"https:\/\/api.w.org\/{rel}","templated":true}]}}