{"id":163935,"date":"2019-05-30T13:21:29","date_gmt":"2019-05-30T10:21:29","guid":{"rendered":"http:\/\/www.tvturk.com\/index.php\/antalyada-kadinlar-plaji-yaz-sezonunu-aciyor\/"},"modified":"2019-05-30T13:21:29","modified_gmt":"2019-05-30T10:21:29","slug":"antalyada-kadinlar-plaji-yaz-sezonunu-aciyor","status":"publish","type":"post","link":"http:\/\/www.tvturk.com\/index.php\/antalyada-kadinlar-plaji-yaz-sezonunu-aciyor\/","title":{"rendered":"Antalya\u2019da kad\u0131nlar plaj\u0131 yaz sezonunu a\u00e7\u0131yor"},"content":{"rendered":"<p>Antalya B\u00fcy\u00fck\u015fehir Belediyesinin Sar\u0131su Mesire Alan\u0131\u2019nda yapt\u0131\u011f\u0131 kad\u0131nlar plaj\u0131 yaz sezonunu a\u00e7\u0131yor. Turistlerin de ilgi g\u00f6sterdi\u011fi plaj, artan turizm verileri ve bayram tatilinin de etkisiyle rekor ziyaret\u00e7i say\u0131s\u0131na imza atmay\u0131 hedefliyor.<\/p>\n<p>Antalya B\u00fcy\u00fck\u015fehir Belediyesi taraf\u0131ndan 2014 y\u0131l\u0131nda Konyaalt\u0131 il\u00e7esine ba\u011fl\u0131 Sar\u0131su Mahallesi\u2019nde 72 d\u00f6n\u00fcml\u00fck alanda a\u00e7\u0131lan kad\u0131nlar plaj\u0131, bu y\u0131l sezonu 1 Haziran Cumartesi g\u00fcn\u00fc a\u00e7\u0131yor. Bak\u0131m ve onar\u0131m \u00e7al\u0131\u015fmalar\u0131n\u0131n y\u00fczde 90 tamamland\u0131\u011f\u0131 plajda yerli ve yabanc\u0131 turistler a\u00e7\u0131l\u0131\u015f\u0131 beklemeden deniz ve g\u00fcne\u015fin keyfini \u00e7\u0131kartmaya \u015fimdiden ba\u015flad\u0131. Giri\u015flerin \u00fccretsiz oldu\u011fu plaj, 15 Ekim\u2019de yaz sezonunu kapatacak ancak sezon boyunca a\u00e7\u0131k kalacak. T\u00fcm sahil personellerinin kad\u0131nlardan olu\u015ftu\u011fu plajda 13 g\u00fcvenlik personeli, 2 cankurtaran ve 6 temizlik g\u00f6revlisi bulunuyor. Turistlerin de ilgi g\u00f6sterdi\u011fi ve her ge\u00e7en y\u0131l ziyaret\u00e7i say\u0131s\u0131nda art\u0131\u015f ya\u015fanan plaj\u0131n artan turizm verileri ve bayram tatili g\u00f6z \u00f6n\u00fcne al\u0131narak bu y\u0131l rekor ziyaret\u00e7i say\u0131s\u0131na ula\u015fmas\u0131 bekleniyor.<\/p>\n<p>Sezon haz\u0131rl\u0131klar\u0131na bir ay \u00f6nce ba\u015flad\u0131klar\u0131n\u0131 belirten Anet Sar\u0131su \u015eube M\u00fcd\u00fcr\u00fc Cengiz Kocao\u011flu, plaj\u0131n son durumuyla ilgili bilgiler verdi. 1 Haziran\u2019da sezonu a\u00e7acaklar\u0131n\u0131 ifade eden Kocao\u011flu, &#8220;15 Ekim tarihinde yaz sezonunu kapataca\u011f\u0131z. Sabah 08.00-21.00 saatleri aras\u0131nda sadece kad\u0131n ziyaret\u00e7iler plajdan yararlanabilecek. Saat 21.00\u2019dan sonra ise karma \u015fekilde devam edilebilecek&#8221; dedi.<\/p>\n<p>Kocao\u011flu, plaj\u0131n sadece yaz sezonunda hizmet vermedi\u011fine vurgu yaparak, y\u0131l boyunca hizmet verdiklerini s\u00f6yledi.<\/p>\n<p>&#8220;Ge\u00e7en y\u0131la oranla y\u00fczde 30 art\u0131\u015f bekliyoruz\u201d<\/p>\n<p>Plaj\u0131n ziyaret\u00e7i say\u0131s\u0131n\u0131n izin ve tatil g\u00fcnlerine g\u00f6re de\u011fi\u015fkenlik g\u00f6sterdi\u011fine i\u015faret eden Kocao\u011flu, \u201cYaz aylar\u0131nda hafta sonu g\u00fcnl\u00fck 3 bin 500 ki\u015fiye kadar bir ziyaret\u00e7iye ula\u015f\u0131yoruz. Ortalama olarak g\u00fcnde bin 500-2 bin ki\u015fi ziyarette bulunuyor. Bu say\u0131lar da her ge\u00e7en g\u00fcn artmakta. \u0130lk ba\u015flad\u0131\u011f\u0131m\u0131z y\u0131llara g\u00f6re y\u00fczde 100\u2019\u00fcn \u00fczerinde, hatta y\u00fczde 150\u2019nin \u00fczerinde misafir say\u0131m\u0131zda art\u0131\u015f var. Ge\u00e7en seneye oranla en az y\u00fczde 30 bir art\u0131\u015f bekliyoruz\u201d ifadelerini kulland\u0131.<\/p>\n<p>\u201cKad\u0131n kad\u0131na denize girmenin rahatl\u0131\u011f\u0131ndan memnunlar\u201d<\/p>\n<p>Plaj\u0131n halk i\u00e7in bir ihtiya\u00e7 oldu\u011funa de\u011finen Kocao\u011flu, \u201cAyr\u0131ca kad\u0131nlar plaj\u0131m\u0131z yerel misafirlerimizden ziyade yabanc\u0131 turistlerin de yo\u011fun ilgisine maruz kal\u0131yor. Toplumun her kesiminden kad\u0131nlar\u0131m\u0131z geliyor. Genel olarak kad\u0131n kad\u0131na denize girmenin rahatl\u0131\u011f\u0131ndan ve verilen hizmetten dolay\u0131 \u00e7ok memnunlar. Personellerimizin tamam\u0131 kad\u0131n. 13 g\u00fcvenlik personelimiz, 6 temizlik, 2 cankurtaran personelimiz bulunuyor\u201d \u015feklinde konu\u015ftu.<\/p>\n","protected":false},"excerpt":{"rendered":"<p>ANTALYA B\u00dcY\u00dcK\u015eEH\u0130R BELED\u0130YES\u0130\u2019N\u0130N SARISU MES\u0130RE ALANI\u2019NDA YAPTI\u011eI KADINLAR PLAJI YAZ SEZONUNU A\u00c7IYOR. TUR\u0130STLER\u0130N DE \u0130LG\u0130 G\u00d6STERD\u0130\u011e\u0130 PLAJ, ARTAN TUR\u0130ZM VER\u0130LER\u0130 VE BAYRAM TAT\u0130L\u0130N\u0130N DE ETK\u0130S\u0130YLE REKOR Z\u0130YARET\u00c7\u0130 SAYISINA \u0130MZA ATMAYI HEDEFL\u0130YOR.<\/p>\n","protected":false},"author":1,"featured_media":163936,"comment_status":"closed","ping_status":"open","sticky":false,"template":"","format":"standard","meta":{"jetpack_post_was_ever_published":false,"_jetpack_newsletter_access":"","_jetpack_dont_email_post_to_subs":false,"_jetpack_newsletter_tier_id":0,"_jetpack_memberships_contains_paywalled_content":false,"_jetpack_memberships_contains_paid_content":false,"footnotes":"","jetpack_publicize_message":"","jetpack_publicize_feature_enabled":true,"jetpack_social_post_already_shared":true,"jetpack_social_options":{"image_generator_settings":{"template":"highway","default_image_id":0,"font":"","enabled":false},"version":2}},"categories":[1],"tags":[1561,1327,3104,19194,23909,183],"class_list":["post-163935","post","type-post","status-publish","format-standard","has-post-thumbnail","hentry","category-genel","tag-aciyor","tag-antalyada","tag-kadinlar","tag-plaji","tag-sezonunu","tag-yaz"],"jetpack_publicize_connections":[],"jetpack_featured_media_url":"https:\/\/i0.wp.com\/www.tvturk.com\/wp-content\/uploads\/2019\/05\/antalyada-kadinlar-plaji-yaz-sezonunu-aciyor_5f89a81.jpg?fit=1000%2C604","jetpack_sharing_enabled":true,"jetpack_shortlink":"https:\/\/wp.me\/paKIfm-GE7","_links":{"self":[{"href":"http:\/\/www.tvturk.com\/index.php\/wp-json\/wp\/v2\/posts\/163935","targetHints":{"allow":["GET"]}}],"collection":[{"href":"http:\/\/www.tvturk.com\/index.php\/wp-json\/wp\/v2\/posts"}],"about":[{"href":"http:\/\/www.tvturk.com\/index.php\/wp-json\/wp\/v2\/types\/post"}],"author":[{"embeddable":true,"href":"http:\/\/www.tvturk.com\/index.php\/wp-json\/wp\/v2\/users\/1"}],"replies":[{"embeddable":true,"href":"http:\/\/www.tvturk.com\/index.php\/wp-json\/wp\/v2\/comments?post=163935"}],"version-history":[{"count":0,"href":"http:\/\/www.tvturk.com\/index.php\/wp-json\/wp\/v2\/posts\/163935\/revisions"}],"wp:featuredmedia":[{"embeddable":true,"href":"http:\/\/www.tvturk.com\/index.php\/wp-json\/wp\/v2\/media\/163936"}],"wp:attachment":[{"href":"http:\/\/www.tvturk.com\/index.php\/wp-json\/wp\/v2\/media?parent=163935"}],"wp:term":[{"taxonomy":"category","embeddable":true,"href":"http:\/\/www.tvturk.com\/index.php\/wp-json\/wp\/v2\/categories?post=163935"},{"taxonomy":"post_tag","embeddable":true,"href":"http:\/\/www.tvturk.com\/index.php\/wp-json\/wp\/v2\/tags?post=163935"}],"curies":[{"name":"wp","href":"https:\/\/api.w.org\/{rel}","templated":true}]}}