{"id":16395,"date":"2019-02-09T17:25:54","date_gmt":"2019-02-09T14:25:54","guid":{"rendered":"http:\/\/www.tvturk.com\/index.php\/edremit-14-ulkeden-gelen-23-ogrenciyi-misafir-etti\/"},"modified":"2019-02-09T17:25:58","modified_gmt":"2019-02-09T14:25:58","slug":"edremit-14-ulkeden-gelen-23-ogrenciyi-misafir-etti","status":"publish","type":"post","link":"http:\/\/www.tvturk.com\/index.php\/edremit-14-ulkeden-gelen-23-ogrenciyi-misafir-etti\/","title":{"rendered":"Edremit, 14 \u00fclkeden gelen 23 \u00f6\u011frenciyi misafir etti"},"content":{"rendered":"<p>Bal\u0131kesir\u2019in Edremit il\u00e7esine Rusya, Kazakistan, Almanya, Ekvator, Fransa, Afganistan, K\u0131rg\u0131zistan, Bel\u00e7ika, Kosova, Uganda, S\u0131rbistan, G\u00fcrcistan, Mo\u011folistan\u2019dan 2 \u015eubat\u2019ta gelip bir hafta Alt\u0131noluk Diyanet Evinde kalan \u00f6\u011frencileri Edremit Kaymakam\u0131 Ali S\u0131rmal\u0131 ziyaret etti.<\/p>\n<p>D\u00fcnyan\u0131n de\u011fi\u015fik co\u011frafyalar\u0131ndan gelen renkleri, \u0131rklar\u0131, dilleri farkl\u0131 \u00f6\u011frenciler ziyaretti s\u0131rayla s\u00f6z al\u0131p kendilerinden ve \u00fclkelerinden bahsederek T\u00fcrkiye ile ilgili fikirlerini payla\u015ft\u0131lar. \u00d6\u011frenciler, dini vecibelerini \u00f6zg\u00fcrce yerine getirebildi\u011fi i\u00e7in T\u00fcrkiye\u2019deki M\u00fcsl\u00fcmanlar\u0131n \u00e7ok \u015fansl\u0131 oldu\u011funu, \u00fclkemizi ve insanlar\u0131m\u0131z\u0131 \u00e7ok sevdiklerini ifade ettiler.  T\u00fcrkiye\u2019nin mazlum toplumlara verdi\u011fi desteklerden \u00f6vg\u00fcyle s\u00f6z ettiler. Farkl\u0131 k\u0131ta ve farkl\u0131 \u00fclkelerden gelen \u00f6\u011frenciler, birbirinden ilgin\u00e7 izlenimler ortaya koydu. Kendi \u00fclkelerinde halklar\u0131n T\u00fcrkiye\u2019yi bir lider \u00fclke olarak, umut olarak g\u00f6rd\u00fcklerini dile getirdiler.<\/p>\n<p>Edremit \u0130l\u00e7e Mill\u00ee E\u011fitim M\u00fcd\u00fcr\u00fc Ko\u00e7: \u201cDiyanet Vakf\u0131n\u0131n Alt\u0131noluk Konukevinde hemen hemen d\u00fcnyan\u0131n t\u00fcm renklerinin bir arada oldu\u011fu, \u00fcniversite e\u011fitimi almak i\u00e7in \u00e7e\u015fitli \u00fclkelerden g\u00fczel \u00fclkemize gelen gen\u00e7lerle doyumsuz bir sohbet ger\u00e7ekle\u015ftirdik.\u201ddedi<\/p>\n<p>Edremit Kaymakam\u0131 Ali S\u0131rmal\u0131\u2019da d\u00fcnyan\u0131n farkl\u0131 co\u011frafyalar\u0131ndan M\u00fcsl\u00fcman \u00f6\u011frencileri a\u011f\u0131rlamaktan b\u00fcy\u00fck bir memnuniyet duyduklar\u0131n\u0131 ifade ederken \u201cSizleri burada a\u011f\u0131rlamaktan b\u00fcy\u00fck bir mutluluk duyduk.\u201d dedi.<\/p>\n<p>Edremit Kaymakam\u0131 Ali S\u0131rmal\u0131\u2019ya, Bal\u0131kesir M\u00fcft\u00fcs\u00fc Ramazan Topcan, Edremit \u0130l\u00e7e M\u00fcft\u00fcs\u00fc Said Emin Arvas, Edremit \u0130l\u00e7e Malm\u00fcd\u00fcr\u00fc Musa As\u0131r ve Edremit \u0130l\u00e7e Milli E\u011fitim M\u00fcd\u00fcr\u00fc Yusuf Ko\u00e7 ziyarette e\u015flik ettiler.<div class=\"tiled-gallery type-rectangular tiled-gallery-unresized\" data-original-width=\"500\" data-carousel-extra='null' itemscope itemtype=\"http:\/\/schema.org\/ImageGallery\" > <div class=\"gallery-row\" style=\"width: 500px; height: 224px;\" data-original-width=\"500\" data-original-height=\"224\" > <div class=\"gallery-group images-1\" style=\"width: 334px; height: 224px;\" data-original-width=\"334\" data-original-height=\"224\" > <div class=\"tiled-gallery-item tiled-gallery-item-large\" itemprop=\"associatedMedia\" itemscope itemtype=\"http:\/\/schema.org\/ImageObject\"> <a href=\"http:\/\/www.tvturk.com\/index.php\/edremit-14-ulkeden-gelen-23-ogrenciyi-misafir-etti\/edremit-14-ulkeden-gelen-23-ogrenciyi-misafir-etti-3\/\" border=\"0\" itemprop=\"url\"> <meta itemprop=\"width\" content=\"330\"> <meta itemprop=\"height\" content=\"220\"> <img decoding=\"async\" class=\"\" data-attachment-id=\"16397\" data-orig-file=\"http:\/\/www.tvturk.com\/wp-content\/uploads\/2019\/02\/edremit-14-ulkeden-gelen-23-ogrenciyi-misafir-etti_f2f2fda.jpg\" data-orig-size=\"838,558\" data-comments-opened=\"\" data-image-meta=\"{&quot;aperture&quot;:&quot;0&quot;,&quot;credit&quot;:&quot;IHA&quot;,&quot;camera&quot;:&quot;&quot;,&quot;caption&quot;:&quot;BALIKES\\u0130R\\u2019\\u0130N EDREM\\u0130T \\u0130L\\u00c7ES\\u0130NE RUSYA, KAZAK\\u0130STAN, ALMANYA, EKVATOR, FRANSA, AFGAN\\u0130STAN, KIRGIZ\\u0130STAN, BEL\\u00c7\\u0130KA, KOSOVA, UGANDA, SIRB\\u0130STAN, G\\u00dcRC\\u0130STAN, MO\\u011eOL\\u0130STAN\\u2019DAN 2 \\u015eUBAT\\u2019TA GEL\\u0130P B\\u0130R HAFTA ALTINOLUK D\\u0130YANET EV\\u0130NDE KALAN \\u00d6\\u011eRENC\\u0130LER\\u0130 EDREM\\u0130T KAYMAKAMI AL\\u0130 SIRMALI Z\\u0130YARET ETT\\u0130. (EMRAH ELMAS\\\/BALIKES\\u0130R-\\u0130HA)&quot;,&quot;created_timestamp&quot;:&quot;0&quot;,&quot;copyright&quot;:&quot;\\u0130HLAS HABER AJANSI, www.iha.com.tr&quot;,&quot;focal_length&quot;:&quot;0&quot;,&quot;iso&quot;:&quot;0&quot;,&quot;shutter_speed&quot;:&quot;0&quot;,&quot;title&quot;:&quot;EDREM\\u0130T, 14 \\u00dcLKEDEN GELEN 23 \\u00d6\\u011eRENC\\u0130Y\\u0130 M\\u0130SAF\\u0130R ETT\\u0130&quot;,&quot;orientation&quot;:&quot;0&quot;}\" data-image-title=\"Edremit, 14 \u00fclkeden gelen 23 \u00f6\u011frenciyi misafir etti\" data-image-description=\"&lt;p&gt;Edremit, 14 \u00fclkeden gelen 23 \u00f6\u011frenciyi misafir etti&lt;\/p&gt; \" data-medium-file=\"https:\/\/i0.wp.com\/www.tvturk.com\/wp-content\/uploads\/2019\/02\/edremit-14-ulkeden-gelen-23-ogrenciyi-misafir-etti_f2f2fda.jpg?fit=300%2C200\" data-large-file=\"https:\/\/i0.wp.com\/www.tvturk.com\/wp-content\/uploads\/2019\/02\/edremit-14-ulkeden-gelen-23-ogrenciyi-misafir-etti_f2f2fda.jpg?fit=838%2C558\" src=\"https:\/\/i0.wp.com\/www.tvturk.com\/wp-content\/uploads\/2019\/02\/edremit-14-ulkeden-gelen-23-ogrenciyi-misafir-etti_f2f2fda.jpg?w=330&#038;h=220\" srcset=\"https:\/\/i0.wp.com\/www.tvturk.com\/wp-content\/uploads\/2019\/02\/edremit-14-ulkeden-gelen-23-ogrenciyi-misafir-etti_f2f2fda.jpg?w=838 838w, https:\/\/i0.wp.com\/www.tvturk.com\/wp-content\/uploads\/2019\/02\/edremit-14-ulkeden-gelen-23-ogrenciyi-misafir-etti_f2f2fda.jpg?resize=150%2C100 150w, https:\/\/i0.wp.com\/www.tvturk.com\/wp-content\/uploads\/2019\/02\/edremit-14-ulkeden-gelen-23-ogrenciyi-misafir-etti_f2f2fda.jpg?resize=300%2C200 300w, https:\/\/i0.wp.com\/www.tvturk.com\/wp-content\/uploads\/2019\/02\/edremit-14-ulkeden-gelen-23-ogrenciyi-misafir-etti_f2f2fda.jpg?resize=768%2C511 768w, https:\/\/i0.wp.com\/www.tvturk.com\/wp-content\/uploads\/2019\/02\/edremit-14-ulkeden-gelen-23-ogrenciyi-misafir-etti_f2f2fda.jpg?resize=170%2C113 170w, https:\/\/i0.wp.com\/www.tvturk.com\/wp-content\/uploads\/2019\/02\/edremit-14-ulkeden-gelen-23-ogrenciyi-misafir-etti_f2f2fda.jpg?resize=120%2C80 120w\" width=\"330\" height=\"220\" loading=\"lazy\" data-original-width=\"330\" data-original-height=\"220\" itemprop=\"http:\/\/schema.org\/image\" title=\"Edremit, 14 \u00fclkeden gelen 23 \u00f6\u011frenciyi misafir etti\" alt=\"Edremit, 14 \u00fclkeden gelen 23 \u00f6\u011frenciyi misafir etti\" style=\"width: 330px; height: 220px;\" \/> <\/a> <\/div> <\/div> <!-- close group --> <div class=\"gallery-group images-2\" style=\"width: 166px; height: 224px;\" data-original-width=\"166\" data-original-height=\"224\" > <div class=\"tiled-gallery-item tiled-gallery-item-small\" itemprop=\"associatedMedia\" itemscope itemtype=\"http:\/\/schema.org\/ImageObject\"> <a href=\"http:\/\/www.tvturk.com\/index.php\/edremit-14-ulkeden-gelen-23-ogrenciyi-misafir-etti\/edremit-14-ulkeden-gelen-23-ogrenciyi-misafir-etti-4\/\" border=\"0\" itemprop=\"url\"> <meta itemprop=\"width\" content=\"162\"> <meta itemprop=\"height\" content=\"108\"> <img decoding=\"async\" class=\"\" data-attachment-id=\"16398\" data-orig-file=\"http:\/\/www.tvturk.com\/wp-content\/uploads\/2019\/02\/edremit-14-ulkeden-gelen-23-ogrenciyi-misafir-etti_b27c451.jpg\" data-orig-size=\"838,558\" data-comments-opened=\"\" data-image-meta=\"{&quot;aperture&quot;:&quot;0&quot;,&quot;credit&quot;:&quot;IHA&quot;,&quot;camera&quot;:&quot;&quot;,&quot;caption&quot;:&quot;BALIKES\\u0130R\\u2019\\u0130N EDREM\\u0130T \\u0130L\\u00c7ES\\u0130NE RUSYA, KAZAK\\u0130STAN, ALMANYA, EKVATOR, FRANSA, AFGAN\\u0130STAN, KIRGIZ\\u0130STAN, BEL\\u00c7\\u0130KA, KOSOVA, UGANDA, SIRB\\u0130STAN, G\\u00dcRC\\u0130STAN, MO\\u011eOL\\u0130STAN\\u2019DAN 2 \\u015eUBAT\\u2019TA GEL\\u0130P B\\u0130R HAFTA ALTINOLUK D\\u0130YANET EV\\u0130NDE KALAN \\u00d6\\u011eRENC\\u0130LER\\u0130 EDREM\\u0130T KAYMAKAMI AL\\u0130 SIRMALI Z\\u0130YARET ETT\\u0130. (EMRAH ELMAS\\\/BALIKES\\u0130R-\\u0130HA)&quot;,&quot;created_timestamp&quot;:&quot;0&quot;,&quot;copyright&quot;:&quot;\\u0130HLAS HABER AJANSI, www.iha.com.tr&quot;,&quot;focal_length&quot;:&quot;0&quot;,&quot;iso&quot;:&quot;0&quot;,&quot;shutter_speed&quot;:&quot;0&quot;,&quot;title&quot;:&quot;EDREM\\u0130T, 14 \\u00dcLKEDEN GELEN 23 \\u00d6\\u011eRENC\\u0130Y\\u0130 M\\u0130SAF\\u0130R ETT\\u0130&quot;,&quot;orientation&quot;:&quot;0&quot;}\" data-image-title=\"Edremit, 14 \u00fclkeden gelen 23 \u00f6\u011frenciyi misafir etti\" data-image-description=\"&lt;p&gt;Edremit, 14 \u00fclkeden gelen 23 \u00f6\u011frenciyi misafir etti&lt;\/p&gt; \" data-medium-file=\"https:\/\/i0.wp.com\/www.tvturk.com\/wp-content\/uploads\/2019\/02\/edremit-14-ulkeden-gelen-23-ogrenciyi-misafir-etti_b27c451.jpg?fit=300%2C200\" data-large-file=\"https:\/\/i0.wp.com\/www.tvturk.com\/wp-content\/uploads\/2019\/02\/edremit-14-ulkeden-gelen-23-ogrenciyi-misafir-etti_b27c451.jpg?fit=838%2C558\" src=\"https:\/\/i0.wp.com\/www.tvturk.com\/wp-content\/uploads\/2019\/02\/edremit-14-ulkeden-gelen-23-ogrenciyi-misafir-etti_b27c451.jpg?w=162&#038;h=108\" srcset=\"https:\/\/i0.wp.com\/www.tvturk.com\/wp-content\/uploads\/2019\/02\/edremit-14-ulkeden-gelen-23-ogrenciyi-misafir-etti_b27c451.jpg?w=838 838w, https:\/\/i0.wp.com\/www.tvturk.com\/wp-content\/uploads\/2019\/02\/edremit-14-ulkeden-gelen-23-ogrenciyi-misafir-etti_b27c451.jpg?resize=150%2C100 150w, https:\/\/i0.wp.com\/www.tvturk.com\/wp-content\/uploads\/2019\/02\/edremit-14-ulkeden-gelen-23-ogrenciyi-misafir-etti_b27c451.jpg?resize=300%2C200 300w, https:\/\/i0.wp.com\/www.tvturk.com\/wp-content\/uploads\/2019\/02\/edremit-14-ulkeden-gelen-23-ogrenciyi-misafir-etti_b27c451.jpg?resize=768%2C511 768w, https:\/\/i0.wp.com\/www.tvturk.com\/wp-content\/uploads\/2019\/02\/edremit-14-ulkeden-gelen-23-ogrenciyi-misafir-etti_b27c451.jpg?resize=170%2C113 170w, https:\/\/i0.wp.com\/www.tvturk.com\/wp-content\/uploads\/2019\/02\/edremit-14-ulkeden-gelen-23-ogrenciyi-misafir-etti_b27c451.jpg?resize=120%2C80 120w\" width=\"162\" height=\"108\" loading=\"lazy\" data-original-width=\"162\" data-original-height=\"108\" itemprop=\"http:\/\/schema.org\/image\" title=\"Edremit, 14 \u00fclkeden gelen 23 \u00f6\u011frenciyi misafir etti\" alt=\"Edremit, 14 \u00fclkeden gelen 23 \u00f6\u011frenciyi misafir etti\" style=\"width: 162px; height: 108px;\" \/> <\/a> <\/div> <div class=\"tiled-gallery-item tiled-gallery-item-small\" itemprop=\"associatedMedia\" itemscope itemtype=\"http:\/\/schema.org\/ImageObject\"> <a href=\"http:\/\/www.tvturk.com\/index.php\/edremit-14-ulkeden-gelen-23-ogrenciyi-misafir-etti\/edremit-14-ulkeden-gelen-23-ogrenciyi-misafir-etti-5\/\" border=\"0\" itemprop=\"url\"> <meta itemprop=\"width\" content=\"162\"> <meta itemprop=\"height\" content=\"108\"> <img decoding=\"async\" class=\"\" data-attachment-id=\"16399\" data-orig-file=\"http:\/\/www.tvturk.com\/wp-content\/uploads\/2019\/02\/edremit-14-ulkeden-gelen-23-ogrenciyi-misafir-etti_5179677.jpg\" data-orig-size=\"838,558\" data-comments-opened=\"\" data-image-meta=\"{&quot;aperture&quot;:&quot;0&quot;,&quot;credit&quot;:&quot;IHA&quot;,&quot;camera&quot;:&quot;&quot;,&quot;caption&quot;:&quot;BALIKES\\u0130R\\u2019\\u0130N EDREM\\u0130T \\u0130L\\u00c7ES\\u0130NE RUSYA, KAZAK\\u0130STAN, ALMANYA, EKVATOR, FRANSA, AFGAN\\u0130STAN, KIRGIZ\\u0130STAN, BEL\\u00c7\\u0130KA, KOSOVA, UGANDA, SIRB\\u0130STAN, G\\u00dcRC\\u0130STAN, MO\\u011eOL\\u0130STAN\\u2019DAN 2 \\u015eUBAT\\u2019TA GEL\\u0130P B\\u0130R HAFTA ALTINOLUK D\\u0130YANET EV\\u0130NDE KALAN \\u00d6\\u011eRENC\\u0130LER\\u0130 EDREM\\u0130T KAYMAKAMI AL\\u0130 SIRMALI Z\\u0130YARET ETT\\u0130. (EMRAH ELMAS\\\/BALIKES\\u0130R-\\u0130HA)&quot;,&quot;created_timestamp&quot;:&quot;0&quot;,&quot;copyright&quot;:&quot;\\u0130HLAS HABER AJANSI, www.iha.com.tr&quot;,&quot;focal_length&quot;:&quot;0&quot;,&quot;iso&quot;:&quot;0&quot;,&quot;shutter_speed&quot;:&quot;0&quot;,&quot;title&quot;:&quot;EDREM\\u0130T, 14 \\u00dcLKEDEN GELEN 23 \\u00d6\\u011eRENC\\u0130Y\\u0130 M\\u0130SAF\\u0130R ETT\\u0130&quot;,&quot;orientation&quot;:&quot;0&quot;}\" data-image-title=\"Edremit, 14 \u00fclkeden gelen 23 \u00f6\u011frenciyi misafir etti\" data-image-description=\"&lt;p&gt;Edremit, 14 \u00fclkeden gelen 23 \u00f6\u011frenciyi misafir etti&lt;\/p&gt; \" data-medium-file=\"https:\/\/i0.wp.com\/www.tvturk.com\/wp-content\/uploads\/2019\/02\/edremit-14-ulkeden-gelen-23-ogrenciyi-misafir-etti_5179677.jpg?fit=300%2C200\" data-large-file=\"https:\/\/i0.wp.com\/www.tvturk.com\/wp-content\/uploads\/2019\/02\/edremit-14-ulkeden-gelen-23-ogrenciyi-misafir-etti_5179677.jpg?fit=838%2C558\" src=\"https:\/\/i0.wp.com\/www.tvturk.com\/wp-content\/uploads\/2019\/02\/edremit-14-ulkeden-gelen-23-ogrenciyi-misafir-etti_5179677.jpg?w=162&#038;h=108\" srcset=\"https:\/\/i0.wp.com\/www.tvturk.com\/wp-content\/uploads\/2019\/02\/edremit-14-ulkeden-gelen-23-ogrenciyi-misafir-etti_5179677.jpg?w=838 838w, https:\/\/i0.wp.com\/www.tvturk.com\/wp-content\/uploads\/2019\/02\/edremit-14-ulkeden-gelen-23-ogrenciyi-misafir-etti_5179677.jpg?resize=150%2C100 150w, https:\/\/i0.wp.com\/www.tvturk.com\/wp-content\/uploads\/2019\/02\/edremit-14-ulkeden-gelen-23-ogrenciyi-misafir-etti_5179677.jpg?resize=300%2C200 300w, https:\/\/i0.wp.com\/www.tvturk.com\/wp-content\/uploads\/2019\/02\/edremit-14-ulkeden-gelen-23-ogrenciyi-misafir-etti_5179677.jpg?resize=768%2C511 768w, https:\/\/i0.wp.com\/www.tvturk.com\/wp-content\/uploads\/2019\/02\/edremit-14-ulkeden-gelen-23-ogrenciyi-misafir-etti_5179677.jpg?resize=170%2C113 170w, https:\/\/i0.wp.com\/www.tvturk.com\/wp-content\/uploads\/2019\/02\/edremit-14-ulkeden-gelen-23-ogrenciyi-misafir-etti_5179677.jpg?resize=120%2C80 120w\" width=\"162\" height=\"108\" loading=\"lazy\" data-original-width=\"162\" data-original-height=\"108\" itemprop=\"http:\/\/schema.org\/image\" title=\"Edremit, 14 \u00fclkeden gelen 23 \u00f6\u011frenciyi misafir etti\" alt=\"Edremit, 14 \u00fclkeden gelen 23 \u00f6\u011frenciyi misafir etti\" style=\"width: 162px; height: 108px;\" \/> <\/a> <\/div> <\/div> <!-- close group --> <\/div> <!-- close row --> <\/div><\/p>\n","protected":false},"excerpt":{"rendered":"<p>BALIKES\u0130R\u2019\u0130N EDREM\u0130T \u0130L\u00c7ES\u0130NE RUSYA, KAZAK\u0130STAN, ALMANYA, EKVATOR, FRANSA, AFGAN\u0130STAN, KIRGIZ\u0130STAN, BEL\u00c7\u0130KA, KOSOVA, UGANDA, SIRB\u0130STAN, G\u00dcRC\u0130STAN, MO\u011eOL\u0130STAN\u2019DAN 2 \u015eUBAT\u2019TA GEL\u0130P B\u0130R HAFTA ALTINOLUK D\u0130YANET EV\u0130NDE KALAN \u00d6\u011eRENC\u0130LER\u0130 EDREM\u0130T KAYMAKAMI AL\u0130 SIRMALI Z\u0130YARET ETT\u0130.<\/p>\n","protected":false},"author":1,"featured_media":16396,"comment_status":"closed","ping_status":"open","sticky":false,"template":"","format":"standard","meta":{"jetpack_post_was_ever_published":false,"_jetpack_newsletter_access":"","_jetpack_dont_email_post_to_subs":false,"_jetpack_newsletter_tier_id":0,"_jetpack_memberships_contains_paywalled_content":false,"_jetpack_memberships_contains_paid_content":false,"footnotes":"","jetpack_publicize_message":"","jetpack_publicize_feature_enabled":true,"jetpack_social_post_already_shared":false,"jetpack_social_options":{"image_generator_settings":{"template":"highway","default_image_id":0,"font":"","enabled":false},"version":2}},"categories":[655],"tags":[7789,207,307,6140,4340,5357],"class_list":["post-16395","post","type-post","status-publish","format-standard","has-post-thumbnail","hentry","category-son-dakika","tag-edremit","tag-etti","tag-gelen","tag-misafir","tag-ogrenciyi","tag-ulkeden"],"jetpack_publicize_connections":[],"jetpack_featured_media_url":"https:\/\/i0.wp.com\/www.tvturk.com\/wp-content\/uploads\/2019\/02\/edremit-14-ulkeden-gelen-23-ogrenciyi-misafir-etti_cd308f1.jpg?fit=838%2C558","jetpack_sharing_enabled":true,"jetpack_shortlink":"https:\/\/wp.me\/paKIfm-4gr","_links":{"self":[{"href":"http:\/\/www.tvturk.com\/index.php\/wp-json\/wp\/v2\/posts\/16395","targetHints":{"allow":["GET"]}}],"collection":[{"href":"http:\/\/www.tvturk.com\/index.php\/wp-json\/wp\/v2\/posts"}],"about":[{"href":"http:\/\/www.tvturk.com\/index.php\/wp-json\/wp\/v2\/types\/post"}],"author":[{"embeddable":true,"href":"http:\/\/www.tvturk.com\/index.php\/wp-json\/wp\/v2\/users\/1"}],"replies":[{"embeddable":true,"href":"http:\/\/www.tvturk.com\/index.php\/wp-json\/wp\/v2\/comments?post=16395"}],"version-history":[{"count":1,"href":"http:\/\/www.tvturk.com\/index.php\/wp-json\/wp\/v2\/posts\/16395\/revisions"}],"predecessor-version":[{"id":16400,"href":"http:\/\/www.tvturk.com\/index.php\/wp-json\/wp\/v2\/posts\/16395\/revisions\/16400"}],"wp:featuredmedia":[{"embeddable":true,"href":"http:\/\/www.tvturk.com\/index.php\/wp-json\/wp\/v2\/media\/16396"}],"wp:attachment":[{"href":"http:\/\/www.tvturk.com\/index.php\/wp-json\/wp\/v2\/media?parent=16395"}],"wp:term":[{"taxonomy":"category","embeddable":true,"href":"http:\/\/www.tvturk.com\/index.php\/wp-json\/wp\/v2\/categories?post=16395"},{"taxonomy":"post_tag","embeddable":true,"href":"http:\/\/www.tvturk.com\/index.php\/wp-json\/wp\/v2\/tags?post=16395"}],"curies":[{"name":"wp","href":"https:\/\/api.w.org\/{rel}","templated":true}]}}