{"id":163969,"date":"2019-05-30T14:04:18","date_gmt":"2019-05-30T11:04:18","guid":{"rendered":"http:\/\/www.tvturk.com\/index.php\/yazin-habercisi-leylekler-artik-daha-guvende\/"},"modified":"2019-05-30T14:04:18","modified_gmt":"2019-05-30T11:04:18","slug":"yazin-habercisi-leylekler-artik-daha-guvende","status":"publish","type":"post","link":"http:\/\/www.tvturk.com\/index.php\/yazin-habercisi-leylekler-artik-daha-guvende\/","title":{"rendered":"Yaz\u0131n habercisi leylekler art\u0131k daha g\u00fcvende"},"content":{"rendered":"<p>Leyleklerin g\u00f6\u00e7 yollar\u0131 \u00fczerinde bulunan Trakya\u2019da yap\u0131lan \u00e7al\u0131\u015fmalar ile elektrik direklerindeki leylek yuvalar\u0131 2 metre yukar\u0131ya \u00e7\u0131kar\u0131ld\u0131. B\u00f6ylece leylek \u00f6l\u00fcmleri b\u00fcy\u00fck oranda azalacak.<\/p>\n<p>Leyleklerin g\u00f6\u00e7 yollar\u0131 \u00fczerinde bulunan Trakya\u2019da Trakya Elektrik Da\u011f\u0131t\u0131m A.\u015e. (TREDA\u015e) ve Tekirda\u011f Do\u011fa Koruma Milli Parklar \u015eube M\u00fcd\u00fcrl\u00fc\u011f\u00fc taraf\u0131ndan yap\u0131lan proje ile 70 adet leylek yuvas\u0131 yakla\u015f\u0131k 2 metre yukar\u0131 \u00e7\u0131kar\u0131ld\u0131. Bu uygulama ile yaz\u0131n habercisi olan leylekler daha g\u00fcvende ya\u015famlar\u0131n\u0131 s\u00fcrd\u00fcrecek ve leylek \u00f6l\u00fcmleri azalt\u0131lacak. TREDA\u015e \u0130\u015fletme Bak\u0131m Tak\u0131m Lideri G\u00fcrkan G\u00fcl, \u201cLeylekler bilindi\u011fi \u00fczere yaz\u0131n habercisi. B\u00f6lgemiz de g\u00f6\u00e7 yollar\u0131 \u00fczerinde bulundu\u011fu i\u00e7in yo\u011fun bir leylek pop\u00fclasyonu bulunuyor. TREDA\u015e ve Orman \u0130\u015fletme Genel M\u00fcd\u00fcrl\u00fc\u011f\u00fc ortak \u00e7al\u0131\u015fmas\u0131yla birlikte yap\u0131lan uygulamalarda leylek platformlar\u0131n\u0131n rehabilitesi projesi ger\u00e7ekle\u015ftirildi. Bu kapsamda 70 adet platform montaj\u0131 yap\u0131ld\u0131. \u00d6n\u00fcm\u00fczdeki senelerde bu say\u0131y\u0131 100\u2019\u00fcn \u00fczerine \u00e7\u0131karmay\u0131 hedefliyoruz. Leylek pop\u00fclasyonunu korumaya y\u00f6nelik yap\u0131lan bir i\u015ftir. Leyleklerin iletkenlere mesafesini art\u0131rmaya y\u00f6nelik yuvalar\u0131 g\u00f6r\u00fcnd\u00fc\u011f\u00fc yuva ne kadar yukar\u0131da olursa leyle\u011fin elektri\u011fe \u00e7arp\u0131lma oran\u0131 d\u00fc\u015f\u00fcyor. Burada leyleklerin korunmas\u0131 ama\u00e7lan\u0131yor. Ku\u015f \u00f6l\u00fcmlerinin \u00f6n\u00fcne ge\u00e7ilmesi hedefleniyor\u201d dedi.<\/p>\n<p>&#8220;70 adet leylek yuvas\u0131 montaj\u0131 ger\u00e7ekle\u015ftirilmi\u015ftir&#8221;<\/p>\n<p>TREDA\u015e Muratl\u0131 \u0130\u015fletme \u015eefi Olcay K\u0131rb\u0131y\u0131k ise, \u201cLeylek yuvalar\u0131n\u0131n tespiti yap\u0131larak, gerekli proje haz\u0131rlanm\u0131\u015ft\u0131r. Buradaki ama\u00e7 leyleklerin g\u00f6\u00e7 zaman\u0131nda bizim \u015febekelerimizdeki \u00e7arp\u0131lmalar\u0131 ve yang\u0131nlar\u0131 \u00f6nlemek amac\u0131yla canl\u0131lar\u0131n zarar g\u00f6rmemesidir. Bu \u015fekilde de abonelerimizin kesintilerden en az \u015fekilde etkilenmesi istenmektedir. Bug\u00fcn itibar\u0131 ile TREDA\u015e olarak Trakya\u2019da 70 adet leylek yuvas\u0131 montaj\u0131 ger\u00e7ekle\u015ftirilmi\u015ftir. Amac\u0131m\u0131z bunu y\u00fcze tamamlamakt\u0131r. B\u00f6yle bir \u00e7al\u0131\u015fmada bulunmaktan mutluluk duymaktay\u0131z\u201d diye konu\u015ftu.<\/p>\n","protected":false},"excerpt":{"rendered":"<p>TRAKYA GENEL\u0130NDE YAPILAN \u00c7ALI\u015eMALARLA LEYLEKLER\u0130N G\u00dc\u00c7 YOLLARI \u00dcZER\u0130NDE BULUNAN TRAKYA\u2019DA LEYLEKLER ARTIK DAHA G\u00dcVENDE.<\/p>\n","protected":false},"author":1,"featured_media":163970,"comment_status":"closed","ping_status":"open","sticky":false,"template":"","format":"standard","meta":{"jetpack_post_was_ever_published":false,"_jetpack_newsletter_access":"","_jetpack_dont_email_post_to_subs":false,"_jetpack_newsletter_tier_id":0,"_jetpack_memberships_contains_paywalled_content":false,"_jetpack_memberships_contains_paid_content":false,"footnotes":"","jetpack_publicize_message":"","jetpack_publicize_feature_enabled":true,"jetpack_social_post_already_shared":true,"jetpack_social_options":{"image_generator_settings":{"template":"highway","default_image_id":0,"font":"","enabled":false},"version":2}},"categories":[1],"tags":[2058,1018,14039,16127,3624,36845],"class_list":["post-163969","post","type-post","status-publish","format-standard","has-post-thumbnail","hentry","category-genel","tag-artik","tag-daha","tag-guvende","tag-habercisi","tag-leylekler","tag-yazin"],"jetpack_publicize_connections":[],"jetpack_featured_media_url":"https:\/\/i0.wp.com\/www.tvturk.com\/wp-content\/uploads\/2019\/05\/yazin-habercisi-leylekler-artik-daha-guvende_dd6ec85.jpg?fit=1000%2C662","jetpack_sharing_enabled":true,"jetpack_shortlink":"https:\/\/wp.me\/paKIfm-GEF","_links":{"self":[{"href":"http:\/\/www.tvturk.com\/index.php\/wp-json\/wp\/v2\/posts\/163969","targetHints":{"allow":["GET"]}}],"collection":[{"href":"http:\/\/www.tvturk.com\/index.php\/wp-json\/wp\/v2\/posts"}],"about":[{"href":"http:\/\/www.tvturk.com\/index.php\/wp-json\/wp\/v2\/types\/post"}],"author":[{"embeddable":true,"href":"http:\/\/www.tvturk.com\/index.php\/wp-json\/wp\/v2\/users\/1"}],"replies":[{"embeddable":true,"href":"http:\/\/www.tvturk.com\/index.php\/wp-json\/wp\/v2\/comments?post=163969"}],"version-history":[{"count":0,"href":"http:\/\/www.tvturk.com\/index.php\/wp-json\/wp\/v2\/posts\/163969\/revisions"}],"wp:featuredmedia":[{"embeddable":true,"href":"http:\/\/www.tvturk.com\/index.php\/wp-json\/wp\/v2\/media\/163970"}],"wp:attachment":[{"href":"http:\/\/www.tvturk.com\/index.php\/wp-json\/wp\/v2\/media?parent=163969"}],"wp:term":[{"taxonomy":"category","embeddable":true,"href":"http:\/\/www.tvturk.com\/index.php\/wp-json\/wp\/v2\/categories?post=163969"},{"taxonomy":"post_tag","embeddable":true,"href":"http:\/\/www.tvturk.com\/index.php\/wp-json\/wp\/v2\/tags?post=163969"}],"curies":[{"name":"wp","href":"https:\/\/api.w.org\/{rel}","templated":true}]}}