{"id":163974,"date":"2019-05-30T14:12:59","date_gmt":"2019-05-30T11:12:59","guid":{"rendered":"http:\/\/www.tvturk.com\/index.php\/almanyadan-kenana-kahramanlik-madalyasi\/"},"modified":"2019-05-30T14:12:59","modified_gmt":"2019-05-30T11:12:59","slug":"almanyadan-kenana-kahramanlik-madalyasi","status":"publish","type":"post","link":"http:\/\/www.tvturk.com\/index.php\/almanyadan-kenana-kahramanlik-madalyasi\/","title":{"rendered":"Almanya\u2019dan Kenan\u2019a kahramanl\u0131k madalyas\u0131"},"content":{"rendered":"<p>Almanya\u2019n\u0131n N\u00fcrnberg kentinde iki ya\u015f\u0131ndaki k\u0131z karde\u015fini yanan otomobilden kurtaran ve kahraman ilan edilen Kenan B\u00fcy\u00fckhan\u2019a Bavyera eyaleti Ba\u015fbakan\u0131 Markus S\u00f6der taraf\u0131ndan Bavyera Kurtarma Madalyas\u0131 verildi.<\/p>\n<p>M\u00fcnih\u2019te d\u00fczenlenen t\u00f6rende konu\u015fan Eyalet Ba\u015fbakan\u0131 Markus S\u00f6der, \u201cEyaletimiz, g\u00f6sterdikleri \u00f6zverili davran\u0131\u015flardan dolay\u0131 kurtar\u0131c\u0131lar\u0131na te\u015fekk\u00fcr ediyor. Okul \u00e7ocuklar\u0131ndan daha ya\u015fl\u0131 vatanda\u015flara kadar hepsi insanl\u0131k ve yard\u0131mseverlik \u00f6rne\u011fi g\u00f6stererek birer \u00f6rnek insan olduklar\u0131n\u0131 g\u00f6sterdi&#8221; dedi.<\/p>\n<p>T\u00f6rende Kenan B\u00fcy\u00fckhan ile birlikte 42 ki\u015fiye daha Bavyera Kurtarma Madalyas\u0131 verildi. 1952 y\u0131l\u0131ndan bu yana ba\u015fkalar\u0131n\u0131n hayat\u0131n\u0131 kurtarmak i\u00e7in kendi hayat\u0131n\u0131 riske atan ki\u015filere verilen Bavyera Kurtarma Madalyas\u0131, eyaletin medeni cesaret alan\u0131nda verilen en b\u00fcy\u00fck madalyas\u0131 olma niteli\u011fini ta\u015f\u0131yor.<\/p>\n<p>10 ya\u015f\u0131ndaki Kenan B\u00fcy\u00fckhan, 26 Mart\u2019ta annesi Tu\u011fba B\u00fcy\u00fckhan alt\u0131 ya\u015f\u0131ndaki k\u0131z karde\u015fi Azra\u2019y\u0131 anaokuluna b\u0131rakt\u0131\u011f\u0131 s\u0131rada iki ya\u015f\u0131ndaki k\u0131z karde\u015fi Hira Nur ile ara\u00e7ta beklerken yang\u0131n \u00e7\u0131km\u0131\u015ft\u0131. \u00d6n koltukta oturan Kenan, ara\u00e7tan inip arkadaki bebek koltu\u011funda oturan k\u0131z karde\u015finin kemerini \u00e7\u00f6zerek otomobilden \u00e7\u0131karm\u0131\u015ft\u0131. Ara\u00e7 daha sonra tamamen yanm\u0131\u015ft\u0131.<\/p>\n","protected":false},"excerpt":{"rendered":"<p>ALMANYA&#8217;NIN N\u00dcRNBERG KENT\u0130NDE \u0130K\u0130 YA\u015eINDAK\u0130 KIZ KARDE\u015e\u0130N\u0130 YANAN OTOMOB\u0130LDEN KURTARAN VE KAHRAMAN \u0130LAN ED\u0130LEN KENAN B\u00dcY\u00dcKHAN&#8217;A BAVYERA EYALET\u0130 BA\u015eBAKANI MARKUS S\u00d6DER TARAFINDAN BAVYERA KURTARMA MADALYASI VER\u0130LD\u0130.<\/p>\n","protected":false},"author":1,"featured_media":163975,"comment_status":"closed","ping_status":"open","sticky":false,"template":"","format":"standard","meta":{"jetpack_post_was_ever_published":false,"_jetpack_newsletter_access":"","_jetpack_dont_email_post_to_subs":false,"_jetpack_newsletter_tier_id":0,"_jetpack_memberships_contains_paywalled_content":false,"_jetpack_memberships_contains_paid_content":false,"footnotes":"","jetpack_publicize_message":"","jetpack_publicize_feature_enabled":true,"jetpack_social_post_already_shared":true,"jetpack_social_options":{"image_generator_settings":{"template":"highway","default_image_id":0,"font":"","enabled":false},"version":2}},"categories":[10],"tags":[666,25488,38884,11159],"class_list":["post-163974","post","type-post","status-publish","format-standard","has-post-thumbnail","hentry","category-dunya","tag-almanyadan","tag-kahramanlik","tag-kenana","tag-madalyasi"],"jetpack_publicize_connections":[],"jetpack_featured_media_url":"https:\/\/i0.wp.com\/www.tvturk.com\/wp-content\/uploads\/2019\/05\/almanyadan-kenana-kahramanlik-madalyasi_091c5a8.jpg?fit=1000%2C718","jetpack_sharing_enabled":true,"jetpack_shortlink":"https:\/\/wp.me\/paKIfm-GEK","_links":{"self":[{"href":"http:\/\/www.tvturk.com\/index.php\/wp-json\/wp\/v2\/posts\/163974","targetHints":{"allow":["GET"]}}],"collection":[{"href":"http:\/\/www.tvturk.com\/index.php\/wp-json\/wp\/v2\/posts"}],"about":[{"href":"http:\/\/www.tvturk.com\/index.php\/wp-json\/wp\/v2\/types\/post"}],"author":[{"embeddable":true,"href":"http:\/\/www.tvturk.com\/index.php\/wp-json\/wp\/v2\/users\/1"}],"replies":[{"embeddable":true,"href":"http:\/\/www.tvturk.com\/index.php\/wp-json\/wp\/v2\/comments?post=163974"}],"version-history":[{"count":0,"href":"http:\/\/www.tvturk.com\/index.php\/wp-json\/wp\/v2\/posts\/163974\/revisions"}],"wp:featuredmedia":[{"embeddable":true,"href":"http:\/\/www.tvturk.com\/index.php\/wp-json\/wp\/v2\/media\/163975"}],"wp:attachment":[{"href":"http:\/\/www.tvturk.com\/index.php\/wp-json\/wp\/v2\/media?parent=163974"}],"wp:term":[{"taxonomy":"category","embeddable":true,"href":"http:\/\/www.tvturk.com\/index.php\/wp-json\/wp\/v2\/categories?post=163974"},{"taxonomy":"post_tag","embeddable":true,"href":"http:\/\/www.tvturk.com\/index.php\/wp-json\/wp\/v2\/tags?post=163974"}],"curies":[{"name":"wp","href":"https:\/\/api.w.org\/{rel}","templated":true}]}}