{"id":163980,"date":"2019-05-30T14:18:19","date_gmt":"2019-05-30T11:18:19","guid":{"rendered":"http:\/\/www.tvturk.com\/index.php\/cocuklardan-geri-donusum-defilesi\/"},"modified":"2019-05-30T14:18:19","modified_gmt":"2019-05-30T11:18:19","slug":"cocuklardan-geri-donusum-defilesi","status":"publish","type":"post","link":"http:\/\/www.tvturk.com\/index.php\/cocuklardan-geri-donusum-defilesi\/","title":{"rendered":"\u00c7ocuklardan geri d\u00f6n\u00fc\u015f\u00fcm defilesi"},"content":{"rendered":"<p>Dede Torun Ya\u015fam Merkezi\u2019nin minik \u00f6\u011frencileri, \u2019Geri D\u00f6n\u00fc\u015f\u00fcm Defilesi\u2019nde at\u0131k po\u015fet, ka\u011f\u0131t ve bezlerden haz\u0131rlanan birbirinden renkli k\u0131yafetlerle ve kost\u00fcmlerle geri d\u00f6n\u00fc\u015f\u00fcme dikkat \u00e7ektiler.<\/p>\n<p>Esenler Belediyesi Dede Torun Ya\u015fam Merkezi\u2019nde e\u011fitim g\u00f6ren \u00f6\u011frenciler, at\u0131klardan tasarlad\u0131klar\u0131 elbise ve kost\u00fcmlerini, \u2019Geri D\u00f6n\u00fc\u015f\u00fcm Defilesi\u2019nde sergilediler. \u00c7ocuklara \u00e7evre bilincinin kazand\u0131r\u0131lmas\u0131 amac\u0131yla, &#8220;Her At\u0131k \u00c7\u00f6p De\u011fildir&#8221; fikrinden hareketle ba\u015flat\u0131lan kampanya kapsam\u0131nda \u00e7ocuklar, aileleriyle birlikte birbirinden kullan\u0131\u015fl\u0131 ve renkli tasar\u0131mlara imza att\u0131lar.<\/p>\n<p>&#8220;Se\u00e7, Biriktir, \u0130\u015fle, Giy&#8221; slogan\u0131yla hem tasar\u0131mc\u0131l\u0131\u011f\u0131n\u0131 hem de mankenli\u011fi yapt\u0131klar\u0131 defilede  minik \u00f6\u011frenciler, at\u0131k po\u015fet, ka\u011f\u0131t ve bezlerden haz\u0131rlanan birbirinden renkli k\u0131yafetlerle ve kost\u00fcmlerle geri d\u00f6n\u00fc\u015f\u00fcme dikkat \u00e7ektiler. Minikler, ellerindeki d\u00f6vizlerle de \u00e7evreye duyarl\u0131l\u0131k mesajlar\u0131 verdiler. En kullan\u0131\u015fl\u0131 ve yararl\u0131 olmas\u0131 kriterleri ile defilenin en ba\u015far\u0131l\u0131 k\u0131yafeti, \u00e7evre m\u00fchendislerinin se\u00e7imiyle, karton koli ve ka\u011f\u0131ttan yap\u0131lan \u00e7i\u00e7eklerle renklendirdi\u011fi elbisesi ve ayakkab\u0131lar\u0131yla Sahra Selen Parlakdemir\u2019inki oldu.<\/p>\n","protected":false},"excerpt":{"rendered":"<p>DEDE TORUN YA\u015eAM MERKEZ\u0130&#8217;N\u0130N M\u0130N\u0130K \u00d6\u011eRENC\u0130LER\u0130, &#8216;GER\u0130 D\u00d6N\u00dc\u015e\u00dcM DEF\u0130LES\u0130&#8217;NDE ATIK PO\u015eET, KA\u011eIT VE BEZLERDEN HAZIRLANAN B\u0130RB\u0130R\u0130NDEN RENKL\u0130 KIYAFETLERLE VE KOST\u00dcMLERLE GER\u0130 D\u00d6N\u00dc\u015e\u00dcME D\u0130KKAT \u00c7EKT\u0130LER.<\/p>\n","protected":false},"author":1,"featured_media":163981,"comment_status":"closed","ping_status":"open","sticky":false,"template":"","format":"standard","meta":{"jetpack_post_was_ever_published":false,"_jetpack_newsletter_access":"","_jetpack_dont_email_post_to_subs":false,"_jetpack_newsletter_tier_id":0,"_jetpack_memberships_contains_paywalled_content":false,"_jetpack_memberships_contains_paid_content":false,"footnotes":"","jetpack_publicize_message":"","jetpack_publicize_feature_enabled":true,"jetpack_social_post_already_shared":true,"jetpack_social_options":{"image_generator_settings":{"template":"highway","default_image_id":0,"font":"","enabled":false},"version":2}},"categories":[1],"tags":[14691,27184,1692,592],"class_list":["post-163980","post","type-post","status-publish","format-standard","has-post-thumbnail","hentry","category-genel","tag-cocuklardan","tag-defilesi","tag-donusum","tag-geri"],"jetpack_publicize_connections":[],"jetpack_featured_media_url":"https:\/\/i0.wp.com\/www.tvturk.com\/wp-content\/uploads\/2019\/05\/cocuklardan-geri-donusum-defilesi_a9b7e23.jpg?fit=960%2C640","jetpack_sharing_enabled":true,"jetpack_shortlink":"https:\/\/wp.me\/paKIfm-GEQ","_links":{"self":[{"href":"http:\/\/www.tvturk.com\/index.php\/wp-json\/wp\/v2\/posts\/163980","targetHints":{"allow":["GET"]}}],"collection":[{"href":"http:\/\/www.tvturk.com\/index.php\/wp-json\/wp\/v2\/posts"}],"about":[{"href":"http:\/\/www.tvturk.com\/index.php\/wp-json\/wp\/v2\/types\/post"}],"author":[{"embeddable":true,"href":"http:\/\/www.tvturk.com\/index.php\/wp-json\/wp\/v2\/users\/1"}],"replies":[{"embeddable":true,"href":"http:\/\/www.tvturk.com\/index.php\/wp-json\/wp\/v2\/comments?post=163980"}],"version-history":[{"count":0,"href":"http:\/\/www.tvturk.com\/index.php\/wp-json\/wp\/v2\/posts\/163980\/revisions"}],"wp:featuredmedia":[{"embeddable":true,"href":"http:\/\/www.tvturk.com\/index.php\/wp-json\/wp\/v2\/media\/163981"}],"wp:attachment":[{"href":"http:\/\/www.tvturk.com\/index.php\/wp-json\/wp\/v2\/media?parent=163980"}],"wp:term":[{"taxonomy":"category","embeddable":true,"href":"http:\/\/www.tvturk.com\/index.php\/wp-json\/wp\/v2\/categories?post=163980"},{"taxonomy":"post_tag","embeddable":true,"href":"http:\/\/www.tvturk.com\/index.php\/wp-json\/wp\/v2\/tags?post=163980"}],"curies":[{"name":"wp","href":"https:\/\/api.w.org\/{rel}","templated":true}]}}