{"id":163998,"date":"2019-05-30T14:34:31","date_gmt":"2019-05-30T11:34:31","guid":{"rendered":"http:\/\/www.tvturk.com\/index.php\/traktor-uzum-baginda-fay-hattina-takildi\/"},"modified":"2019-05-30T14:34:31","modified_gmt":"2019-05-30T11:34:31","slug":"traktor-uzum-baginda-fay-hattina-takildi","status":"publish","type":"post","link":"http:\/\/www.tvturk.com\/index.php\/traktor-uzum-baginda-fay-hattina-takildi\/","title":{"rendered":"Trakt\u00f6r \u00fcz\u00fcm ba\u011f\u0131nda fay hatt\u0131na tak\u0131ld\u0131"},"content":{"rendered":"<p>Manisa\u2019n\u0131n Sar\u0131g\u00f6l il\u00e7esinde \u00fcz\u00fcm ba\u011f\u0131ndaki bir trakt\u00f6r, 1969 y\u0131l\u0131nda meydana gelen 6.8 b\u00fcy\u00fckl\u00fc\u011f\u00fcndeki deprem sonras\u0131 olu\u015ftu\u011fu iddia edilen ve \u00fczeri toprakla \u00f6rt\u00fclen fay hatt\u0131n\u0131n \u00e7\u00f6kmesi sonucu \u00e7ukura d\u00fc\u015ft\u00fc.<\/p>\n<p>Sar\u0131g\u00f6l\u2019de Tahsin Akdeniz\u2019e ait \u00fcz\u00fcm ba\u011f\u0131nda, trakt\u00f6rle ba\u011f \u00e7apas\u0131 yapmakta olan Mustafa Yamuk, \u00e7al\u0131\u015ft\u0131\u011f\u0131 esnada trakt\u00f6r\u00fcn sa\u011f \u00f6n tekerle\u011fi aniden topra\u011fa sapland\u0131. Uzun u\u011fra\u015flardan sonra trakt\u00f6r\u00fcn\u00fc \u00e7\u0131karamayan Mustafa Yamuk, arkada\u015flar\u0131ndan yard\u0131m istedi. \u00dcz\u00fcm ba\u011f\u0131na gelen arkada\u015flar\u0131 ba\u015fka bir trakt\u00f6r yard\u0131m\u0131 ile \u00e7ukura saplanan trakt\u00f6r\u00fc \u00e7ekerek kurtard\u0131. Trakt\u00f6r\u00fcn b\u00f6lgeden ge\u00e7en fay hatt\u0131 sonras\u0131 olu\u015fan \u00e7ukura d\u00fc\u015ft\u00fc\u011f\u00fc iddia edildi.<\/p>\n<p>&#8220;Fay hatt\u0131 ge\u00e7en yerleri toprakla doldurduk&#8221;<\/p>\n<p>Sar\u0131g\u00f6l Ziraat Odas\u0131 Ba\u015fkan\u0131 Ali \u0130hsan \u00dclgen, trakt\u00f6r\u00fcn topra\u011fa sapland\u0131\u011f\u0131 \u00fcz\u00fcm ba\u011f\u0131nda incelemelerde bulundu. \u00dclgen, 1969 y\u0131l\u0131nda meydana gelen 6.8 \u015fiddetinde deprem sonras\u0131 il\u00e7ede uzun fay hatt\u0131 olu\u015ftu\u011funu hat\u0131rlatarak, &#8220;Trakt\u00f6r\u00fcn fay hatt\u0131nda kald\u0131\u011f\u0131 \u00fcz\u00fcm ba\u011f\u0131nda 3-4 y\u0131l \u00f6nce fay hatt\u0131 olan yerleri toprakla doldurduk. \u0130l\u00e7emiz yak\u0131nlar\u0131nda olas\u0131 bir deprem bile Sar\u0131g\u00f6l fay hatt\u0131n\u0131 tetiklemekte bu nedenle fay hatt\u0131n\u0131n ge\u00e7ti\u011fi tar\u0131m alanlar\u0131nda daha dikkatli \u00e7al\u0131\u015fma yap\u0131lmas\u0131nda yarar var&#8221; dedi.<\/p>\n","protected":false},"excerpt":{"rendered":"<p>SARIG\u00d6L YAKINLARINDAK\u0130 TAHS\u0130N AKDEN\u0130Z\u2019E A\u0130T \u00dcZ\u00dcM BA\u011eINDA,TRAKT\u00d6RLE BA\u011e \u00c7APASI YAPMAKTA OLAN MUSTAFA YAMUK,\u00c7ALI\u015eTI\u011eI ESNADA TRAKT\u00d6R\u00dcN SA\u011e \u00d6N TEKERLE\u011e\u0130 AN\u0130DEN TOPRA\u011eA SAPLANDI.<\/p>\n","protected":false},"author":1,"featured_media":163999,"comment_status":"closed","ping_status":"open","sticky":false,"template":"","format":"standard","meta":{"jetpack_post_was_ever_published":false,"_jetpack_newsletter_access":"","_jetpack_dont_email_post_to_subs":false,"_jetpack_newsletter_tier_id":0,"_jetpack_memberships_contains_paywalled_content":false,"_jetpack_memberships_contains_paid_content":false,"footnotes":"","jetpack_publicize_message":"","jetpack_publicize_feature_enabled":true,"jetpack_social_post_already_shared":true,"jetpack_social_options":{"image_generator_settings":{"template":"highway","default_image_id":0,"font":"","enabled":false},"version":2}},"categories":[1],"tags":[38890,13679,3450,7048,475,1108],"class_list":["post-163998","post","type-post","status-publish","format-standard","has-post-thumbnail","hentry","category-genel","tag-baginda","tag-fay","tag-hattina","tag-takildi","tag-traktor","tag-uzum"],"jetpack_publicize_connections":[],"jetpack_featured_media_url":"https:\/\/i0.wp.com\/www.tvturk.com\/wp-content\/uploads\/2019\/05\/traktor-uzum-baginda-fay-hattina-takildi_e884fba.jpg?fit=1000%2C562","jetpack_sharing_enabled":true,"jetpack_shortlink":"https:\/\/wp.me\/paKIfm-GF8","_links":{"self":[{"href":"http:\/\/www.tvturk.com\/index.php\/wp-json\/wp\/v2\/posts\/163998","targetHints":{"allow":["GET"]}}],"collection":[{"href":"http:\/\/www.tvturk.com\/index.php\/wp-json\/wp\/v2\/posts"}],"about":[{"href":"http:\/\/www.tvturk.com\/index.php\/wp-json\/wp\/v2\/types\/post"}],"author":[{"embeddable":true,"href":"http:\/\/www.tvturk.com\/index.php\/wp-json\/wp\/v2\/users\/1"}],"replies":[{"embeddable":true,"href":"http:\/\/www.tvturk.com\/index.php\/wp-json\/wp\/v2\/comments?post=163998"}],"version-history":[{"count":0,"href":"http:\/\/www.tvturk.com\/index.php\/wp-json\/wp\/v2\/posts\/163998\/revisions"}],"wp:featuredmedia":[{"embeddable":true,"href":"http:\/\/www.tvturk.com\/index.php\/wp-json\/wp\/v2\/media\/163999"}],"wp:attachment":[{"href":"http:\/\/www.tvturk.com\/index.php\/wp-json\/wp\/v2\/media?parent=163998"}],"wp:term":[{"taxonomy":"category","embeddable":true,"href":"http:\/\/www.tvturk.com\/index.php\/wp-json\/wp\/v2\/categories?post=163998"},{"taxonomy":"post_tag","embeddable":true,"href":"http:\/\/www.tvturk.com\/index.php\/wp-json\/wp\/v2\/tags?post=163998"}],"curies":[{"name":"wp","href":"https:\/\/api.w.org\/{rel}","templated":true}]}}