{"id":164039,"date":"2019-05-30T15:03:24","date_gmt":"2019-05-30T12:03:24","guid":{"rendered":"http:\/\/www.tvturk.com\/index.php\/8-asirlik-gokmedrese-26-yil-sonra-kapilarini-acti\/"},"modified":"2019-05-30T15:03:24","modified_gmt":"2019-05-30T12:03:24","slug":"8-asirlik-gokmedrese-26-yil-sonra-kapilarini-acti","status":"publish","type":"post","link":"http:\/\/www.tvturk.com\/index.php\/8-asirlik-gokmedrese-26-yil-sonra-kapilarini-acti\/","title":{"rendered":"8 as\u0131rl\u0131k G\u00f6kmedrese 26 y\u0131l sonra kap\u0131lar\u0131n\u0131 a\u00e7t\u0131"},"content":{"rendered":"<p>Anadolu\u2019daki nadide Sel\u00e7uklu eserlerinden biri olan 748 y\u0131ll\u0131k G\u00f6kmedrese, 26 y\u0131l s\u00fcren restorasyon \u00e7al\u0131\u015fmalar\u0131n\u0131n ard\u0131ndan kap\u0131lar\u0131n\u0131 ziyaret\u00e7ilerine a\u00e7t\u0131.<\/p>\n<p>Sel\u00e7uklu Veziri Sahip Ata Fahreddin Ali\u2019nin 1271 y\u0131l\u0131nda mimar Konyal\u0131 Kaluyan\u2019a yapt\u0131rd\u0131\u011f\u0131 Sel\u00e7uklu mimarisinin en se\u00e7kin eserleri aras\u0131nda yer alana G\u00f6k Medrese\u2019de, 26 y\u0131l s\u00fcren restorasyon \u00e7al\u0131\u015fmalar\u0131n\u0131n b\u00fcy\u00fck bir k\u0131sm\u0131n\u0131n tamamlanmas\u0131 ile bug\u00fcn ziyaret\u00e7ilerine kap\u0131lar\u0131n\u0131 a\u00e7t\u0131. G\u00f6kmedrese, restorasyon \u00e7al\u0131\u015fmalar\u0131 devam etti\u011fi i\u00e7in bir s\u00fcre daha g\u00fcn i\u00e7inde sadece belli saatlerde ziyaret edilebilecek.<\/p>\n<p>G\u00f6kmedrese\u2019nin ziyaretlere a\u00e7\u0131lmas\u0131yla ilgili bilgi veren Sivas Vak\u0131flar B\u00f6lge  M\u00fcd\u00fcr\u00fc Cemal Karaca, \u201cG\u00f6kmedrese 26 y\u0131ll\u0131k bir ser\u00fcvenin sonunda, say\u0131n Cumhurba\u015fkan\u0131m\u0131z\u0131n Sivas ziyaretleri s\u0131ras\u0131nda genel m\u00fcd\u00fcrl\u00fc\u011f\u00fcm\u00fcze G\u00f6kmedrese\u2019nin ziyaretlere a\u00e7\u0131lmas\u0131 talimat\u0131 oldu. G\u00f6kmedrese ba\u015fl\u0131 ba\u015f\u0131na m\u00fcze konseptindedir. Bizde saat 12.00 ile 15.00 aras\u0131nda medreseyi halk\u0131m\u0131z\u0131n ziyaretine a\u00e7t\u0131k. Ufak tefek r\u00fctu\u015flar ve \u00e7ini tamirlerimiz devam etmektedir. Buran\u0131n daha te\u015fekk\u00fcll\u00fc bir \u015fekilde insanl\u0131\u011f\u0131n buradan istifade etti\u011fi bir zaman\u0131 da birlikte payla\u015faca\u011f\u0131z. Elimizde ba\u015fka g\u00f6k medrese yok. G\u00f6kmedrese bir tane. Bundan dolay\u0131 ince eleyip s\u0131k dokuyoruz\u201d dedi.<\/p>\n<p>Ayr\u0131ca medresenin ilk ziyaret\u00e7ileri de medresenin ziyarete a\u00e7\u0131lmas\u0131ndan dolay\u0131 duyduklar\u0131 memnuniyeti dile getirdi.<\/p>\n<p>G\u00f6kmedrese hakk\u0131nda<\/p>\n<p>G\u00f6kmedrese K\u00fclt\u00fcr Bakanl\u0131\u011f\u0131 kaynaklar\u0131na g\u00f6re; Sahibiye Medresesi diye de bilinir. Yap\u0131 fir\u00fcze renkli \u00e7inilerinden dolay\u0131 G\u00f6kmedrese ad\u0131yla tan\u0131nmaktad\u0131r. III. G\u0131yaseddin Keyhusrev devrinde vezir Fahreddin Ali b. H\u00fcseyin S\u00e2hib Ata taraf\u0131ndan 1271 y\u0131l\u0131nda yapt\u0131r\u0131lm\u0131\u015ft\u0131r. \u0130ki katl\u0131 ve a\u00e7\u0131k avlulu olarak d\u00f6rt eyvanl\u0131 plan d\u00fczenine g\u00f6re kurulan medresenin ta\u00e7kap\u0131s\u0131 bat\u0131 y\u00f6n\u00fcnde yer almaktad\u0131r. Cephede, ta\u00e7kap\u0131n\u0131n solunda kemeri yonca yapra\u011f\u0131 \u015feklinde yap\u0131lm\u0131\u015f \u00fc\u00e7 l\u00fcleli ilgin\u00e7 bir kitabeli \u00e7e\u015fme, k\u00f6\u015felerde de iki b\u00f6l\u00fcm halinde geometrik ve bitkisel kabartma motiflerle bezeli iki dayanma kulesi bulunmaktad\u0131r.<\/p>\n","protected":false},"excerpt":{"rendered":"<p>ANADOLU\u2019DA K\u0130 NAD\u0130DE SEL\u00c7UKLU ESERLER\u0130NDEN B\u0130R\u0130S\u0130 OLAN 748 YILLIK G\u00d6KMEDRESE 26 YIL S\u00dcREN RESTORASYON \u00c7ALI\u015eMALARININ ARDINDAN KAPILARINI Z\u0130YARET\u00c7\u0130LER\u0130NE A\u00c7TI.<\/p>\n","protected":false},"author":1,"featured_media":164040,"comment_status":"closed","ping_status":"open","sticky":false,"template":"","format":"standard","meta":{"jetpack_post_was_ever_published":false,"_jetpack_newsletter_access":"","_jetpack_dont_email_post_to_subs":false,"_jetpack_newsletter_tier_id":0,"_jetpack_memberships_contains_paywalled_content":false,"_jetpack_memberships_contains_paid_content":false,"footnotes":"","jetpack_publicize_message":"","jetpack_publicize_feature_enabled":true,"jetpack_social_post_already_shared":true,"jetpack_social_options":{"image_generator_settings":{"template":"highway","default_image_id":0,"font":"","enabled":false},"version":2}},"categories":[1],"tags":[1494,3115,38903,1560,2022,231],"class_list":["post-164039","post","type-post","status-publish","format-standard","has-post-thumbnail","hentry","category-genel","tag-acti","tag-asirlik","tag-gokmedrese","tag-kapilarini","tag-sonra","tag-yil"],"jetpack_publicize_connections":[],"jetpack_featured_media_url":"https:\/\/i0.wp.com\/www.tvturk.com\/wp-content\/uploads\/2019\/05\/8-asirlik-gokmedrese-26-yil-sonra-kapilarini-acti_39df5e3.jpg?fit=1000%2C666","jetpack_sharing_enabled":true,"jetpack_shortlink":"https:\/\/wp.me\/paKIfm-GFN","_links":{"self":[{"href":"http:\/\/www.tvturk.com\/index.php\/wp-json\/wp\/v2\/posts\/164039","targetHints":{"allow":["GET"]}}],"collection":[{"href":"http:\/\/www.tvturk.com\/index.php\/wp-json\/wp\/v2\/posts"}],"about":[{"href":"http:\/\/www.tvturk.com\/index.php\/wp-json\/wp\/v2\/types\/post"}],"author":[{"embeddable":true,"href":"http:\/\/www.tvturk.com\/index.php\/wp-json\/wp\/v2\/users\/1"}],"replies":[{"embeddable":true,"href":"http:\/\/www.tvturk.com\/index.php\/wp-json\/wp\/v2\/comments?post=164039"}],"version-history":[{"count":0,"href":"http:\/\/www.tvturk.com\/index.php\/wp-json\/wp\/v2\/posts\/164039\/revisions"}],"wp:featuredmedia":[{"embeddable":true,"href":"http:\/\/www.tvturk.com\/index.php\/wp-json\/wp\/v2\/media\/164040"}],"wp:attachment":[{"href":"http:\/\/www.tvturk.com\/index.php\/wp-json\/wp\/v2\/media?parent=164039"}],"wp:term":[{"taxonomy":"category","embeddable":true,"href":"http:\/\/www.tvturk.com\/index.php\/wp-json\/wp\/v2\/categories?post=164039"},{"taxonomy":"post_tag","embeddable":true,"href":"http:\/\/www.tvturk.com\/index.php\/wp-json\/wp\/v2\/tags?post=164039"}],"curies":[{"name":"wp","href":"https:\/\/api.w.org\/{rel}","templated":true}]}}