{"id":164043,"date":"2019-05-30T15:08:18","date_gmt":"2019-05-30T12:08:18","guid":{"rendered":"http:\/\/www.tvturk.com\/index.php\/kaybolan-nisa-ors-olayi-hakkindaki-sir-perdesi-aralaniyor\/"},"modified":"2019-05-30T15:08:18","modified_gmt":"2019-05-30T12:08:18","slug":"kaybolan-nisa-ors-olayi-hakkindaki-sir-perdesi-aralaniyor","status":"publish","type":"post","link":"http:\/\/www.tvturk.com\/index.php\/kaybolan-nisa-ors-olayi-hakkindaki-sir-perdesi-aralaniyor\/","title":{"rendered":"Kaybolan Nisa \u00d6rs olay\u0131 hakk\u0131ndaki s\u0131r perdesi aralan\u0131yor"},"content":{"rendered":"<p>Ge\u00e7ti\u011fimiz g\u00fcnlerde kaybolan ve polis ekiplerinin yo\u011fun \u00e7al\u0131\u015fmalar\u0131 sonucu 3 g\u00fcn sonra \u015fehir merkezinde bulunan Nisa \u00d6rs\u2019\u00fcn olay\u0131yla ilgili s\u0131r perdesi aralan\u0131yor. Gen\u00e7 k\u0131z\u0131n hastanedeki ilk kontrollerinde boynunda ve v\u00fccudunun \u00e7e\u015fitli yerinde darp izleri tespit edilirken, yak\u0131n \u00e7evresi \u00d6rs\u2019\u00fcn okuldan kendisini tehdit eden bir grup taraf\u0131ndan ka\u00e7\u0131r\u0131ld\u0131\u011f\u0131n\u0131 \u00f6ne s\u00fcrd\u00fc.<\/p>\n<p>Nisa \u00d6rs, 27 May\u0131s Pazartesi g\u00fcn\u00fc Tunal\u0131 Mahallesinde bulunan okuluna bir arkada\u015f\u0131yla birlikte gitti. \u0130ddialara g\u00f6re, ilk derse gittikten sonra arkada\u015f\u0131yla birlikte okuldan \u00e7\u0131kan \u00d6rs\u2019ten daha sonra haber al\u0131namad\u0131. Nisa \u00d6rs\u2019\u00fcn kay\u0131p haberlerinin yurt genelindeki bas\u0131n-yay\u0131n ara\u00e7lar\u0131nda geni\u015f yer bulmas\u0131 neticesinde vatanda\u015flardan gelen ihbarlar sonucunda Porsuk Bulvar\u0131 Adalar mevkiinde bulunan bir market \u00f6n\u00fcnde polis ekipleri taraf\u0131ndan bulundu.<\/p>\n<p>Kaybolan gen\u00e7 k\u0131z bulunduktan sonra polis ekiplerince hastaneye g\u00f6t\u00fcr\u00fcld\u00fc. Burada yap\u0131lan muayenede; boynunda ve v\u00fccudunda darp izlerine rastlan\u0131rken, sar\u0131 olan sa\u00e7 rengi \u2018Siyaha\u2019 boyanm\u0131\u015f, tehdit ve cebirle zorla al\u0131koyuldu\u011funa dair emareler tespit edildi. Nisa \u00d6rs, savc\u0131l\u0131k karar\u0131 ile koruma alt\u0131na al\u0131n\u0131rken adli s\u00fcre\u00e7 ve t\u0131bbi muayenesi devam etti\u011fi bildirildi.<\/p>\n<p>\u2018\u00d6rs\u2019\u00fc okulda tehdit eden grup\u00e7a ka\u00e7\u0131rd\u0131\u011f\u0131 oldu\u011fu iddia ediliyor\u2019<\/p>\n<p>Kayboldu\u011fu \u00f6ne s\u00fcr\u00fclen gen\u00e7 k\u0131z\u0131n olay\u0131 hakk\u0131nda Eski\u015fehir Cumhuriyet Ba\u015fsavc\u0131l\u0131\u011f\u0131 soru\u015fturmaya devam ederken, \u00d6rs\u2019\u00fcn kaybolmas\u0131na ili\u015fkin yak\u0131n \u00e7evresinin iddialar\u0131 ise ka\u00e7\u0131r\u0131ld\u0131\u011f\u0131 y\u00f6n\u00fcnde oldu. Okulda kendisini tehdit eden bir grup oldu\u011funu, Nisa \u00d6rs\u2019\u00fcn okuldan \u00e7\u0131kmas\u0131n\u0131 f\u0131rsat bilen \u015fah\u0131s veya \u015fah\u0131slarca ka\u00e7\u0131r\u0131ld\u0131\u011f\u0131 ve kay\u0131p haberlerinin medya arac\u0131l\u0131\u011f\u0131yla geni\u015f yer bulmas\u0131ndan sonra panikleyen \u015f\u00fcphelilerin Nisa \u00d6rs\u2019\u00fc Adalar mevkiine b\u0131rakt\u0131klar\u0131n\u0131 belirtti.<\/p>\n<p>Bu arada anne \u00d6rs\u2019\u00fcn, yak\u0131n zamanda k\u0131z\u0131yla ilgili ya\u015fananlar ve geli\u015fmeler ile ilgili bir a\u00e7\u0131klama yapaca\u011f\u0131 belirtiliyor<\/p>\n<p>\u201cEski\u015fehir\u2019imizde bu olaylar son bulana kadar pe\u015fini b\u0131rakmayaca\u011f\u0131z\u201d<\/p>\n<p>\u00d6te yandan Nisa \u00d6rs\u2019\u00fcn kayboldu\u011fu g\u00fcnden itibaren s\u00fcreci yak\u0131ndan takip eden Demokratik Sol Parti (DSP)  Odunpazar\u0131 \u0130l\u00e7e Ba\u015fkan\u0131 Fatih Alta\u015f, \u201cNisa \u00d6rs ile her t\u00fcrl\u00fc geli\u015fmeler bas\u0131n mensuplar\u0131 arac\u0131l\u0131\u011f\u0131yla kamuoyu ile payla\u015f\u0131lacakt\u0131r. Ba\u015fkaca benzer \u00fcz\u00fcc\u00fc olaylar\u0131n ya\u015fanmamas\u0131 i\u00e7in vatanda\u015flar\u0131m\u0131z\u0131 ve bas\u0131n\u0131m\u0131z\u0131 olay\u0131n takip\u00e7isi olmaya davet ediyoruz. Bizler DSP olarak konunun sonuna kadar takip\u00e7isi olacak, su\u00e7lular yakalan\u0131p hak ettikleri cezay\u0131 alana ve Eski\u015fehir\u2019imizde bu olaylar son bulana kadar bu olaylar\u0131n pe\u015fini b\u0131rakmamakta kararl\u0131y\u0131z\u201d dedi.<\/p>\n","protected":false},"excerpt":{"rendered":"<p>3 G\u00dcN SONRA \u015eEH\u0130R MERKEZ\u0130NDE BULUNAN \u00d6RS\u2019\u00dcN V\u00dcCUDUNDA DARP \u0130ZLER\u0130NE RASTLANDI<\/p>\n","protected":false},"author":1,"featured_media":164044,"comment_status":"closed","ping_status":"open","sticky":false,"template":"","format":"standard","meta":{"jetpack_post_was_ever_published":false,"_jetpack_newsletter_access":"","_jetpack_dont_email_post_to_subs":false,"_jetpack_newsletter_tier_id":0,"_jetpack_memberships_contains_paywalled_content":false,"_jetpack_memberships_contains_paid_content":false,"footnotes":"","jetpack_publicize_message":"","jetpack_publicize_feature_enabled":true,"jetpack_social_post_already_shared":true,"jetpack_social_options":{"image_generator_settings":{"template":"highway","default_image_id":0,"font":"","enabled":false},"version":2}},"categories":[1],"tags":[38907,11060,1782,38904,4198,38905,38906,9390],"class_list":["post-164043","post","type-post","status-publish","format-standard","has-post-thumbnail","hentry","category-genel","tag-aralaniyor","tag-hakkindaki","tag-kaybolan","tag-nisa","tag-olayi","tag-ors","tag-perdesi","tag-sir"],"jetpack_publicize_connections":[],"jetpack_featured_media_url":"https:\/\/i0.wp.com\/www.tvturk.com\/wp-content\/uploads\/2019\/05\/kaybolan-nisa-ors-olayi-hakkindaki-sir-perdesi-aralaniyor_0c6d175.jpg?fit=720%2C718","jetpack_sharing_enabled":true,"jetpack_shortlink":"https:\/\/wp.me\/paKIfm-GFR","_links":{"self":[{"href":"http:\/\/www.tvturk.com\/index.php\/wp-json\/wp\/v2\/posts\/164043","targetHints":{"allow":["GET"]}}],"collection":[{"href":"http:\/\/www.tvturk.com\/index.php\/wp-json\/wp\/v2\/posts"}],"about":[{"href":"http:\/\/www.tvturk.com\/index.php\/wp-json\/wp\/v2\/types\/post"}],"author":[{"embeddable":true,"href":"http:\/\/www.tvturk.com\/index.php\/wp-json\/wp\/v2\/users\/1"}],"replies":[{"embeddable":true,"href":"http:\/\/www.tvturk.com\/index.php\/wp-json\/wp\/v2\/comments?post=164043"}],"version-history":[{"count":0,"href":"http:\/\/www.tvturk.com\/index.php\/wp-json\/wp\/v2\/posts\/164043\/revisions"}],"wp:featuredmedia":[{"embeddable":true,"href":"http:\/\/www.tvturk.com\/index.php\/wp-json\/wp\/v2\/media\/164044"}],"wp:attachment":[{"href":"http:\/\/www.tvturk.com\/index.php\/wp-json\/wp\/v2\/media?parent=164043"}],"wp:term":[{"taxonomy":"category","embeddable":true,"href":"http:\/\/www.tvturk.com\/index.php\/wp-json\/wp\/v2\/categories?post=164043"},{"taxonomy":"post_tag","embeddable":true,"href":"http:\/\/www.tvturk.com\/index.php\/wp-json\/wp\/v2\/tags?post=164043"}],"curies":[{"name":"wp","href":"https:\/\/api.w.org\/{rel}","templated":true}]}}