{"id":164087,"date":"2019-05-30T15:51:38","date_gmt":"2019-05-30T12:51:38","guid":{"rendered":"http:\/\/www.tvturk.com\/index.php\/sirnakta-teror-magdurlari-icin-yapilan-konutlarin-kurasi-cekildi\/"},"modified":"2019-05-30T15:51:38","modified_gmt":"2019-05-30T12:51:38","slug":"sirnakta-teror-magdurlari-icin-yapilan-konutlarin-kurasi-cekildi","status":"publish","type":"post","link":"http:\/\/www.tvturk.com\/index.php\/sirnakta-teror-magdurlari-icin-yapilan-konutlarin-kurasi-cekildi\/","title":{"rendered":"\u015e\u0131rnak\u2019ta ter\u00f6r ma\u011fdurlar\u0131 i\u00e7in yap\u0131lan konutlar\u0131n kuras\u0131 \u00e7ekildi"},"content":{"rendered":"<p>\u015e\u0131rnak\u2019ta TOK\u0130 taraf\u0131ndan ter\u00f6r ma\u011fdurlar\u0131 i\u00e7in yap\u0131lan konutlarda 2\u2019inci etab\u0131n kura \u00e7ekili\u015fi yap\u0131ld\u0131.<\/p>\n<p>\u015e\u0131rnak kent merkezinde ter\u00f6r \u00f6rg\u00fct\u00fc PKK\u2019ya y\u00f6nelik d\u00fczenlenen \u00e7ukur ve barikat operasyonlar\u0131 s\u0131ras\u0131nda evleri y\u0131k\u0131lan vatanda\u015flar i\u00e7in TOK\u0130 taraf\u0131ndan in\u015fa edilen konutlardan 304\u2019\u00fc kurayla sahiplerine teslim edildi. Kent merkezinin 7 mahallesinde 2015-2016 y\u0131llar\u0131 aras\u0131nda ter\u00f6r \u00f6rg\u00fct\u00fc PKK taraf\u0131ndan kaz\u0131lan hendek ve kurulan barikatlar\u0131n kald\u0131r\u0131lmas\u0131 amac\u0131yla g\u00fcvenlik g\u00fc\u00e7lerince d\u00fczenlenen operasyonlar s\u0131ras\u0131nda evleri y\u0131k\u0131lan vatanda\u015flar i\u00e7in TOK\u0130 taraf\u0131ndan in\u015fa edilen konutlar\u0131n bir k\u0131sm\u0131 tamamland\u0131. Merkez Bah\u00e7elievler Mahallesi\u2019nde yap\u0131m\u0131 tamamlanan 304 konutun hak sahiplerine teslim edilmesi i\u00e7in kura \u00e7ekimi yap\u0131ld\u0131. \u015e\u0131rnak Gen\u00e7lik ve Spor Salonu\u2019nda yap\u0131lan kura \u00e7ekim t\u00f6renine \u015e\u0131rnak Valisi Mehmet Akta\u015f, Belediye Ba\u015fkan\u0131 Mehmet Yarka ve ter\u00f6r ma\u011fduru aileler kat\u0131ld\u0131. \u00c7evre ve \u015eehircilik M\u00fcd\u00fcr Yard\u0131mc\u0131s\u0131 Fahrettin \u0130\u015flek, kuras\u0131 \u00e7ekilecek konutlar hakk\u0131nda hak sahiplerine bilgi verdi.<\/p>\n<p>Kura \u00e7ekimi \u00f6ncesi konu\u015fan Vali Akta\u015f, bug\u00fcn\u00fcn \u015e\u0131rnak i\u00e7in tarihi ve anlaml\u0131 bir g\u00fcn oldu\u011funu belirterek, \u201cHepimizin bildi\u011fi gibi 2015 ve 2016 y\u0131llar\u0131nda b\u00f6l\u00fcc\u00fc ter\u00f6r \u00f6rg\u00fct\u00fc uygulad\u0131\u011f\u0131 \u00e7ukur ve barikat ter\u00f6r\u00fc ile \u015e\u0131rnak il merkezi ba\u015fta olmak \u00fczere bir\u00e7ok il\u00e7emizde bu hayat\u0131 bize zindan etti. \u00c7ar\u015f\u0131, pazar\u0131, soka\u011f\u0131 EYP ile d\u00f6\u015fediler ve onlar\u0131 patlatmas\u0131 neticesinde ilimiz ve il\u00e7elerimiz harap edildi. Binler ve on binlerce evimiz ve i\u015f yerimiz harap oldu. Ve sizler \u00e7ok uzun bir s\u00fcre \u015fehrinizi ve evinizi terk etmek zorunda kald\u0131n\u0131z. G\u00fcvenlik g\u00fc\u00e7lerimizin kahramanca m\u00fccadelesi sonucunda bu ter\u00f6r tehdidi ortadan kald\u0131r\u0131ld\u0131. O ter\u00f6r \u00f6rg\u00fct\u00fc mensuplar\u0131 o a\u00e7t\u0131klar\u0131 \u00e7ukurlarda g\u00f6m\u00fcld\u00fcler. \u015eehrimiz huzura ve g\u00fcvene kavu\u015ftu. Daha sonra da devletimiz y\u0131k\u0131lan i\u015f yerleri ve evler i\u00e7in bir seferberlik ba\u015flatt\u0131. \u00c7evre ve \u015eehircilik Bakanl\u0131\u011f\u0131n koordinasyonu ile TOK\u0130 ve di\u011fer kurulu\u015flar \u015fehrimizi yeniden aya\u011fa kald\u0131rmak i\u00e7in b\u00fcy\u00fck ve hummal\u0131 bir \u00e7al\u0131\u015fma i\u00e7erisine girdiler. Bu kapsamda \u015e\u0131rnak merkezde 5 bin 716 konut ve 300 i\u015f yeri olmak \u00fczere, \u015e\u0131rnak genelinde ise 11 bin \u00fcst\u00fc konut ve 600 i\u015f yeri yap\u0131ld\u0131. \u0130l\u00e7eler tamamland\u0131 ve hak sahiplerine teslim edildi. \u015eu anda bir\u00e7o\u011fu oturuyor. \u015eu anda da bu s\u00fcre\u00e7 ba\u015flam\u0131\u015f oldu. Bah\u00e7elievler mahallesine 304 konut i\u00e7in in\u015fallah kuras\u0131n\u0131 \u00e7ekece\u011fiz ve hak sahiplerine teslim edece\u011fiz. Di\u011ferlerini de peyderpey da\u011f\u0131tarak, bu yaz i\u00e7erisinde siz de\u011ferli vatanda\u015flar\u0131m\u0131za teslim edece\u011fiz. Belediye ba\u015fkan\u0131m\u0131z\u0131n \u00f6nc\u00fcl\u00fc\u011f\u00fcnde altyap\u0131 ve \u00e7evre d\u00fczenlemeleri ile birlikte \u00e7ok g\u00fczel ve modern bir \u015fehir g\u00f6r\u00fcn\u00fcm\u00fcne kavu\u015facak\u201d dedi.<\/p>\n<p>\u015e\u0131rnak Belediye Ba\u015fkan\u0131 Yarka ise, bug\u00fcn\u00fcn kendisi i\u00e7in \u00e7ok \u00f6nemli oldu\u011funu s\u00f6yledi. Yarka, \u201c\u00d6zellikle \u015e\u0131rnak Belediye Ba\u015fkanl\u0131\u011f\u0131 adayl\u0131k s\u00fcrecimde ve 2016 y\u0131l\u0131nda \u00e7ukur siyasetinden sonra y\u0131k\u0131lan bir \u015e\u0131rnak\u2019\u0131n in\u015fas\u0131n\u0131 \u00fcstlenen \u00c7evre ve \u015eehircilik Bakanl\u0131\u011f\u0131m\u0131z bu \u00e7al\u0131\u015fmay\u0131 ba\u015far\u0131yla tamamlad\u0131. Bug\u00fcn Bah\u00e7elievler 1. b\u00f6lge 2. etap 304 konut kuras\u0131n\u0131 \u00e7ekece\u011fiz. Hak sahiplerine hay\u0131rl\u0131 u\u011furlu olsun\u201d diye konu\u015ftu.<\/p>\n<p>A\u00e7\u0131klamalardan sonra \u015e\u0131rnak 2. Noteri huzurunda hak sahipleri taraf\u0131ndan kura \u00e7ekili\u015fi yap\u0131ld\u0131.<\/p>\n","protected":false},"excerpt":{"rendered":"<p>\u015eIRNAK\u2019TA, TOK\u0130 TARAFINDAN TER\u00d6R MA\u011eDURLARI \u0130\u00c7\u0130N YAPILAN KONUTLARDA 2\u2019\u0130NC\u0130 ETABIN KURA \u00c7EK\u0130L\u0130\u015e\u0130 YAPILDI.<\/p>\n","protected":false},"author":1,"featured_media":164088,"comment_status":"closed","ping_status":"open","sticky":false,"template":"","format":"standard","meta":{"jetpack_post_was_ever_published":false,"_jetpack_newsletter_access":"","_jetpack_dont_email_post_to_subs":false,"_jetpack_newsletter_tier_id":0,"_jetpack_memberships_contains_paywalled_content":false,"_jetpack_memberships_contains_paid_content":false,"footnotes":"","jetpack_publicize_message":"","jetpack_publicize_feature_enabled":true,"jetpack_social_post_already_shared":true,"jetpack_social_options":{"image_generator_settings":{"template":"highway","default_image_id":0,"font":"","enabled":false},"version":2}},"categories":[1],"tags":[445,44,10773,10774,10772,2002,3990,530],"class_list":["post-164087","post","type-post","status-publish","format-standard","has-post-thumbnail","hentry","category-genel","tag-cekildi","tag-icin","tag-konutlarin","tag-kurasi","tag-magdurlari","tag-sirnakta","tag-teror","tag-yapilan"],"jetpack_publicize_connections":[],"jetpack_featured_media_url":"https:\/\/i0.wp.com\/www.tvturk.com\/wp-content\/uploads\/2019\/05\/sirnakta-teror-magdurlari-icin-yapilan-konutlarin-kurasi-cekildi_21db4f6.jpg?fit=1000%2C638","jetpack_sharing_enabled":true,"jetpack_shortlink":"https:\/\/wp.me\/paKIfm-GGz","_links":{"self":[{"href":"http:\/\/www.tvturk.com\/index.php\/wp-json\/wp\/v2\/posts\/164087","targetHints":{"allow":["GET"]}}],"collection":[{"href":"http:\/\/www.tvturk.com\/index.php\/wp-json\/wp\/v2\/posts"}],"about":[{"href":"http:\/\/www.tvturk.com\/index.php\/wp-json\/wp\/v2\/types\/post"}],"author":[{"embeddable":true,"href":"http:\/\/www.tvturk.com\/index.php\/wp-json\/wp\/v2\/users\/1"}],"replies":[{"embeddable":true,"href":"http:\/\/www.tvturk.com\/index.php\/wp-json\/wp\/v2\/comments?post=164087"}],"version-history":[{"count":0,"href":"http:\/\/www.tvturk.com\/index.php\/wp-json\/wp\/v2\/posts\/164087\/revisions"}],"wp:featuredmedia":[{"embeddable":true,"href":"http:\/\/www.tvturk.com\/index.php\/wp-json\/wp\/v2\/media\/164088"}],"wp:attachment":[{"href":"http:\/\/www.tvturk.com\/index.php\/wp-json\/wp\/v2\/media?parent=164087"}],"wp:term":[{"taxonomy":"category","embeddable":true,"href":"http:\/\/www.tvturk.com\/index.php\/wp-json\/wp\/v2\/categories?post=164087"},{"taxonomy":"post_tag","embeddable":true,"href":"http:\/\/www.tvturk.com\/index.php\/wp-json\/wp\/v2\/tags?post=164087"}],"curies":[{"name":"wp","href":"https:\/\/api.w.org\/{rel}","templated":true}]}}