{"id":164091,"date":"2019-05-30T16:07:07","date_gmt":"2019-05-30T13:07:07","guid":{"rendered":"http:\/\/www.tvturk.com\/index.php\/akhisar-belediyesi-ile-akhisarspor-yonetimi-arasinda-gerilim-var\/"},"modified":"2019-05-30T16:07:07","modified_gmt":"2019-05-30T13:07:07","slug":"akhisar-belediyesi-ile-akhisarspor-yonetimi-arasinda-gerilim-var","status":"publish","type":"post","link":"http:\/\/www.tvturk.com\/index.php\/akhisar-belediyesi-ile-akhisarspor-yonetimi-arasinda-gerilim-var\/","title":{"rendered":"Akhisar Belediyesi ile Akhisarspor y\u00f6netimi aras\u0131nda gerilim var"},"content":{"rendered":"<p>CHP\u2019li Akhisar Belediye Ba\u015fkan\u0131 Besim Dutlulu, 31 Mart\u2019ta AK Parti\u2019den Akhisar Belediye Ba\u015fkan aday\u0131 olan H\u00fcseyin Ery\u00fcksel ba\u015fkanl\u0131\u011f\u0131ndaki Akhisarspor y\u00f6netimi aras\u0131nda anla\u015fmazl\u0131klar s\u00fcr\u00fcyor. Belediye Ba\u015fkan\u0131 Besim Dutlulu, sosyal medya hesab\u0131ndan yapt\u0131\u011f\u0131 a\u00e7\u0131klamada, &#8220;Tak\u0131m\u0131m\u0131z\u0131n ligde kalma m\u00fccadelesi s\u00fcresince sessizli\u011fimizi koruduk. Fakat art\u0131k bu konuya bir \u2018Dur\u2019 demenin zaman\u0131 geldi&#8221; ifadelerini kulland\u0131.<\/p>\n<p>Spor Toto S\u00fcper Lig\u2019den d\u00fc\u015fen Akhisarspor\u2019da mevut y\u00f6netim ile Akhisar Belediyespor aras\u0131nda gerginlik devam ediyor. Daha \u00f6nce &#8220;Art\u0131k Akhisarsporumuz i\u00e7in yeni bir ba\u015flang\u0131\u00e7 ve yeni bir ba\u015fkan zaman\u0131..&#8221; \u015feklinde bir payla\u015f\u0131m yapan Akhisar Belediye Ba\u015fkan\u0131 Besim Dutlulu, yine sosyal medya hesab\u0131ndan Akhisarspor\u2019a y\u00f6nelik a\u00e7\u0131klamalarda bulundu. Dutlulu, yapt\u0131\u011f\u0131 a\u00e7\u0131klamada \u015fu ifadelere yer verdi: \u201cHerkesin bildi\u011fi gibi Akhisar Belediyesi ile Akhisar Belediye Gen\u00e7lik ve Spor Kul\u00fcb\u00fc Derne\u011fi (Akhisarspor), aras\u0131nda organik bir ba\u011f bulunmamas\u0131na ra\u011fmen, belediyemiz taraf\u0131ndan tak\u0131ma ciddi bir kaynak aktar\u0131lmaktad\u0131r. \u015eehrimin tak\u0131m\u0131n\u0131 gen\u00e7lik y\u0131llar\u0131mdan beri destekliyorum ve desteklemeye de devam edece\u011fim. Fakat bor\u00e7lu bir \u015fekilde devrald\u0131\u011f\u0131m\u0131z belediye b\u00fct\u00e7emizin yeniden yap\u0131land\u0131r\u0131lmas\u0131 ve Akhisarspor y\u00f6netiminin bu noktada bize hi\u00e7 yard\u0131mc\u0131 olmamas\u0131 sebebiyle yeni kararlar almam\u0131z elzem olmu\u015ftur. Akhisarspor art\u0131k halktan ve taraftardan uzakla\u015farak sadece belli bir kesimin hegemonyas\u0131 alt\u0131nda hizmet etmeye ba\u015flam\u0131\u015ft\u0131r. Bu durum Akhisarspor\u2019a ve Akhisar halk\u0131na zarar veriyor.<\/p>\n<p>Mevcut y\u00f6netimin kontrol\u00fcndeki Akhisarspor\u2019un b\u00fct\u00e7esinin \u015feffafl\u0131ktan uzak olmas\u0131, kongre ve y\u00f6netim kurulu se\u00e7imlerinin gizli olarak y\u00fcr\u00fct\u00fclmesi ve kamuoyunun bilgilendirilmemesi de bu \u015fekilde bir tav\u0131r sergilememizin nedenleri aras\u0131ndad\u0131r. M\u00fclkiyeti Akhisar Belediyesi\u2019ne ait Spor Toto Akhisar Belediye Stadyumu ile Akhisarspor\u2019un antrenmanlarda kulland\u0131\u011f\u0131 tesislerimiz, yine Akhisarspor\u2019un hizmetine sunulmaya ve d\u00fczenli bak\u0131mlar\u0131n\u0131n taraf\u0131m\u0131zca yap\u0131lmas\u0131na devam edilecektir.  Bu konuda herhangi bir s\u0131k\u0131nt\u0131 yoktur. \u00d6te yandan yine m\u00fclkiyeti Akhisar Belediyesine ait olan ve Akhisarspor\u2019a gelir getirici tesislerin, sona erecek s\u00f6zle\u015fmeleri i\u00e7in kanunlar\u0131n emretti\u011fi \u015fekilde, belirlenen yasal s\u00fcre i\u00e7erisinde, kul\u00fcp y\u00f6netimine tebligat verilmi\u015ftir. Y\u00f6netim ile uzla\u015fma \u00e7al\u0131\u015fmalar\u0131m\u0131z her zaman devam edecektir.<\/p>\n<p>Akhisarspor b\u00fcnyesinde \u00e7al\u0131\u015fan Akhisar Belediyesi\u2019nin bordrolu 75 personel de belediyemize geri \u00e7a\u011fr\u0131lm\u0131\u015ft\u0131r. Ramazan Bayram\u0131 ard\u0131ndan bizimle \u00e7al\u0131\u015fmay\u0131 kabul eden bu personelimiz, belediyemiz b\u00fcnyesinde \u00e7al\u0131\u015fmaya devam edecektir. Yine Akhisarspor y\u00f6netimi taraf\u0131ndan kapat\u0131lan alt yap\u0131 organizasyonlar\u0131na da sahip \u00e7\u0131kmak amac\u0131yla, ilk olarak yaz spor okullar\u0131n\u0131 belediyemiz b\u00fcnyesine alarak, gen\u00e7lerimizin spor faaliyetlerini y\u00fcr\u00fctebilmeleri i\u00e7in her t\u00fcrl\u00fc deste\u011fi devam ettirece\u011fiz.<\/p>\n<p>Tak\u0131m\u0131m\u0131z\u0131n ligde kalma m\u00fccadelesi s\u00fcresince sessizli\u011fimizi koruduk. Fakat art\u0131k bu konuya bir \u2018Dur\u2019 demenin zaman\u0131 geldi. T\u00fcm halk\u0131m\u0131z\u0131n ortak de\u011feri olan Akhisarspor\u2019umuzun, Akhisar halk\u0131 ile yeniden bulu\u015fturulmas\u0131, taraftar ile yeniden kucakla\u015ft\u0131r\u0131lmas\u0131 i\u00e7in her t\u00fcrl\u00fc hak arama m\u00fccadelemizi s\u00fcrd\u00fcrece\u011fiz. Halk\u0131m\u0131z\u0131n bizden talep etti\u011fi de budur. Takdir kamuoyunundur\u201d<\/p>\n","protected":false},"excerpt":{"rendered":"<p>CHP&#8217;L\u0130 AKH\u0130SAR BELED\u0130YE BA\u015eKANI BES\u0130M DUTLULU, 31 MART&#8217;TA AK PART\u0130&#8217;DEN AKH\u0130SAR BELED\u0130YE BA\u015eKAN ADAYI OLAN H\u00dcSEY\u0130N ERY\u00dcKSEL BA\u015eKANLI\u011eINDAK\u0130 AKH\u0130SARSPOR Y\u00d6NET\u0130M\u0130 ARASINDA ANLA\u015eMAZLIKLAR S\u00dcR\u00dcYOR.<\/p>\n","protected":false},"author":1,"featured_media":164092,"comment_status":"closed","ping_status":"open","sticky":false,"template":"","format":"standard","meta":{"jetpack_post_was_ever_published":false,"_jetpack_newsletter_access":"","_jetpack_dont_email_post_to_subs":false,"_jetpack_newsletter_tier_id":0,"_jetpack_memberships_contains_paywalled_content":false,"_jetpack_memberships_contains_paid_content":false,"footnotes":"","jetpack_publicize_message":"","jetpack_publicize_feature_enabled":true,"jetpack_social_post_already_shared":true,"jetpack_social_options":{"image_generator_settings":{"template":"highway","default_image_id":0,"font":"","enabled":false},"version":2}},"categories":[657],"tags":[5415,1284,1882,383,3449,192,181,1543],"class_list":["post-164091","post","type-post","status-publish","format-standard","has-post-thumbnail","hentry","category-spor","tag-akhisar","tag-akhisarspor","tag-arasinda","tag-belediyesi","tag-gerilim","tag-ile","tag-var","tag-yonetimi"],"jetpack_publicize_connections":[],"jetpack_featured_media_url":"https:\/\/i0.wp.com\/www.tvturk.com\/wp-content\/uploads\/2019\/05\/akhisar-belediyesi-ile-akhisarspor-yonetimi-arasinda-gerilim-var_3930a7b.jpg?fit=1000%2C666","jetpack_sharing_enabled":true,"jetpack_shortlink":"https:\/\/wp.me\/paKIfm-GGD","_links":{"self":[{"href":"http:\/\/www.tvturk.com\/index.php\/wp-json\/wp\/v2\/posts\/164091","targetHints":{"allow":["GET"]}}],"collection":[{"href":"http:\/\/www.tvturk.com\/index.php\/wp-json\/wp\/v2\/posts"}],"about":[{"href":"http:\/\/www.tvturk.com\/index.php\/wp-json\/wp\/v2\/types\/post"}],"author":[{"embeddable":true,"href":"http:\/\/www.tvturk.com\/index.php\/wp-json\/wp\/v2\/users\/1"}],"replies":[{"embeddable":true,"href":"http:\/\/www.tvturk.com\/index.php\/wp-json\/wp\/v2\/comments?post=164091"}],"version-history":[{"count":0,"href":"http:\/\/www.tvturk.com\/index.php\/wp-json\/wp\/v2\/posts\/164091\/revisions"}],"wp:featuredmedia":[{"embeddable":true,"href":"http:\/\/www.tvturk.com\/index.php\/wp-json\/wp\/v2\/media\/164092"}],"wp:attachment":[{"href":"http:\/\/www.tvturk.com\/index.php\/wp-json\/wp\/v2\/media?parent=164091"}],"wp:term":[{"taxonomy":"category","embeddable":true,"href":"http:\/\/www.tvturk.com\/index.php\/wp-json\/wp\/v2\/categories?post=164091"},{"taxonomy":"post_tag","embeddable":true,"href":"http:\/\/www.tvturk.com\/index.php\/wp-json\/wp\/v2\/tags?post=164091"}],"curies":[{"name":"wp","href":"https:\/\/api.w.org\/{rel}","templated":true}]}}