{"id":164093,"date":"2019-05-30T16:10:23","date_gmt":"2019-05-30T13:10:23","guid":{"rendered":"http:\/\/www.tvturk.com\/index.php\/iyi-yonetim-ilkeleri-yarismasinin-kazananlari-odullerine-kavustu\/"},"modified":"2019-05-30T16:10:23","modified_gmt":"2019-05-30T13:10:23","slug":"iyi-yonetim-ilkeleri-yarismasinin-kazananlari-odullerine-kavustu","status":"publish","type":"post","link":"http:\/\/www.tvturk.com\/index.php\/iyi-yonetim-ilkeleri-yarismasinin-kazananlari-odullerine-kavustu\/","title":{"rendered":"\u2019\u0130yi Y\u00f6netim \u0130lkeleri\u2019 yar\u0131\u015fmas\u0131n\u0131n kazananlar\u0131 \u00f6d\u00fcllerine kavu\u015ftu"},"content":{"rendered":"<p>Kamu Denet\u00e7ili\u011fi Kurumu ve \u0130stanbul \u0130l Milli E\u011fitim M\u00fcd\u00fcrl\u00fc\u011f\u00fc\u2019n\u00fcn ortakla\u015fa d\u00fczenledi\u011fi liseleraras\u0131 \u2018\u0130yi Y\u00f6netim \u0130lkeleri\u2019 yar\u0131\u015fmas\u0131n\u0131n \u00f6d\u00fcl t\u00f6reni d\u00fczenlendi. Resim, kompozisyon, afi\u015f ve k\u0131sa film kategorilerinde yar\u0131\u015fan liseli gen\u00e7lerden kazananlar t\u00f6rende \u00f6d\u00fcllerine kavu\u015ftu.<\/p>\n<p>Kamu Denet\u00e7ili\u011fi Kurumu (KDK) ve \u0130stanbul \u0130l Milli E\u011fitim M\u00fcd\u00fcrl\u00fc\u011f\u00fc\u2019n\u00fcn ortakla\u015fa d\u00fczenledi\u011fi liseleraras\u0131 \u2018\u0130yi Y\u00f6netim \u0130lkeleri\u2019 yar\u0131\u015fmas\u0131n\u0131n \u00f6d\u00fcl t\u00f6reni \u00dcsk\u00fcdar\u2019da d\u00fczenlendi. \u201cKamu Hizmetlerinde \u0130yi Y\u00f6netim \u0130lkeleri\u201d konusuyla d\u00fczenlenen yar\u0131\u015fman\u0131n \u00f6d\u00fcl t\u00f6reninde, yar\u0131\u015fman\u0131n kazananlar\u0131na \u00f6d\u00fclleri takdim edildi. \u00dcsk\u00fcdar Belediyesi Ba\u011flarba\u015f\u0131 Kongre ve K\u00fclt\u00fcr Merkezi\u2019nde d\u00fczenlenen t\u00f6rene \u0130stanbul Valisi Ali Yerlikaya, \u00dcsk\u00fcdar Kaymakam\u0131 Murat Sefa Demiry\u00fcrek, eski Meclis Ba\u015fkan\u0131 \u0130smail Kahraman, Kamu Ba\u015fdenet\u00e7isi \u015eeref Malko\u00e7,  \u0130stanbul \u0130l Milli E\u011fitim M\u00fcd\u00fcr\u00fc Levent Yaz\u0131c\u0131, \u0130stanbul \u0130l\u00e7e Milli E\u011fitim M\u00fcd\u00fcrleri, okul y\u00f6neticileri, \u00f6\u011fretmenler ve \u00f6\u011frenciler kat\u0131ld\u0131.<\/p>\n<p>Gen\u00e7leri ombudsmanl\u0131kla tan\u0131\u015ft\u0131rmak amac\u0131yla d\u00fczenlenen ve bir\u00e7ok lise \u00f6\u011frencisine ula\u015fan yar\u0131\u015fmada ilk elemeyi ge\u00e7en 303 okuldan 597 eser aras\u0131ndan se\u00e7im yap\u0131ld\u0131. Se\u00e7ilen eserlerden dereceye girenler belirlendi. Resim, kompozisyon, afi\u015f ve k\u0131sa film dallar\u0131n\u0131n her birinde ortaya koyduklar\u0131 eserler ile yar\u0131\u015fan gen\u00e7lerden ilk \u00fc\u00e7e girenler \u00f6d\u00fcllerine kavu\u015ftu. Ayr\u0131ca ilk \u00fc\u00e7e giren eserin yan\u0131 s\u0131ra \u00fc\u00e7 esere de te\u015fvik \u00f6d\u00fcl\u00fc verildi. Her dalda 6 esere olmak \u00fczere, toplam 24 \u00f6\u011frenciye \u00f6d\u00fclleri takdim edildi.<\/p>\n<p>\u00d6d\u00fcl t\u00f6reni \u00f6ncesi konu\u015fma yapan \u015eeref Malko\u00e7, \u201cKamu denet\u00e7ili\u011fi kurumu yani d\u00fcnyadaki yayg\u0131n ad\u0131yla Ombudsmanl\u0131k T\u00fcrkiye\u2019de \u00e7ok yeni bir kurum. Daha hen\u00fcz 6. y\u0131l\u0131nda. Mazisi bizde var ancak bu g\u00fcnk\u00fc anlad\u0131\u011f\u0131m\u0131z manada \u015fekillenmesi kurumsalla\u015fmas\u0131 \u00e7ok yeni. Bizim ana g\u00f6revimiz devletle, idare ile vatanda\u015flar aras\u0131ndaki sorunlar\u0131 mahkemelere intikal ettirmeden \u00e7\u00f6zmek. T\u00fcrkiye\u2019deki kamu hizmeti veren b\u00fct\u00fcn kurumlar\u0131n i\u015flem, tutum ve davran\u0131\u015flar\u0131 \u015fikayet olarak bize geliyor. Kurumdaki toplant\u0131lar\u0131m\u0131zda hep \u015funu s\u00f6yl\u00fcyorum, kamu denet\u00e7ili\u011fi kurumu vatanda\u015fla devlet aras\u0131nda sorun \u00e7\u0131kt\u0131\u011f\u0131nda bunu \u00e7\u00f6zmek i\u00e7in vard\u0131r\u201d ifadelerini kulland\u0131.<\/p>\n<p>Yapt\u0131\u011f\u0131 konu\u015fmada Vali Yerlikaya Ramazan ay\u0131na dikkat \u00e7ekerek , \u201cRamazan\u2019\u0131n art\u0131k son g\u00fcnlerine girdik. A\u011f\u0131rla\u015ft\u0131k. Ba\u015f\u0131 rahmet, ortas\u0131 ma\u011ffiret bayram sevincini \u0130n\u015fallah beraber kucakla\u015faca\u011f\u0131m\u0131z g\u00fcnlere az kald\u0131. \u00d6yle bir kampanya var ki bin aydan daha hay\u0131rl\u0131 bir gecenin sakl\u0131 oldu\u011fu g\u00fcnleri geceleri idrak ediyoruz. Ben de \u015eeref a\u011fabeyimiz gibi  Kadir gecenizi tebrik ediyoruz. Ramazan bayram\u0131m\u0131z\u0131 medeniyetimizin ba\u015fkenti, g\u00f6zbebe\u011fimiz, d\u00fcnya ba\u015fkenti \u0130stanbul\u2019umuzun b\u00fct\u00fcn hem\u015ferilerine ve b\u00fct\u00fcn \u00fclkemize g\u00f6n\u00fcl co\u011frafyam\u0131za bar\u0131\u015f, huzur, esenlik getirmesini, birlik beraberlik getirmesini y\u00fcce Allah\u2019tan niyaz ediyorum. Ombudsman kamu hizmetinin g\u00f6n\u00fclleri kazanma ruhunun tabana yay\u0131lmas\u0131 a\u00e7\u0131s\u0131ndan \u00e7ok \u00f6nemsiyorum\u201d \u015feklinde konu\u015ftu.<\/p>\n<p>Eski Meclis Ba\u015fkan\u0131 Kahraman, \u201cOmbudsmanl\u0131\u011f\u0131n tarihi eski ama kabul\u00fc yeni. Ombudsmanlar\u0131 T\u00fcrkiye B\u00fcy\u00fck Millet Meclisi se\u00e7er. Ba\u015fkan\u0131n\u0131 da T\u00fcrkiye B\u00fcy\u00fck Millet Meclisi se\u00e7er. Yani milli hakimiyetin temsil yerinde se\u00e7ilen ki\u015filerdirler. Dolay\u0131s\u0131yla mecliste irintileri bu noktadan var, ama ba\u011fl\u0131 de\u011fildirler\u201d dedi.<\/p>\n<p>Kazanan gen\u00e7ler \u00f6d\u00fcllerini s\u0131ras\u0131yla eski Meclis Ba\u015fkan\u0131 \u0130smail Kahraman, Kamu Ba\u015fdenet\u00e7isi \u015eeref Malko\u00e7, \u0130stanbul Valisi Ali Yerlikaya ve bir\u00e7ok \u00f6nemli kat\u0131l\u0131mc\u0131dan ald\u0131lar.<\/p>\n","protected":false},"excerpt":{"rendered":"<p>KAMU DENET\u00c7\u0130L\u0130\u011e\u0130 KURUMU VE \u0130STANBUL \u0130L M\u0130LL\u0130 E\u011e\u0130T\u0130M M\u00dcD\u00dcRL\u00dc\u011e\u00dc\u2019N\u00dcN ORTAKLA\u015eA D\u00dcZENLED\u0130\u011e\u0130 L\u0130SELERARASI \u2018\u0130Y\u0130 Y\u00d6NET\u0130M \u0130LKELER\u0130\u2019 YARI\u015eMASININ \u00d6D\u00dcL T\u00d6REN\u0130 D\u00dcZENLEND\u0130. RES\u0130M, KOMPOZ\u0130SYON, AF\u0130\u015e VE KISA F\u0130LM KATEGOR\u0130LER\u0130NDE YARI\u015eAN L\u0130SEL\u0130 GEN\u00c7LERDEN KAZANANLAR T\u00d6RENDE \u00d6D\u00dcLLER\u0130NE KAVU\u015eTU.<\/p>\n","protected":false},"author":1,"featured_media":164094,"comment_status":"closed","ping_status":"open","sticky":false,"template":"","format":"standard","meta":{"jetpack_post_was_ever_published":false,"_jetpack_newsletter_access":"","_jetpack_dont_email_post_to_subs":false,"_jetpack_newsletter_tier_id":0,"_jetpack_memberships_contains_paywalled_content":false,"_jetpack_memberships_contains_paid_content":false,"footnotes":"","jetpack_publicize_message":"","jetpack_publicize_feature_enabled":true,"jetpack_social_post_already_shared":true,"jetpack_social_options":{"image_generator_settings":{"template":"highway","default_image_id":0,"font":"","enabled":false},"version":2}},"categories":[1],"tags":[38927,1552,1825,38667,31072,6682,246],"class_list":["post-164093","post","type-post","status-publish","format-standard","has-post-thumbnail","hentry","category-genel","tag-ilkeleri","tag-iyi","tag-kavustu","tag-kazananlari","tag-odullerine","tag-yarismasinin","tag-yonetim"],"jetpack_publicize_connections":[],"jetpack_featured_media_url":"https:\/\/i0.wp.com\/www.tvturk.com\/wp-content\/uploads\/2019\/05\/iyi-yonetim-ilkeleri-yarismasinin-kazananlari-odullerine-kavustu_385eb67.jpg?fit=1000%2C750","jetpack_sharing_enabled":true,"jetpack_shortlink":"https:\/\/wp.me\/paKIfm-GGF","_links":{"self":[{"href":"http:\/\/www.tvturk.com\/index.php\/wp-json\/wp\/v2\/posts\/164093","targetHints":{"allow":["GET"]}}],"collection":[{"href":"http:\/\/www.tvturk.com\/index.php\/wp-json\/wp\/v2\/posts"}],"about":[{"href":"http:\/\/www.tvturk.com\/index.php\/wp-json\/wp\/v2\/types\/post"}],"author":[{"embeddable":true,"href":"http:\/\/www.tvturk.com\/index.php\/wp-json\/wp\/v2\/users\/1"}],"replies":[{"embeddable":true,"href":"http:\/\/www.tvturk.com\/index.php\/wp-json\/wp\/v2\/comments?post=164093"}],"version-history":[{"count":0,"href":"http:\/\/www.tvturk.com\/index.php\/wp-json\/wp\/v2\/posts\/164093\/revisions"}],"wp:featuredmedia":[{"embeddable":true,"href":"http:\/\/www.tvturk.com\/index.php\/wp-json\/wp\/v2\/media\/164094"}],"wp:attachment":[{"href":"http:\/\/www.tvturk.com\/index.php\/wp-json\/wp\/v2\/media?parent=164093"}],"wp:term":[{"taxonomy":"category","embeddable":true,"href":"http:\/\/www.tvturk.com\/index.php\/wp-json\/wp\/v2\/categories?post=164093"},{"taxonomy":"post_tag","embeddable":true,"href":"http:\/\/www.tvturk.com\/index.php\/wp-json\/wp\/v2\/tags?post=164093"}],"curies":[{"name":"wp","href":"https:\/\/api.w.org\/{rel}","templated":true}]}}