{"id":164111,"date":"2019-05-30T16:45:59","date_gmt":"2019-05-30T13:45:59","guid":{"rendered":"http:\/\/www.tvturk.com\/index.php\/boluspor-kongresi-cogunluk-saglanamadigi-icin-ertelendi\/"},"modified":"2019-05-30T16:45:59","modified_gmt":"2019-05-30T13:45:59","slug":"boluspor-kongresi-cogunluk-saglanamadigi-icin-ertelendi","status":"publish","type":"post","link":"http:\/\/www.tvturk.com\/index.php\/boluspor-kongresi-cogunluk-saglanamadigi-icin-ertelendi\/","title":{"rendered":"Boluspor Kongresi \u00e7o\u011funluk sa\u011flanamad\u0131\u011f\u0131 i\u00e7in ertelendi"},"content":{"rendered":"<p>Boluspor\u2019da, bug\u00fcn yap\u0131lmas\u0131 beklenen ola\u011fan kongre, salt \u00e7o\u011funlu\u011fun sa\u011flanamamas\u0131 nedeniyle 15 Haziran tarihine ertelendi. Tek ba\u015fkan aday\u0131 olan Cavit Demir, mevcut ba\u015fkan\u0131n \u00fcyeleri arayarak \u2018kongreye gelmeyin\u2019 dedi\u011fini iddia etti.<\/p>\n<p>Boluspor\u2019un, Kara\u00e7ay\u0131r Mahallesi\u2019nde bulunan hal\u0131 saha tesislerinde bug\u00fcn yap\u0131lmas\u0131 planlanan ola\u011fan kongresi, \u00fcyelerin salt \u00e7o\u011funlu\u011funun sa\u011flanamamas\u0131 nedeniyle ertelendi. Hazirun listesinde yer alan 889 \u00fcyeden 92\u2019sinin imza att\u0131\u011f\u0131 kongre, 15 Haziran 2019 tarihinde saat 14.30\u2019da ger\u00e7ekle\u015ftirilecek.<\/p>\n<p>\u00dcyelerin gelmesinin beklenmedi\u011fini ve Ba\u015fkan Necip \u00c7ar\u0131kc\u0131\u2019n\u0131n \u00fcyeleri telefonla arayarak \u201ckongreye gelmeyin\u201d dedi\u011fini s\u00f6yleyen Ba\u015fkan Aday\u0131 i\u015f adam\u0131 Cavit Demir, \u201cBu bize g\u00f6re \u00e7ok yanl\u0131\u015f oldu. \u00dcyeleri aray\u0131p \u2018gelmeyin\u2019 demek, tehdit etmek son derece yanl\u0131\u015f. Takdiri Bolu kamuoyuna b\u0131rak\u0131yorum. Ama bizden buraya kadar. Hay\u0131rl\u0131 u\u011furlu olsun yeni y\u00f6netime. D\u00fc\u015f\u00fcnece\u011fiz ama bug\u00fcn itibariyle kendi aram\u0131zda toplant\u0131 yapt\u0131ktan sonra karar verece\u011fiz. \u015e\u00f6yle bir isti\u015fare yapt\u0131\u011f\u0131m\u0131zda bir daha ki d\u00f6neme aday olmama olas\u0131l\u0131\u011f\u0131m\u0131z y\u00fczde 90\u201d dedi.<\/p>\n","protected":false},"excerpt":{"rendered":"<p>BOLUSPOR \u2018DA, BUG\u00dcN YAPILMASI BEKLENEN OLA\u011eAN KONGRE, SALT \u00c7O\u011eUNLU\u011eUN SA\u011eLANAMAMASI NEDEN\u0130YLE 15 HAZ\u0130RAN TAR\u0130H\u0130NE ERTELEND\u0130. TEK BA\u015eKAN ADAYI OLAN CAV\u0130T DEM\u0130R, MEVCUT BA\u015eKANIN \u00dcYELER\u0130 ARAYARAK \u2018KONGREYE GELMEY\u0130N\u2019 DED\u0130\u011e\u0130N\u0130 \u0130DD\u0130A ETT\u0130.<\/p>\n","protected":false},"author":1,"featured_media":164112,"comment_status":"closed","ping_status":"open","sticky":false,"template":"","format":"standard","meta":{"jetpack_post_was_ever_published":false,"_jetpack_newsletter_access":"","_jetpack_dont_email_post_to_subs":false,"_jetpack_newsletter_tier_id":0,"_jetpack_memberships_contains_paywalled_content":false,"_jetpack_memberships_contains_paid_content":false,"footnotes":"","jetpack_publicize_message":"","jetpack_publicize_feature_enabled":true,"jetpack_social_post_already_shared":true,"jetpack_social_options":{"image_generator_settings":{"template":"highway","default_image_id":0,"font":"","enabled":false},"version":2}},"categories":[657],"tags":[8443,38934,1351,44,6792,38935],"class_list":["post-164111","post","type-post","status-publish","format-standard","has-post-thumbnail","hentry","category-spor","tag-boluspor","tag-cogunluk","tag-ertelendi","tag-icin","tag-kongresi","tag-saglanamadigi"],"jetpack_publicize_connections":[],"jetpack_featured_media_url":"https:\/\/i0.wp.com\/www.tvturk.com\/wp-content\/uploads\/2019\/05\/boluspor-kongresi-cogunluk-saglanamadigi-icin-ertelendi_a5b6365.jpg?fit=1000%2C666","jetpack_sharing_enabled":true,"jetpack_shortlink":"https:\/\/wp.me\/paKIfm-GGX","_links":{"self":[{"href":"http:\/\/www.tvturk.com\/index.php\/wp-json\/wp\/v2\/posts\/164111","targetHints":{"allow":["GET"]}}],"collection":[{"href":"http:\/\/www.tvturk.com\/index.php\/wp-json\/wp\/v2\/posts"}],"about":[{"href":"http:\/\/www.tvturk.com\/index.php\/wp-json\/wp\/v2\/types\/post"}],"author":[{"embeddable":true,"href":"http:\/\/www.tvturk.com\/index.php\/wp-json\/wp\/v2\/users\/1"}],"replies":[{"embeddable":true,"href":"http:\/\/www.tvturk.com\/index.php\/wp-json\/wp\/v2\/comments?post=164111"}],"version-history":[{"count":0,"href":"http:\/\/www.tvturk.com\/index.php\/wp-json\/wp\/v2\/posts\/164111\/revisions"}],"wp:featuredmedia":[{"embeddable":true,"href":"http:\/\/www.tvturk.com\/index.php\/wp-json\/wp\/v2\/media\/164112"}],"wp:attachment":[{"href":"http:\/\/www.tvturk.com\/index.php\/wp-json\/wp\/v2\/media?parent=164111"}],"wp:term":[{"taxonomy":"category","embeddable":true,"href":"http:\/\/www.tvturk.com\/index.php\/wp-json\/wp\/v2\/categories?post=164111"},{"taxonomy":"post_tag","embeddable":true,"href":"http:\/\/www.tvturk.com\/index.php\/wp-json\/wp\/v2\/tags?post=164111"}],"curies":[{"name":"wp","href":"https:\/\/api.w.org\/{rel}","templated":true}]}}