{"id":164121,"date":"2019-05-30T17:17:24","date_gmt":"2019-05-30T14:17:24","guid":{"rendered":"http:\/\/www.tvturk.com\/index.php\/buyukcekemecede-1001-zeytin-agaci-fidani-dikildi\/"},"modified":"2019-05-30T17:17:24","modified_gmt":"2019-05-30T14:17:24","slug":"buyukcekemecede-1001-zeytin-agaci-fidani-dikildi","status":"publish","type":"post","link":"http:\/\/www.tvturk.com\/index.php\/buyukcekemecede-1001-zeytin-agaci-fidani-dikildi\/","title":{"rendered":"B\u00fcy\u00fck\u00e7ekemece\u2019de \u20181001\u2019 zeytin a\u011fac\u0131 fidan\u0131 dikildi"},"content":{"rendered":"<p>B\u00fcy\u00fck\u00e7ekmece\u2019de yap\u0131lan toprak tahlilleri sonucunda zeytin a\u011fac\u0131n\u0131n yeti\u015febilece\u011fi sonucuna var\u0131lmas\u0131yla birlikte B\u00fcy\u00fck\u00e7ekmece Belediyesi kollar\u0131 s\u0131vad\u0131. \u20181001\u2019 zeytin a\u011fac\u0131 fidan\u0131 dikiminin ilk ad\u0131m\u0131 miniklerle birlikte at\u0131ld\u0131.<\/p>\n<p>B\u00fcy\u00fck\u00e7ekmece Belediyesi, \u2018D\u00fcnya \u00c7evre G\u00fcn\u00fc\u2019 etkinlikleri kapsam\u0131nda \u20181001\u2019 adet zeytin a\u011fac\u0131 fidan\u0131 dikti. B\u00fcy\u00fck\u00e7ekmece\u2019de yap\u0131lan toprak tahlilleri sonucunda zeytin a\u011fac\u0131n\u0131n yeti\u015febilece\u011fi sonucuna var\u0131ld\u0131. Daha sonra  kollar\u0131 s\u0131vayan belediye, \u20181001\u2019 zeytin a\u011fac\u0131 fidan\u0131 dikiminin ilk ad\u0131m\u0131n\u0131 miniklerle birlikte ger\u00e7ekle\u015ftirdi. Mimaroba\u2019da ger\u00e7ekle\u015ftirilen dikimde, y\u00fczlerce \u00e7ocuk minik elleriyle topra\u011f\u0131 kazarak ilk fidanlar\u0131n\u0131 dikti.<\/p>\n<p>Programda, il\u00e7ede en \u00e7ok at\u0131k pil, at\u0131k ya\u011f, ambalaj at\u0131\u011f\u0131 ve elektronik at\u0131k toplayan kurulu\u015flara te\u015fekk\u00fcr plaketleri takdim edildi.<\/p>\n<p>B\u00fcy\u00fck\u00e7ekmece\u2019nin zeytinlikleriyle an\u0131lmas\u0131n\u0131 istedi\u011fini aktaran B\u00fcy\u00fck\u00e7ekmece Belediye Ba\u015fkan\u0131 Dr. Hasan Akg\u00fcn, hayat, bar\u0131\u015f ve sevginin zeytin dal\u0131nda yatt\u0131\u011f\u0131 mesaj\u0131n\u0131 verdi. Ayr\u0131ca Akg\u00fcn, Kas\u0131m ay\u0131n\u0131n ba\u015f\u0131nda bas\u0131n mensuplar\u0131na \u00f6zel zeytin a\u011fac\u0131 dikilece\u011fini  s\u00f6yledi.<\/p>\n<p>\u201cB\u00fcy\u00fck\u00e7ekmece\u2019de zeytin a\u011fac\u0131n\u0131n \u00e7ok rahat yeti\u015fece\u011fini tespit ettik\u201d<\/p>\n<p>B\u00fcy\u00fck\u00e7ekmece\u2019nin topra\u011f\u0131nda zeytin a\u011fac\u0131n\u0131n yeti\u015febilece\u011fini dile getiren B\u00fcy\u00fck\u00e7ekmece Belediye Ba\u015fkan\u0131 Dr. Hasan Akg\u00fcn, \u201c42 y\u0131ll\u0131k belediyecilik hayat\u0131mda en g\u00fczel faaliyetlerimizden birisini yap\u0131yoruz. Topra\u011f\u0131m\u0131z\u0131n tahlilini yapt\u0131rd\u0131k ve B\u00fcy\u00fck\u00e7ekmece\u2019de zeytin a\u011fac\u0131n\u0131n \u00e7ok rahat yeti\u015fece\u011fini tespit ettik. Halk, B\u00fcy\u00fck\u00e7ekmece\u2019yi zeytinlikleriyle de ans\u0131n, gelecek nesiller bu zeytinliklerden istifade etsin diye bu projeyi ba\u015flatt\u0131k. Bug\u00fcnk\u00fc faaliyetimiz bu. Hayat, bar\u0131\u015f, sevgi. Bunlar\u0131n hepsi zeytin a\u011fac\u0131n\u0131n dal\u0131nda yat\u0131yor\u201d dedi.<\/p>\n<p>\u201cB\u00fcy\u00fck\u00e7ekmece\u2019de binlerce medya mensubuyla zeytin a\u011fa\u00e7lar\u0131n\u0131 dikece\u011fiz\u201d<\/p>\n<p>Dikim mevsiminde her medya \u00e7al\u0131\u015fan\u0131nda bir dikili a\u011fac\u0131 olaca\u011f\u0131n\u0131 aktaran Akg\u00fcn, \u201cEyl\u00fcl, Ekim ve Kas\u0131m aylar\u0131 dikim mevsiminde ayr\u0131ca tamam\u0131yla medyada \u00e7al\u0131\u015fanlar\u0131n; en \u00fcstten en alta kadar b\u00fct\u00fcn medya mensuplar\u0131n\u0131n \u2018bu d\u00fcnyada benim de bir zeytin a\u011fac\u0131m var\u2019 diyebilmeleri i\u00e7in onlara tahsis edilecek. Daveti bug\u00fcnden yap\u0131yorum. Kas\u0131m ay\u0131 ba\u015flar\u0131nda B\u00fcy\u00fck\u00e7ekmece\u2019de \u00e7ok b\u00fcy\u00fck bir alanda binlerce medya mensubuyla zeytin a\u011fa\u00e7lar\u0131n\u0131 dikece\u011fiz\u201d ifadelerini kulland\u0131.<\/p>\n<p>\u201cDaha iyi bir \u00e7evre bizim sa\u011fl\u0131\u011f\u0131m\u0131z i\u00e7in \u00e7ok \u00f6nemli\u201d<\/p>\n<p>Zeytin fidan\u0131 dikmeye gelen minik R\u00fczgar Mas, \u201cFidan dikiyoruz. Kaz\u0131p, bi\u00e7iyoruz. Do\u011fay\u0131 kirletmeyelim\u201d diye konu\u015ftu.<\/p>\n<p>A\u011fa\u00e7lar ile daha \u00e7ok oksijen ald\u0131\u011f\u0131m\u0131z\u0131 s\u00f6yleyen minik Nilay \u00d6zdemir, \u201cA\u011fa\u00e7lar\u0131 dikti\u011fimizde oksijen veriyor. Ve nefes al\u0131yoruz daha g\u00fczel bir hayat oluyor\u201d \u015feklinde konu\u015ftu.<\/p>\n<p>Daha iyi bir \u00e7evrenin \u00f6nemine de\u011finen Bora Balc\u0131o\u011flu da, \u201cBuradan bin bir tane zeytin a\u011fac\u0131 dikiyoruz. Do\u011faya katk\u0131da bulunup \u00e7evreyi g\u00fczelle\u015ftiriyoruz. Daha iyi bir \u00e7evre bizim sa\u011fl\u0131\u011f\u0131m\u0131z i\u00e7in \u00e7ok \u00f6nemli\u201d dedi.<\/p>\n","protected":false},"excerpt":{"rendered":"<p>B\u00dcY\u00dcK\u00c7EKMECE\u2019DE YAPILAN TOPRAK TAHL\u0130LLER\u0130 SONUCUNDA ZEYT\u0130N A\u011eACININ YET\u0130\u015eEB\u0130LECE\u011e\u0130 SONUCUNA VARILMASIYLA B\u0130RL\u0130KTE B\u00dcY\u00dcK\u00c7EKMECE BELED\u0130YES\u0130 KOLLARI SIVADI. \u20181001\u2019 ZEYT\u0130N A\u011eACI F\u0130DANI D\u0130K\u0130M\u0130N\u0130N \u0130LK ADIMI M\u0130N\u0130KLERLE B\u0130RL\u0130KTE ATILDI.<\/p>\n","protected":false},"author":1,"featured_media":164122,"comment_status":"closed","ping_status":"open","sticky":false,"template":"","format":"standard","meta":{"jetpack_post_was_ever_published":false,"_jetpack_newsletter_access":"","_jetpack_dont_email_post_to_subs":false,"_jetpack_newsletter_tier_id":0,"_jetpack_memberships_contains_paywalled_content":false,"_jetpack_memberships_contains_paid_content":false,"footnotes":"","jetpack_publicize_message":"","jetpack_publicize_feature_enabled":true,"jetpack_social_post_already_shared":true,"jetpack_social_options":{"image_generator_settings":{"template":"highway","default_image_id":0,"font":"","enabled":false},"version":2}},"categories":[1],"tags":[32906,884,38937,702,9636,6031],"class_list":["post-164121","post","type-post","status-publish","format-standard","has-post-thumbnail","hentry","category-genel","tag-32906","tag-agaci","tag-buyukcekemecede","tag-dikildi","tag-fidani","tag-zeytin"],"jetpack_publicize_connections":[],"jetpack_featured_media_url":"https:\/\/i0.wp.com\/www.tvturk.com\/wp-content\/uploads\/2019\/05\/buyukcekemecede-1001-zeytin-agaci-fidani-dikildi_1d8026a.jpg?fit=1000%2C666","jetpack_sharing_enabled":true,"jetpack_shortlink":"https:\/\/wp.me\/paKIfm-GH7","_links":{"self":[{"href":"http:\/\/www.tvturk.com\/index.php\/wp-json\/wp\/v2\/posts\/164121","targetHints":{"allow":["GET"]}}],"collection":[{"href":"http:\/\/www.tvturk.com\/index.php\/wp-json\/wp\/v2\/posts"}],"about":[{"href":"http:\/\/www.tvturk.com\/index.php\/wp-json\/wp\/v2\/types\/post"}],"author":[{"embeddable":true,"href":"http:\/\/www.tvturk.com\/index.php\/wp-json\/wp\/v2\/users\/1"}],"replies":[{"embeddable":true,"href":"http:\/\/www.tvturk.com\/index.php\/wp-json\/wp\/v2\/comments?post=164121"}],"version-history":[{"count":0,"href":"http:\/\/www.tvturk.com\/index.php\/wp-json\/wp\/v2\/posts\/164121\/revisions"}],"wp:featuredmedia":[{"embeddable":true,"href":"http:\/\/www.tvturk.com\/index.php\/wp-json\/wp\/v2\/media\/164122"}],"wp:attachment":[{"href":"http:\/\/www.tvturk.com\/index.php\/wp-json\/wp\/v2\/media?parent=164121"}],"wp:term":[{"taxonomy":"category","embeddable":true,"href":"http:\/\/www.tvturk.com\/index.php\/wp-json\/wp\/v2\/categories?post=164121"},{"taxonomy":"post_tag","embeddable":true,"href":"http:\/\/www.tvturk.com\/index.php\/wp-json\/wp\/v2\/tags?post=164121"}],"curies":[{"name":"wp","href":"https:\/\/api.w.org\/{rel}","templated":true}]}}