{"id":164125,"date":"2019-05-30T17:19:24","date_gmt":"2019-05-30T14:19:24","guid":{"rendered":"http:\/\/www.tvturk.com\/index.php\/belediye-baskanindan-cumhurbaskani-erdogana-bayram-kartpostali\/"},"modified":"2019-05-30T17:19:24","modified_gmt":"2019-05-30T14:19:24","slug":"belediye-baskanindan-cumhurbaskani-erdogana-bayram-kartpostali","status":"publish","type":"post","link":"http:\/\/www.tvturk.com\/index.php\/belediye-baskanindan-cumhurbaskani-erdogana-bayram-kartpostali\/","title":{"rendered":"Belediye ba\u015fkan\u0131ndan Cumhurba\u015fkan\u0131 Erdo\u011fan\u2019a bayram kartpostal\u0131"},"content":{"rendered":"<p>Isparta Belediyesi ve PTT Ba\u015fm\u00fcd\u00fcrl\u00fc\u011f\u00fc i\u015fbirli\u011finde kartpostall\u0131 bayram tebri\u011fi kampanyas\u0131 ba\u015flat\u0131ld\u0131. Cumhurba\u015fkan\u0131 Recep Tayyip Erdo\u011fan\u2019a kartpostal g\u00f6nderen Isparta Belediye Ba\u015fkan\u0131 \u015e\u00fckr\u00fc Ba\u015fde\u011firmen, \u201cAmac\u0131m\u0131z, \u00f6ncelikle burada bu nostaljiyi ya\u015fay\u0131p, yak\u0131nlar\u0131m\u0131za ve akrabalar\u0131m\u0131za kendi el yaz\u0131m\u0131zla yazm\u0131\u015f oldu\u011fumuz kartlar\u0131 g\u00f6nderebilmek, sevgilerimizi anlatabilmek, ayn\u0131 zamanda kentimizi tan\u0131tabilmek\u201d dedi.<\/p>\n<p>Isparta Belediyesi ile PTT Ba\u015fm\u00fcd\u00fcrl\u00fc\u011f\u00fc i\u015fbirli\u011finde ge\u00e7mi\u015f bayram geleneklerini g\u00fcn\u00fcm\u00fcze ta\u015f\u0131mak amac\u0131yla \u2018Kart\u0131 PTT\u2019den, Pulu Isparta Belediyesinden, G\u00f6ndermesi Vatanda\u015ftan\u2019 kampanyas\u0131 ba\u015flat\u0131ld\u0131. H\u00fck\u00fcmet Caddesi\u2019ndeki PTT Merkez Binas\u0131 \u00f6n\u00fcnde \u2018Bu bayram sevgini postaya ver\u2019 slogan\u0131 ile d\u00fczenlenen kampanyaya Isparta Belediye Ba\u015fkan\u0131 \u015e\u00fckr\u00fc Ba\u015fde\u011firmen, Esnaf ve Sanatkarlar Kredi ve Kefalet Kooperatifleri (ESKKK) 6. B\u00f6lge Birli\u011fi Ba\u015fkan\u0131 Ahmet Tural, Isparta Ticaret ve Sanayi Odas\u0131 (ITSO) Ba\u015fkan\u0131 Mustafa Tutar, farkl\u0131 okullardan \u00f6\u011frenci, \u00f6\u011fretmen ve \u00e7ok say\u0131da vatanda\u015f kat\u0131ld\u0131. Kartpostallar\u0131n arkas\u0131na bayram tebriklerini yazan protokol ve vatanda\u015flar, g\u00fcl ve lavanta bulunan pullarla tebriklerini postaya verdiler. Belediye Ba\u015fkan\u0131 \u015e\u00fckr\u00fc Ba\u015fde\u011firmen de \u00fczerinde Isparta g\u00fcl\u00fc foto\u011fraf\u0131 bulunan ilk kartpostal\u0131 Cumhurba\u015fkan\u0131 Recep Tayyip Erdo\u011fan\u2019a g\u00f6nderdi.  Ba\u015fkan Ba\u015fde\u011firmen, kartpostal\u0131n \u00fczerine ise, \u201cSay\u0131n Cumhurba\u015fkan\u0131m; g\u00fcl y\u00fczl\u00fc insanlar\u0131n ya\u015fad\u0131\u011f\u0131 g\u00fcl kokulu \u015fehirden size peygamber efendimizin maneviyat\u0131n\u0131 hissettiren kucak dolusu g\u00fcl\u00fcm\u00fcz\u00fc ve sevgilerimizi g\u00f6nderiyoruz. 2023\u2019e do\u011fru T\u00fcrkiye\u2019yi d\u00fcnya lideri \u00fclke yapma hedefinizde Y\u00fcce Allah\u2019tan zat\u0131\u00e2linize sa\u011fl\u0131k, g\u00fc\u00e7 ve kuvvet temennilerimizle, ailenizle birlikte nice bayramlara ula\u015fman\u0131z\u0131 dileriz. T\u00fcrkiye\u2019nin g\u00fcl bah\u00e7esi Isparta\u2019dan en derin sayg\u0131lar\u0131mla\u201d ifadelerini yazd\u0131.<\/p>\n<p>\u201cBelki de hayatlar\u0131nda ilk kez kart yaz\u0131yorlar\u201d<\/p>\n<p>Belediye Ba\u015fkan\u0131 \u015e\u00fckr\u00fc Ba\u015fde\u011firmen, ama\u00e7lar\u0131n\u0131n nostaljiyi ya\u015fatmak oldu\u011funu belirterek, \u201c\u015eimdi tabii ki cep telefonu ve di\u011fer teknolojik unsurlarla birlikte bizler bunlardan mahrum kald\u0131k. \u00c7ocuklar\u0131m\u0131z, bunlar\u0131 bilemez oldu. Kart\u0131 ve kart yazmay\u0131 dahi bilmiyorlar. Amac\u0131m\u0131z, \u00f6ncelikle burada bu nostaljiyi ya\u015fay\u0131p, yak\u0131nlar\u0131m\u0131za ve akrabalar\u0131m\u0131za kendi el yaz\u0131m\u0131zla yazm\u0131\u015f oldu\u011fumuz kartlar\u0131 g\u00f6nderebilmek, sevgilerimizi anlatabilmek\u201d dedi.<\/p>\n<p>Etkinli\u011fin bir di\u011fer amac\u0131n\u0131n da Isparta\u2019ya tan\u0131tmak oldu\u011funu aktaran Ba\u015fde\u011firmen, \u00fczerinde E\u011firdir, g\u00fcl, lavanta, Davraz Kayak Merkezi ve G\u00f6lc\u00fck\u2019\u00fcn oldu\u011fu yakla\u015f\u0131k 50 bin resimli kartpostal haz\u0131rlad\u0131klar\u0131n\u0131 s\u00f6yledi.<\/p>\n<p>Kentteki STK temsilcileri ve muhtarlar\u0131n da kampanyaya b\u00fcy\u00fck destek verdi\u011fini kaydeden Ba\u015fde\u011firmen, \u201cBuradaki \u00e7ocuklar\u0131m\u0131z kampanyam\u0131za destek verdi, belki de hayatlar\u0131nda ilk kez kart yaz\u0131yorlar. Bu kart\u0131n \u00f6neminin ne oldu\u011funu bundan sonra onlar da anlayacaklar in\u015fallah. Ve biz, her bayramda belediye olarak bunu yapmak istiyoruz\u201d ifadelerini kulland\u0131.<\/p>\n<p>\u201cG\u00fczel bir \u00e7al\u0131\u015fma olmu\u015f, umar\u0131m bunun devam gelir\u201d<\/p>\n<p>Kartpostal g\u00f6nderen Sedat Bak\u0131mc\u0131, \u201cBizler ad\u0131na \u00e7ok g\u00fczel bir \u00e7al\u0131\u015fma olmu\u015f. Teknolojinin geli\u015fmesiyle birlikte herkes art\u0131k cep telefonu ve internette. Bu \u00e7ok unutulmu\u015f bir gelenekti. Ama \u00e7ok g\u00fczel bir etkinlik olmu\u015f, bence bunun devam ettirilmesi i\u00e7in de \u00e7al\u0131\u015fmalar yap\u0131lmas\u0131 gerekiyor.  Kartpostal atmak daha \u00e7ok sevgiyi ba\u011flayan bir \u015fey diye d\u00fc\u015f\u00fcn\u00fcyorum ancak g\u00fcn\u00fcm\u00fczde her \u015fey sanal oldu\u011fu i\u00e7in \u00e7ok anlam kazand\u0131rm\u0131yor diye d\u00fc\u015f\u00fcnmekteyim. G\u00fczel bir \u00e7al\u0131\u015fma olmu\u015f, umar\u0131m bunun devam\u0131 gelir. Hem halk\u0131m\u0131z da bu konuda bilin\u00e7lendirilmi\u015f olur. \u015eimdiki \u00e7ocuklar, kartpostal\u0131n ne oldu\u011funu bilmiyorlar. B\u00f6ylelikle \u00f6\u011frenmi\u015f ve eski gelene\u011fi de ya\u015fam\u0131\u015f olacaklar. Onlar ad\u0131na da g\u00fczel bir \u00e7al\u0131\u015fma oldu\u011funu d\u00fc\u015f\u00fcn\u00fcyorum. PTT\u2019yi bu \u00e7al\u0131\u015fmalar\u0131ndan dolay\u0131 tebrik ediyorum, umar\u0131m devam\u0131 gelir\u201d dedi.<\/p>\n<p>\u201c\u0130nsanlar\u0131 teknolojiden biraz daha uzakla\u015ft\u0131r\u0131yor ve nostaljiye ba\u011fl\u0131yor\u201d<\/p>\n<p>Lise \u00f6\u011frencisi Yasin Sar\u0131bo\u011fa ise, \u201c\u0130lk kez b\u00f6yle bir programa kat\u0131ld\u0131m. Y\u0131lda en az bir kez yap\u0131lmas\u0131 gerekir. Art\u0131k zaman\u0131m\u0131zda her \u015fey elektronik oldu. Bu, eski zamana dayan\u0131yor, \u015fimdi de olsa daha iyi olabilir. \u00c7ok g\u00fczel bir etkinlik. En az\u0131ndan insanlar\u0131 teknolojiden biraz daha uzakla\u015ft\u0131r\u0131yor ve nostaljiye ba\u011fl\u0131yor. Tan\u0131t\u0131m a\u00e7\u0131s\u0131ndan da \u00e7ok iyi. Isparta\u2019da ilk kez b\u00f6yle bir \u015fey oluyor, ben de ilk kez kartpostal g\u00f6nderdim. Bence \u00e7ok g\u00fczel bir \u015fey. Ben, annemle anneanneme yazd\u0131m. Mutlu olacaklar\u0131n\u0131 d\u00fc\u015f\u00fcn\u00fcyorum. Onlar da mutlaka zaman\u0131nda g\u00f6ndermi\u015flerdir kesinlikle, bence \u00e7ok g\u00fczel bir duygu\u201d diye konu\u015ftu.<\/p>\n<p>\u201cBa\u011flar\u0131m\u0131z\u0131n kopmamas\u0131 i\u00e7in g\u00fczel bir etkinlik\u201d<\/p>\n<p>En son yakla\u015f\u0131k 3 y\u0131l \u00f6nce Sakarya\u2019daki teyzesine kartpostal g\u00f6nderdi\u011fini belirten lise son s\u0131n\u0131f \u00f6\u011frencisi Ramazan Onur G\u00fclfidan, \u201cBu, g\u00fczel bir etkinlik olmu\u015f. Isparta d\u0131\u015f\u0131ndaki aile b\u00fcy\u00fcklerimiz ve arkada\u015flar\u0131m\u0131zla g\u00f6r\u00fc\u015femiyoruz ve ba\u011flar\u0131m\u0131z kopuyor. Bu, ba\u011flar\u0131m\u0131z\u0131n kopmamas\u0131 i\u00e7in g\u00fczel bir etkinlik, a\u00e7\u0131k\u00e7as\u0131 benim ho\u015fuma gitti\u201d dedi.<\/p>\n","protected":false},"excerpt":{"rendered":"<p>ISPARTA BELED\u0130YES\u0130 VE PTT BA\u015eM\u00dcD\u00dcRL\u00dc\u011e\u00dc \u0130\u015eB\u0130RL\u0130\u011e\u0130NDE D\u00dcZENLENEN KARTPOSTAL \u0130LE BAYRAM TEBR\u0130\u011e\u0130 ETK\u0130NL\u0130\u011e\u0130NDE NOSTALJ\u0130 YA\u015eAYAN \u00d6\u011eRENC\u0130 VE VATANDA\u015eLAR, SEVD\u0130KLER\u0130NE ISPARTA\u2019NIN DO\u011eAL VE TAR\u0130H\u0130 G\u00dcZELL\u0130KLER\u0130 BULUNAN KARTLARLA BAYRAM TEBR\u0130KLER\u0130N\u0130 YAZARAK, \u00dcCRETS\u0130Z OLARAK G\u00d6NDERD\u0130. \u0130LK TEBR\u0130\u011e\u0130 CUMHURBA\u015eKANI RECEP TAYY\u0130P ERDO\u011eAN\u2019A G\u00d6NDERD\u0130\u011e\u0130N\u0130 KAYDEDEN BELED\u0130YE BA\u015eKANI \u015e\u00dcKR\u00dc BA\u015eDE\u011e\u0130RMEN, AMACIMIZ, \u00d6NCEL\u0130KLE BURADA BU NOSTALJ\u0130Y\u0130 YA\u015eAYIP, YAKINLARIMIZA VE AKRABALARIMIZA KEND\u0130 EL YAZIMIZLA YAZMI\u015e OLDU\u011eUMUZ KARTLARI G\u00d6NDEREB\u0130LMEK, SEVG\u0130LER\u0130M\u0130Z\u0130 ANLATAB\u0130LMEK, AYNI ZAMANDA KENT\u0130M\u0130Z\u0130 TANITAB\u0130LMEK\u201d DED\u0130.<\/p>\n","protected":false},"author":1,"featured_media":164126,"comment_status":"closed","ping_status":"open","sticky":false,"template":"","format":"standard","meta":{"jetpack_post_was_ever_published":false,"_jetpack_newsletter_access":"","_jetpack_dont_email_post_to_subs":false,"_jetpack_newsletter_tier_id":0,"_jetpack_memberships_contains_paywalled_content":false,"_jetpack_memberships_contains_paid_content":false,"footnotes":"","jetpack_publicize_message":"","jetpack_publicize_feature_enabled":true,"jetpack_social_post_already_shared":true,"jetpack_social_options":{"image_generator_settings":{"template":"highway","default_image_id":0,"font":"","enabled":false},"version":2}},"categories":[1],"tags":[3428,23995,134,503,6715,38938],"class_list":["post-164125","post","type-post","status-publish","format-standard","has-post-thumbnail","hentry","category-genel","tag-baskanindan","tag-bayram","tag-belediye","tag-cumhurbaskani","tag-erdogana","tag-kartpostali"],"jetpack_publicize_connections":[],"jetpack_featured_media_url":"https:\/\/i0.wp.com\/www.tvturk.com\/wp-content\/uploads\/2019\/05\/belediye-baskanindan-cumhurbaskani-erdogana-bayram-kartpostali_21d4897.jpg?fit=1000%2C562","jetpack_sharing_enabled":true,"jetpack_shortlink":"https:\/\/wp.me\/paKIfm-GHb","_links":{"self":[{"href":"http:\/\/www.tvturk.com\/index.php\/wp-json\/wp\/v2\/posts\/164125","targetHints":{"allow":["GET"]}}],"collection":[{"href":"http:\/\/www.tvturk.com\/index.php\/wp-json\/wp\/v2\/posts"}],"about":[{"href":"http:\/\/www.tvturk.com\/index.php\/wp-json\/wp\/v2\/types\/post"}],"author":[{"embeddable":true,"href":"http:\/\/www.tvturk.com\/index.php\/wp-json\/wp\/v2\/users\/1"}],"replies":[{"embeddable":true,"href":"http:\/\/www.tvturk.com\/index.php\/wp-json\/wp\/v2\/comments?post=164125"}],"version-history":[{"count":0,"href":"http:\/\/www.tvturk.com\/index.php\/wp-json\/wp\/v2\/posts\/164125\/revisions"}],"wp:featuredmedia":[{"embeddable":true,"href":"http:\/\/www.tvturk.com\/index.php\/wp-json\/wp\/v2\/media\/164126"}],"wp:attachment":[{"href":"http:\/\/www.tvturk.com\/index.php\/wp-json\/wp\/v2\/media?parent=164125"}],"wp:term":[{"taxonomy":"category","embeddable":true,"href":"http:\/\/www.tvturk.com\/index.php\/wp-json\/wp\/v2\/categories?post=164125"},{"taxonomy":"post_tag","embeddable":true,"href":"http:\/\/www.tvturk.com\/index.php\/wp-json\/wp\/v2\/tags?post=164125"}],"curies":[{"name":"wp","href":"https:\/\/api.w.org\/{rel}","templated":true}]}}