{"id":164127,"date":"2019-05-30T17:24:57","date_gmt":"2019-05-30T14:24:57","guid":{"rendered":"http:\/\/www.tvturk.com\/index.php\/kasimpasa-teknik-direktor-ibrahim-uzulmez-ile-anlasmaya-vardi\/"},"modified":"2019-05-30T17:24:57","modified_gmt":"2019-05-30T14:24:57","slug":"kasimpasa-teknik-direktor-ibrahim-uzulmez-ile-anlasmaya-vardi","status":"publish","type":"post","link":"http:\/\/www.tvturk.com\/index.php\/kasimpasa-teknik-direktor-ibrahim-uzulmez-ile-anlasmaya-vardi\/","title":{"rendered":"Kas\u0131mpa\u015fa, Teknik Direkt\u00f6r \u0130brahim \u00dcz\u00fclmez ile anla\u015fmaya vard\u0131."},"content":{"rendered":"<p>Kas\u0131mpa\u015fa, Teknik Direkt\u00f6r \u0130brahim \u00dcz\u00fclmez ile anla\u015fmaya vard\u0131.<\/p>\n","protected":false},"excerpt":{"rendered":"<p>KASIMPA\u015eA, TEKN\u0130K D\u0130REKT\u00d6R \u0130BRAH\u0130M \u00dcZ\u00dcLMEZ \u0130LE ANLA\u015eMAYA VARDI.<\/p>\n","protected":false},"author":1,"featured_media":164128,"comment_status":"closed","ping_status":"open","sticky":false,"template":"","format":"standard","meta":{"jetpack_post_was_ever_published":false,"_jetpack_newsletter_access":"","_jetpack_dont_email_post_to_subs":false,"_jetpack_newsletter_tier_id":0,"_jetpack_memberships_contains_paywalled_content":false,"_jetpack_memberships_contains_paid_content":false,"footnotes":"","jetpack_publicize_message":"","jetpack_publicize_feature_enabled":true,"jetpack_social_post_already_shared":true,"jetpack_social_options":{"image_generator_settings":{"template":"highway","default_image_id":0,"font":"","enabled":false},"version":2}},"categories":[657],"tags":[17030,2083,602,192,1789,2082,11249,7931],"class_list":["post-164127","post","type-post","status-publish","format-standard","has-post-thumbnail","hentry","category-spor","tag-anlasmaya","tag-direktor","tag-ibrahim","tag-ile","tag-kasimpasa","tag-teknik","tag-uzulmez","tag-vardi"],"jetpack_publicize_connections":[],"jetpack_featured_media_url":"https:\/\/i0.wp.com\/www.tvturk.com\/wp-content\/uploads\/2019\/05\/kasimpasa-teknik-direktor-ibrahim-uzulmez-ile-anlasmaya-vardi_8103a39.jpg?fit=1000%2C666","jetpack_sharing_enabled":true,"jetpack_shortlink":"https:\/\/wp.me\/paKIfm-GHd","_links":{"self":[{"href":"http:\/\/www.tvturk.com\/index.php\/wp-json\/wp\/v2\/posts\/164127","targetHints":{"allow":["GET"]}}],"collection":[{"href":"http:\/\/www.tvturk.com\/index.php\/wp-json\/wp\/v2\/posts"}],"about":[{"href":"http:\/\/www.tvturk.com\/index.php\/wp-json\/wp\/v2\/types\/post"}],"author":[{"embeddable":true,"href":"http:\/\/www.tvturk.com\/index.php\/wp-json\/wp\/v2\/users\/1"}],"replies":[{"embeddable":true,"href":"http:\/\/www.tvturk.com\/index.php\/wp-json\/wp\/v2\/comments?post=164127"}],"version-history":[{"count":0,"href":"http:\/\/www.tvturk.com\/index.php\/wp-json\/wp\/v2\/posts\/164127\/revisions"}],"wp:featuredmedia":[{"embeddable":true,"href":"http:\/\/www.tvturk.com\/index.php\/wp-json\/wp\/v2\/media\/164128"}],"wp:attachment":[{"href":"http:\/\/www.tvturk.com\/index.php\/wp-json\/wp\/v2\/media?parent=164127"}],"wp:term":[{"taxonomy":"category","embeddable":true,"href":"http:\/\/www.tvturk.com\/index.php\/wp-json\/wp\/v2\/categories?post=164127"},{"taxonomy":"post_tag","embeddable":true,"href":"http:\/\/www.tvturk.com\/index.php\/wp-json\/wp\/v2\/tags?post=164127"}],"curies":[{"name":"wp","href":"https:\/\/api.w.org\/{rel}","templated":true}]}}