{"id":164139,"date":"2019-05-30T17:44:19","date_gmt":"2019-05-30T14:44:19","guid":{"rendered":"http:\/\/www.tvturk.com\/index.php\/ilk-seferini-yapan-turistik-dogu-ekspresine-erzincanda-mehterli-karsilama\/"},"modified":"2019-05-30T17:44:19","modified_gmt":"2019-05-30T14:44:19","slug":"ilk-seferini-yapan-turistik-dogu-ekspresine-erzincanda-mehterli-karsilama","status":"publish","type":"post","link":"http:\/\/www.tvturk.com\/index.php\/ilk-seferini-yapan-turistik-dogu-ekspresine-erzincanda-mehterli-karsilama\/","title":{"rendered":"\u0130lk seferini yapan Turistik Do\u011fu Ekspresi\u2019ne Erzincan\u2019da mehterli kar\u015f\u0131lama"},"content":{"rendered":"<p>Ula\u015ft\u0131rma ve Altyap\u0131 Bakanl\u0131\u011f\u0131 ile Turizm Bakanl\u0131\u011f\u0131n\u0131n hayatiyete ge\u00e7irdi\u011fi Ankara\u2019dan Kars\u2019a do\u011fru ilk seferine \u00e7\u0131kan Turistik Do\u011fu Ekspresi, Erzincan\u2019da mehterle kar\u015f\u0131land\u0131.<\/p>\n<p>Tarihi Ankara Gar\u0131\u2019nda K\u00fclt\u00fcr ve Turizm Bakan\u0131 Mehmet Nuri Ersoy, Ula\u015ft\u0131rma ve Altyap\u0131 Bakan Yard\u0131mc\u0131s\u0131 Selim Dursun, eski Ula\u015ft\u0131rma Bakan\u0131 Ahmet Arslan, Erzincan Milletvekilleri S\u00fcleyman Karaman, Burhan \u00c7ak\u0131r, AK Parti Sivas Milletvekili \u0130smet Y\u0131lmaz\u2019\u0131n da kat\u0131l\u0131m\u0131yla u\u011furlanan tren, Erzincan\u2019da mehter e\u015fli\u011finde kar\u015f\u0131land\u0131. Tren yolcular\u0131, verilen molada Erzincan\u2019\u0131n tarihi ve k\u00fclt\u00fcrel yerlerini gezdikten sonra yeniden Erzurum istikametine devam etti.<\/p>\n<p>Yolculuk s\u00fcresi 32 saat<\/p>\n<p>Ankara-Kars aras\u0131ndaki mesafeyi 32 saatte tamamlayacak olan trende 2 hizmet, 1 yemekli, 6 yatakl\u0131 olmak \u00fczere 9 vagon bulunuyor. Ankara\u2019dan Pazartesi ve \u00c7ar\u015famba g\u00fcnleri saat 19.55\u2019te, Kars\u2019tan ise \u00c7ar\u015famba ve Cuma g\u00fcnleri saat 23.55\u2019te hareket edecek olan Turistik Do\u011fu Ekspresi\u2019nin bilet fiyatlar\u0131 ise 1 odada tek ki\u015fi seyahat edilmesi durumunda 400 TL, 1 odada iki ki\u015fi seyahat edilmesi durumunda ki\u015fi ba\u015f\u0131 250 TL olacak. Mevcut Do\u011fu Ekspresi\u2019ne artan yolcu talebinin kar\u015f\u0131lanmas\u0131, halka daha iyi hizmet sunulabilmesi ve i\u00e7 turizmin art\u0131r\u0131lmas\u0131na y\u00f6nelik planlanan Turistik Do\u011fu Ekspresi\u2019nin Ankara\u2019dan Kars y\u00f6n\u00fcne duraklar\u0131 Erzincan, \u0130li\u00e7 ve Erzurum istasyonlar\u0131 olurken, Kars\u2019tan Ankara y\u00f6n\u00fcne duraklar\u0131 ise Sivas\u2019\u0131n Divri\u011fi ve Bostankaya istasyonlar\u0131 olacak.<\/p>\n","protected":false},"excerpt":{"rendered":"<p>TREN YOLCULARI VER\u0130LEN MOLADA ERZ\u0130NCAN\u2019DA TAR\u0130H\u0130 VE K\u00dcLT\u00dcREL YERLER\u0130N\u0130 GEZD\u0130KTEN SONRA YEN\u0130DEN ERZURUM \u0130ST\u0130KAMET\u0130NE DEVAM ETT\u0130.<\/p>\n","protected":false},"author":1,"featured_media":164140,"comment_status":"closed","ping_status":"open","sticky":false,"template":"","format":"standard","meta":{"jetpack_post_was_ever_published":false,"_jetpack_newsletter_access":"","_jetpack_dont_email_post_to_subs":false,"_jetpack_newsletter_tier_id":0,"_jetpack_memberships_contains_paywalled_content":false,"_jetpack_memberships_contains_paid_content":false,"footnotes":"","jetpack_publicize_message":"","jetpack_publicize_feature_enabled":true,"jetpack_social_post_already_shared":true,"jetpack_social_options":{"image_generator_settings":{"template":"highway","default_image_id":0,"font":"","enabled":false},"version":2}},"categories":[1],"tags":[2476,38942,3732,37,680,19898,18680,21077,1420],"class_list":["post-164139","post","type-post","status-publish","format-standard","has-post-thumbnail","hentry","category-genel","tag-dogu","tag-ekspresine","tag-erzincanda","tag-ilk","tag-karsilama","tag-mehterli","tag-seferini","tag-turistik","tag-yapan"],"jetpack_publicize_connections":[],"jetpack_featured_media_url":"https:\/\/i0.wp.com\/www.tvturk.com\/wp-content\/uploads\/2019\/05\/ilk-seferini-yapan-turistik-dogu-ekspresine-erzincanda-mehterli-karsilama_3aed920.jpg?fit=1000%2C666","jetpack_sharing_enabled":true,"jetpack_shortlink":"https:\/\/wp.me\/paKIfm-GHp","_links":{"self":[{"href":"http:\/\/www.tvturk.com\/index.php\/wp-json\/wp\/v2\/posts\/164139","targetHints":{"allow":["GET"]}}],"collection":[{"href":"http:\/\/www.tvturk.com\/index.php\/wp-json\/wp\/v2\/posts"}],"about":[{"href":"http:\/\/www.tvturk.com\/index.php\/wp-json\/wp\/v2\/types\/post"}],"author":[{"embeddable":true,"href":"http:\/\/www.tvturk.com\/index.php\/wp-json\/wp\/v2\/users\/1"}],"replies":[{"embeddable":true,"href":"http:\/\/www.tvturk.com\/index.php\/wp-json\/wp\/v2\/comments?post=164139"}],"version-history":[{"count":0,"href":"http:\/\/www.tvturk.com\/index.php\/wp-json\/wp\/v2\/posts\/164139\/revisions"}],"wp:featuredmedia":[{"embeddable":true,"href":"http:\/\/www.tvturk.com\/index.php\/wp-json\/wp\/v2\/media\/164140"}],"wp:attachment":[{"href":"http:\/\/www.tvturk.com\/index.php\/wp-json\/wp\/v2\/media?parent=164139"}],"wp:term":[{"taxonomy":"category","embeddable":true,"href":"http:\/\/www.tvturk.com\/index.php\/wp-json\/wp\/v2\/categories?post=164139"},{"taxonomy":"post_tag","embeddable":true,"href":"http:\/\/www.tvturk.com\/index.php\/wp-json\/wp\/v2\/tags?post=164139"}],"curies":[{"name":"wp","href":"https:\/\/api.w.org\/{rel}","templated":true}]}}