{"id":164143,"date":"2019-05-30T17:50:30","date_gmt":"2019-05-30T14:50:30","guid":{"rendered":"http:\/\/www.tvturk.com\/index.php\/cocuklar-760-ton-atik-pil-topladi\/"},"modified":"2019-05-30T17:50:30","modified_gmt":"2019-05-30T14:50:30","slug":"cocuklar-760-ton-atik-pil-topladi","status":"publish","type":"post","link":"http:\/\/www.tvturk.com\/index.php\/cocuklar-760-ton-atik-pil-topladi\/","title":{"rendered":"\u00c7ocuklar 760 ton at\u0131k pil toplad\u0131"},"content":{"rendered":"<p>Alt\u0131nordu Belediyesi ile T\u00fcrkiye Bili\u015fim Sanayicileri Derne\u011fi (T\u00dcB\u0130SAD) ve Ta\u015f\u0131nabilir Pil \u00dcreticileri Derne\u011fi (TAP) i\u015fbirli\u011finde il\u00e7e genelinde d\u00fczenlenen At\u0131k Elektrikli ve Elektronik E\u015fyalar Toplama ve Okullar aras\u0131 \u00d6d\u00fcll\u00fc At\u0131k Pil Toplama Yar\u0131\u015fmas\u0131\u2019nda dereceye giren okullar \u00f6d\u00fcllerini ald\u0131.<\/p>\n<p>Alt\u0131nordu Belediyesi \u00e7evrenin temiz tutulmas\u0131 ve do\u011fan\u0131n korunmas\u0131 ad\u0131na sosyal sorumluluk projelerine imza atmaya devam ediyor. Bu kapsamda T\u00dcB\u0130SAD ve TAP ile i\u015fbirli\u011fi yapan Alt\u0131nordu Belediyesi il\u00e7e genelinde d\u00fczenledi\u011fi \u2018At\u0131k Elektrikli ve Elektronik E\u015fyalar Toplama\u2019 ve \u2018Okullararas\u0131 \u00d6d\u00fcll\u00fc At\u0131k Pil Toplama Yar\u0131\u015fmalar\u0131\u2019 ile fark\u0131ndal\u0131k olu\u015fturdu. Yakla\u015f\u0131k 6 ay s\u00fcren yar\u0131\u015fmalarda \u00f6\u011frenciler okullar\u0131n\u0131 birincili\u011fe ta\u015f\u0131mak i\u00e7in at\u0131k elektronik e\u015fya ve pillerin toplanmas\u0131 i\u00e7in yo\u011fun \u00e7aba g\u00f6sterdi.<\/p>\n<p>Alt\u0131nordu genelinde d\u00fczenlenen \u2018\u00d6\u011frenciler At\u0131k Elektrikli ve Elektronik E\u015fya Topluyor Yar\u0131\u015fmas\u0131\u2019nda toplad\u0131\u011f\u0131 760 kiloluk at\u0131k e\u015fya ile Gerce \u0130lkokulu 1. olurken, Karaca\u00f6mer \u0130lkokulu ise 2. s\u0131rada yer ald\u0131.<\/p>\n<p>\u0130l\u00e7e genelinde ger\u00e7ekle\u015ftirilen yar\u0131\u015fma kapsam\u0131nda 569 kilo pil toplayan \u015fehit \u00dcmit \u0130nce Anaokulu 1., Durug\u00f6l \u015eehit Bayram G\u00fcm\u00fc\u015f \u0130lkokulu ise 2. oldu. Yar\u0131\u015fmada dereceye giren okullar i\u00e7in Alt\u0131nordu Belediyesinde \u00f6d\u00fcl t\u00f6reni d\u00fczenlendi. D\u00fczenlenen toplant\u0131ya Alt\u0131nordu Belediye Ba\u015fkan Yard\u0131mc\u0131s\u0131 \u0130sa Hitalo\u011flu, birim m\u00fcd\u00fcrleri, dereceye giren okullar\u0131n \u00f6\u011fretmen ve \u00f6\u011frencileri kat\u0131ld\u0131.<\/p>\n<p>\u00d6d\u00fcl t\u00f6reninde konu\u015fan Ba\u015fkan Yard\u0131mc\u0131s\u0131 Hitalo\u011flu, \u201cAlt\u0131nordu Belediyesi olarak do\u011fan\u0131n korunmas\u0131na, \u00e7ocuklar\u0131m\u0131z\u0131n bu konuda bilin\u00e7 kazanmas\u0131na b\u00fcy\u00fck \u00f6nem veriyoruz. Bu kapsamda Belediyemiz ile T\u00fcrkiye Bili\u015fim Sanayicileri Derne\u011fi ve Ta\u015f\u0131nabilir Pil \u00dcreticileri Derne\u011fi i\u015fbirli\u011fi ile il\u00e7e genelinde At\u0131k Elektrikli ve Elektronik E\u015fyalar Toplama ve Okullararas\u0131 \u00d6d\u00fcll\u00fc At\u0131k Pil Toplama Yar\u0131\u015fmas\u0131 d\u00fczenlendi. Yap\u0131lan yar\u0131\u015fmada \u00f6\u011frencilerimiz hem \u00e7evreyi koruma bilinci kazand\u0131 hem de bu at\u0131klarda bulunan de\u011ferli maddelerin geri kazan\u0131m\u0131 sa\u011flayarak \u00fclke ekonomisine katk\u0131 sa\u011flad\u0131. Bu \u00f6zel ve g\u00fczide yar\u0131\u015fmada en \u00e7ok at\u0131\u011f\u0131 toplayan ve dereceye giren Gerce \u0130lkokulu, Karaca\u00f6mer \u0130lkokulu, \u015eehit \u00dcmit \u0130nce Anaokulu ve Durug\u00f6l \u015eehit Bayram G\u00fcm\u00fc\u015f \u0130lkokulu \u00f6\u011fretmen ve \u00f6\u011frencilerini kutluyor, hak etmi\u015f olduklar\u0131 \u00f6d\u00fcllerini vermekten b\u00fcy\u00fck mutluluk duyuyorum\u201d dedi.<\/p>\n<p>Yar\u0131\u015fmaya kat\u0131lan ve dereceye giren minik \u00f6\u011frenciler d\u00fczenlenen t\u00f6rende s\u00f6z ald\u0131. Do\u011fan\u0131n korunmas\u0131 i\u00e7in at\u0131k elektronik e\u015fya ve pil toplad\u0131klar\u0131n\u0131 ifade eden \u00f6\u011frenciler, yar\u0131\u015fmadan sonra bu duyarl\u0131 davran\u0131\u015fa devam edeceklerini dile getirdiler. Yap\u0131lan konu\u015fmalar\u0131n ard\u0131ndan dereceye giren okullara \u00f6d\u00fclleri verildi. Okullara \u00f6d\u00fcllerini, Alt\u0131nordu Belediye Ba\u015fkan Yard\u0131mc\u0131s\u0131 \u0130sa Hitalo\u011flu verdi. D\u00fczenlenen \u00f6d\u00fcl t\u00f6reni hat\u0131ra foto\u011fraf\u0131 \u00e7ekilmesinin ard\u0131ndan sona erdi.<\/p>\n","protected":false},"excerpt":{"rendered":"<p>ALTINORDU BELED\u0130YES\u0130 \u0130LE T\u00dcRK\u0130YE B\u0130L\u0130\u015e\u0130M SANAY\u0130C\u0130LER\u0130 DERNE\u011e\u0130 (T\u00dcB\u0130SAD) VE TA\u015eINAB\u0130L\u0130R P\u0130L \u00dcRET\u0130C\u0130LER\u0130 DERNE\u011e\u0130 (TAP) \u0130\u015eB\u0130RL\u0130\u011e\u0130NDE \u0130L\u00c7E GENEL\u0130NDE D\u00dcZENLENEN ATIK ELEKTR\u0130KL\u0130 VE ELEKTRON\u0130K E\u015eYALAR TOPLAMA VE OKULLAR ARASI \u00d6D\u00dcLL\u00dc ATIK P\u0130L TOPLAMA YARI\u015eMASINDA DERECEYE G\u0130REN OKULLAR \u00d6D\u00dcLLER\u0130N\u0130 ALDI.<\/p>\n","protected":false},"author":1,"featured_media":164144,"comment_status":"closed","ping_status":"open","sticky":false,"template":"","format":"standard","meta":{"jetpack_post_was_ever_published":false,"_jetpack_newsletter_access":"","_jetpack_dont_email_post_to_subs":false,"_jetpack_newsletter_tier_id":0,"_jetpack_memberships_contains_paywalled_content":false,"_jetpack_memberships_contains_paid_content":false,"footnotes":"","jetpack_publicize_message":"","jetpack_publicize_feature_enabled":true,"jetpack_social_post_already_shared":true,"jetpack_social_options":{"image_generator_settings":{"template":"highway","default_image_id":0,"font":"","enabled":false},"version":2}},"categories":[1],"tags":[38943,4512,252,12593,6778,3210],"class_list":["post-164143","post","type-post","status-publish","format-standard","has-post-thumbnail","hentry","category-genel","tag-38943","tag-atik","tag-cocuklar","tag-pil","tag-ton","tag-topladi"],"jetpack_publicize_connections":[],"jetpack_featured_media_url":"https:\/\/i0.wp.com\/www.tvturk.com\/wp-content\/uploads\/2019\/05\/cocuklar-760-ton-atik-pil-topladi_456e2fe.jpg?fit=1000%2C666","jetpack_sharing_enabled":true,"jetpack_shortlink":"https:\/\/wp.me\/paKIfm-GHt","_links":{"self":[{"href":"http:\/\/www.tvturk.com\/index.php\/wp-json\/wp\/v2\/posts\/164143","targetHints":{"allow":["GET"]}}],"collection":[{"href":"http:\/\/www.tvturk.com\/index.php\/wp-json\/wp\/v2\/posts"}],"about":[{"href":"http:\/\/www.tvturk.com\/index.php\/wp-json\/wp\/v2\/types\/post"}],"author":[{"embeddable":true,"href":"http:\/\/www.tvturk.com\/index.php\/wp-json\/wp\/v2\/users\/1"}],"replies":[{"embeddable":true,"href":"http:\/\/www.tvturk.com\/index.php\/wp-json\/wp\/v2\/comments?post=164143"}],"version-history":[{"count":0,"href":"http:\/\/www.tvturk.com\/index.php\/wp-json\/wp\/v2\/posts\/164143\/revisions"}],"wp:featuredmedia":[{"embeddable":true,"href":"http:\/\/www.tvturk.com\/index.php\/wp-json\/wp\/v2\/media\/164144"}],"wp:attachment":[{"href":"http:\/\/www.tvturk.com\/index.php\/wp-json\/wp\/v2\/media?parent=164143"}],"wp:term":[{"taxonomy":"category","embeddable":true,"href":"http:\/\/www.tvturk.com\/index.php\/wp-json\/wp\/v2\/categories?post=164143"},{"taxonomy":"post_tag","embeddable":true,"href":"http:\/\/www.tvturk.com\/index.php\/wp-json\/wp\/v2\/tags?post=164143"}],"curies":[{"name":"wp","href":"https:\/\/api.w.org\/{rel}","templated":true}]}}