{"id":164145,"date":"2019-05-30T17:59:26","date_gmt":"2019-05-30T14:59:26","guid":{"rendered":"http:\/\/www.tvturk.com\/index.php\/914-yillik-tarih-yeniden-canlaniyor\/"},"modified":"2019-05-30T17:59:26","modified_gmt":"2019-05-30T14:59:26","slug":"914-yillik-tarih-yeniden-canlaniyor","status":"publish","type":"post","link":"http:\/\/www.tvturk.com\/index.php\/914-yillik-tarih-yeniden-canlaniyor\/","title":{"rendered":"914 y\u0131ll\u0131k tarih yeniden canlan\u0131yor"},"content":{"rendered":"<p>T\u00fcrklerin Karadeniz\u2019e ilk giri\u015f kap\u0131s\u0131 olan Ordu\u2019nun Per\u015fembe Yaylas\u0131\u2019nda 1105 y\u0131l\u0131nda Trabzon Rum Devleti\u2019ne kar\u015f\u0131 sava\u015f\u0131rken \u015fehit d\u00fc\u015fen Dani\u015fment Gazi, komutan\u0131 Emir K\u00fcmbet ve Dani\u015fmentli Beyli\u011fi \u015fehitleri an\u0131lacak.<\/p>\n<p>13 Haziran 2019 Per\u015fembe g\u00fcn\u00fc saat 11.00\u2019de yap\u0131lacak anma etkinliklerine Ordu\u2019nun 19 il\u00e7esi ve \u00e7evre illerden binlerce gencin kat\u0131lmas\u0131 beklenen program 1500 rak\u0131ml\u0131 Per\u015fembe Yaylas\u0131n\u0131n Dani\u015fmentli Beyli\u011fi \u015eehitli\u011fi\u2019nin oldu\u011fu yerde yap\u0131lacak.<\/p>\n<p>6 bin \u015fehit unutulmad\u0131<\/p>\n<p>Ordu Gen\u00e7lik ve Spor \u0130l M\u00fcd\u00fcr\u00fc Mustafa Gen\u00e7, s\u00f6z konusu etkinli\u011fin bu y\u0131l \u00fc\u00e7\u00fcnc\u00fcs\u00fcn\u00fc d\u00fczenleyeceklerini belirtti. Gen\u00e7, \u201cOrdu\u2019nun Per\u015fembe Yaylas\u0131\u2019nda 1105 tarihinde b\u00fcy\u00fck bir sava\u015f olmu\u015ftu. Bu sava\u015fta Trabzon Rum Devleti\u2019nin 70 bin ki\u015filik ordusuna kar\u015f\u0131 Dani\u015fmentli Beyli\u011fi\u2019nin 10 bin ki\u015filik ordusu sava\u015fm\u0131\u015ft\u0131. Gen\u00e7lik ve Spor \u0130l M\u00fcd\u00fcrl\u00fc\u011f\u00fc olarak ya\u015fanan bu kahramanl\u0131\u011f\u0131 sava\u015f\u0131n oldu\u011fu yerde gen\u00e7lerimizle birlikte \u015fehitlerimizi yad edece\u011fiz. Per\u015fembe Yaylas\u0131, T\u00fcrkler\u2019in Karadeniz\u2019e giri\u015f kap\u0131s\u0131. Dani\u015fment Gazi bu \u00f6nemli sava\u015fta yararlanm\u0131\u015f ve \u00fc\u00e7 g\u00fcn sonra \u015fehit olmu\u015f, yine ayn\u0131 sava\u015fta Dani\u015fmentli Beyli\u011fi\u2019nin Ordu Komutan\u0131 Emir K\u00fcmbet ve 6 bin askeri burada \u015fehit d\u00fc\u015fm\u00fc\u015ft\u00fc. Aybast\u0131 Belediyemizde sava\u015f\u0131n oldu\u011fu yere bir \u015fehitlik yapt\u0131 ve oradaki t\u00fcrbeyi onard\u0131. Biz de in\u015fallah orada 13 Haziran 2019 Per\u015fembe g\u00fcn\u00fc 19 il\u00e7eden toplanan \u00fc\u00e7 bin gencimizle birlikte \u00fc\u00e7\u00fcnc\u00fc kez bir anma program\u0131 ger\u00e7ekle\u015ftirece\u011fiz.  Buradaki ama\u00e7 gen\u00e7lerin tarih bilincini artt\u0131rmak, gen\u00e7lerin tarihi daha \u00e7ok \u00f6z\u00fcmsemelerini, ya\u015fad\u0131\u011f\u0131m\u0131z olaylar\u0131 sorgulamalar\u0131n\u0131 ve bizim buralara gelme sebebimizi daha iyi idrak etmelerin yani tarihimiz ile ilgili ba\u011f kurmalar\u0131 i\u00e7in bu gibi tarihsel s\u00fcre\u00e7leri tarihin ya\u015fand\u0131\u011f\u0131 yerde ya\u015famalar\u0131n\u0131 hedefliyoruz\u201d dedi.<\/p>\n<p>Atl\u0131 ok\u00e7uluk ve k\u0131l\u0131\u00e7 g\u00f6sterileri yap\u0131lacak<\/p>\n<p>Tarihi T\u00fcrk sava\u015f sanatlar\u0131n\u0131n da sergilenece\u011fi anma program\u0131nda Bal\u0131kesir Ak\u0131nc\u0131lar\u0131 Atl\u0131 Ok\u00e7uluk ve Sava\u015f Sanatlar\u0131 Kul\u00fcb\u00fc sporcular\u0131 at \u00fcst\u00fcnde h\u00fcnerlerini sergileyecek. \u015eehitli\u011fin gezilmesinin ard\u0131ndan Kur\u2019an-\u0131 Kerim\u2019in okunmas\u0131yla kutlamalara ge\u00e7ilecek. Daha sonra tarihi asker k\u0131yafetleri ile gen\u00e7ler ve atl\u0131 ok\u00e7ular t\u00f6ren ge\u00e7i\u015fi yapacak. Protokol konu\u015fmalar\u0131n\u0131n ard\u0131ndan T\u00fcrk sava\u015f sanatlar\u0131 g\u00f6sterisi yap\u0131lacak. Program dua yap\u0131lmas\u0131n\u0131n ard\u0131ndan sona erecek.<\/p>\n","protected":false},"excerpt":{"rendered":"<p>T\u00dcRKLER\u0130N KARADEN\u0130Z\u2019E \u0130LK G\u0130R\u0130\u015e KAPISI OLAN ORDU\u2019NUN PER\u015eEMBE YAYLASI\u2019NDA 1105 YILINDA TRABZON RUM DEVLET\u0130\u2019NE KAR\u015eI SAVA\u015eIRKEN \u015eEH\u0130T D\u00dc\u015eEN 6 B\u0130N \u015eEH\u0130T \u0130\u00c7\u0130N ANMA T\u00d6REN\u0130 D\u00dcZENLENECEK<\/p>\n","protected":false},"author":1,"featured_media":164146,"comment_status":"closed","ping_status":"open","sticky":false,"template":"","format":"standard","meta":{"jetpack_post_was_ever_published":false,"_jetpack_newsletter_access":"","_jetpack_dont_email_post_to_subs":false,"_jetpack_newsletter_tier_id":0,"_jetpack_memberships_contains_paywalled_content":false,"_jetpack_memberships_contains_paid_content":false,"footnotes":"","jetpack_publicize_message":"","jetpack_publicize_feature_enabled":true,"jetpack_social_post_already_shared":true,"jetpack_social_options":{"image_generator_settings":{"template":"highway","default_image_id":0,"font":"","enabled":false},"version":2}},"categories":[1],"tags":[38944,27400,1330,720,710],"class_list":["post-164145","post","type-post","status-publish","format-standard","has-post-thumbnail","hentry","category-genel","tag-38944","tag-canlaniyor","tag-tarih","tag-yeniden","tag-yillik"],"jetpack_publicize_connections":[],"jetpack_featured_media_url":"https:\/\/i0.wp.com\/www.tvturk.com\/wp-content\/uploads\/2019\/05\/914-yillik-tarih-yeniden-canlaniyor_19251a1.jpg?fit=1000%2C666","jetpack_sharing_enabled":true,"jetpack_shortlink":"https:\/\/wp.me\/paKIfm-GHv","_links":{"self":[{"href":"http:\/\/www.tvturk.com\/index.php\/wp-json\/wp\/v2\/posts\/164145","targetHints":{"allow":["GET"]}}],"collection":[{"href":"http:\/\/www.tvturk.com\/index.php\/wp-json\/wp\/v2\/posts"}],"about":[{"href":"http:\/\/www.tvturk.com\/index.php\/wp-json\/wp\/v2\/types\/post"}],"author":[{"embeddable":true,"href":"http:\/\/www.tvturk.com\/index.php\/wp-json\/wp\/v2\/users\/1"}],"replies":[{"embeddable":true,"href":"http:\/\/www.tvturk.com\/index.php\/wp-json\/wp\/v2\/comments?post=164145"}],"version-history":[{"count":0,"href":"http:\/\/www.tvturk.com\/index.php\/wp-json\/wp\/v2\/posts\/164145\/revisions"}],"wp:featuredmedia":[{"embeddable":true,"href":"http:\/\/www.tvturk.com\/index.php\/wp-json\/wp\/v2\/media\/164146"}],"wp:attachment":[{"href":"http:\/\/www.tvturk.com\/index.php\/wp-json\/wp\/v2\/media?parent=164145"}],"wp:term":[{"taxonomy":"category","embeddable":true,"href":"http:\/\/www.tvturk.com\/index.php\/wp-json\/wp\/v2\/categories?post=164145"},{"taxonomy":"post_tag","embeddable":true,"href":"http:\/\/www.tvturk.com\/index.php\/wp-json\/wp\/v2\/tags?post=164145"}],"curies":[{"name":"wp","href":"https:\/\/api.w.org\/{rel}","templated":true}]}}