{"id":164147,"date":"2019-05-30T18:12:18","date_gmt":"2019-05-30T15:12:18","guid":{"rendered":"http:\/\/www.tvturk.com\/index.php\/pence-harekati-sehidi-piyade-tegmen-rasit-aydin-son-yolculuguna-ugurlandi\/"},"modified":"2019-05-30T18:12:18","modified_gmt":"2019-05-30T15:12:18","slug":"pence-harekati-sehidi-piyade-tegmen-rasit-aydin-son-yolculuguna-ugurlandi","status":"publish","type":"post","link":"http:\/\/www.tvturk.com\/index.php\/pence-harekati-sehidi-piyade-tegmen-rasit-aydin-son-yolculuguna-ugurlandi\/","title":{"rendered":"Pen\u00e7e Harekat\u0131 \u015fehidi Piyade Te\u011fmen Ra\u015fit Ayd\u0131n son yolculu\u011funa u\u011furland\u0131"},"content":{"rendered":"<p>Irak\u2019\u0131n kuzeyindeki Hakurk b\u00f6lgesinde T\u00fcrk Silahl\u0131 Kuvvetleri\u2019nce y\u00fcr\u00fct\u00fclen Pen\u00e7e Harekat\u0131\u2019nda ter\u00f6ristlerin tuzaklad\u0131\u011f\u0131 el yap\u0131m\u0131 patlay\u0131c\u0131n\u0131n (EYP) infilak etmesi sonucu \u015fehit olan 2 askerden Piyade Te\u011fmen Ra\u015fit Ayd\u0131n (28) Sakarya\u2019n\u0131n Geyve il\u00e7esinde g\u00f6zya\u015flar\u0131 aras\u0131nda son yolculu\u011funa u\u011furland\u0131.<\/p>\n<p>Irak\u2019\u0131n kuzeyi Hakurk b\u00f6lgesinde ba\u015flat\u0131lan Pen\u00e7e Harekat\u0131 kapsam\u0131nda, PKK\u2019l\u0131 b\u00f6l\u00fcc\u00fc ter\u00f6ristler taraf\u0131ndan b\u00f6lgeye \u00f6nceden yerle\u015ftirilen EYP\u2019nin patlamas\u0131 sonucunda yaralanan 2 asker d\u00fcn \u015fehit oldu. \u015eehit Piyade Te\u011fmen Ra\u015fit Ayd\u0131n\u2019\u0131n cenazesi, Hakkari\u2019deki t\u00f6renin ard\u0131ndan, helikopterle n\u00fcfusuna kay\u0131tl\u0131 oldu\u011fu Sakarya\u2019ya u\u011furland\u0131. Aslen Giresunlu bir ailenin evlad\u0131 olan ve Geyve n\u00fcfusuna kay\u0131tl\u0131 Piyade Te\u011fmen Ra\u015fit Ayd\u0131n\u2019\u0131n cenazesinin kar\u015f\u0131lanmas\u0131 s\u0131ras\u0131nda \u015fehidin yak\u0131nlar\u0131 g\u00f6zya\u015flar\u0131na bo\u011fuldu. \u015eehidin tabutunun \u00fczerinde ki asker y\u00fcz\u00fc\u011f\u00fc yak\u0131nlar\u0131n\u0131 yasa bo\u011fdu.<\/p>\n<p>\u015eehit Ayd\u0131n i\u00e7in Geyve Merkez Sinanbey Camii\u2019nde ikindi namaz\u0131na m\u00fcteakip t\u00f6ren d\u00fczenlendi. T\u00f6rene \u015fehidin babas\u0131 Seyit, annesi Zeynep T\u00fclay ile yak\u0131nlar\u0131 ba\u015fta olmak \u00fczere Sakarya Valisi Ahmet Hamdi Nayir, Aile, \u00c7al\u0131\u015fma ve Sosyal Hizmetler Bakan Yard\u0131mc\u0131s\u0131 Ahmet Koca, belediye ba\u015fkanlar\u0131, protokol \u00fcyeleri ve \u00e7ok say\u0131da vatanda\u015f kat\u0131ld\u0131.<\/p>\n<p>Cenaze namaz\u0131 sonras\u0131nda \u015fehidin naa\u015f\u0131 d\u00fczenlenen askeri t\u00f6ren ile Melek\u015fesolak Merkez Mahallesi Mezarl\u0131\u011f\u0131nda topra\u011fa verildi. \u00d6te yandan, \u015fehit olan Ra\u015fit Ayd\u0131n\u2019\u0131n 2\u2019si k\u0131z toplam 7 karde\u015f olduklar\u0131 ve karde\u015fler aras\u0131nda en b\u00fcy\u00fc\u011f\u00fc oldu\u011fu \u00f6\u011frenildi.<\/p>\n","protected":false},"excerpt":{"rendered":"<p>IRAK&#8217;IN KUZEY\u0130NDEK\u0130 HAKURK B\u00d6LGES\u0130NDE T\u00dcRK S\u0130LAHLI KUVVETLER\u0130\u2019NCE Y\u00dcR\u00dcT\u00dcLEN PEN\u00c7E HAREKATI&#8217;NDA TER\u00d6R\u0130STLER\u0130N TUZAKLADI\u011eI EL YAPIMI PATLAYICININ (EYP) \u0130NF\u0130LAK ETMES\u0130 SONUCU \u015eEH\u0130T OLAN 2 ASKERDEN P\u0130YADE TE\u011eMEN RA\u015e\u0130T AYDIN (28) SAKARYA\u2019NIN GEYVE \u0130L\u00c7ES\u0130NDE G\u00d6ZYA\u015eLARI ARASINDA SON YOLCULU\u011eUNA U\u011eURLANDI.<\/p>\n","protected":false},"author":1,"featured_media":164148,"comment_status":"closed","ping_status":"open","sticky":false,"template":"","format":"standard","meta":{"jetpack_post_was_ever_published":false,"_jetpack_newsletter_access":"","_jetpack_dont_email_post_to_subs":false,"_jetpack_newsletter_tier_id":0,"_jetpack_memberships_contains_paywalled_content":false,"_jetpack_memberships_contains_paid_content":false,"footnotes":"","jetpack_publicize_message":"","jetpack_publicize_feature_enabled":true,"jetpack_social_post_already_shared":true,"jetpack_social_options":{"image_generator_settings":{"template":"highway","default_image_id":0,"font":"","enabled":false},"version":2}},"categories":[1],"tags":[426,17305,12871,3594,38918,5327,1240,38917,2516,2515],"class_list":["post-164147","post","type-post","status-publish","format-standard","has-post-thumbnail","hentry","category-genel","tag-aydin","tag-harekati","tag-pence","tag-piyade","tag-rasit","tag-sehidi","tag-son","tag-tegmen","tag-ugurlandi","tag-yolculuguna"],"jetpack_publicize_connections":[],"jetpack_featured_media_url":"https:\/\/i0.wp.com\/www.tvturk.com\/wp-content\/uploads\/2019\/05\/pence-harekati-sehidi-piyade-tegmen-rasit-aydin-son-yolculuguna-ugurlandi_e86157b.jpg?fit=1000%2C666","jetpack_sharing_enabled":true,"jetpack_shortlink":"https:\/\/wp.me\/paKIfm-GHx","_links":{"self":[{"href":"http:\/\/www.tvturk.com\/index.php\/wp-json\/wp\/v2\/posts\/164147","targetHints":{"allow":["GET"]}}],"collection":[{"href":"http:\/\/www.tvturk.com\/index.php\/wp-json\/wp\/v2\/posts"}],"about":[{"href":"http:\/\/www.tvturk.com\/index.php\/wp-json\/wp\/v2\/types\/post"}],"author":[{"embeddable":true,"href":"http:\/\/www.tvturk.com\/index.php\/wp-json\/wp\/v2\/users\/1"}],"replies":[{"embeddable":true,"href":"http:\/\/www.tvturk.com\/index.php\/wp-json\/wp\/v2\/comments?post=164147"}],"version-history":[{"count":0,"href":"http:\/\/www.tvturk.com\/index.php\/wp-json\/wp\/v2\/posts\/164147\/revisions"}],"wp:featuredmedia":[{"embeddable":true,"href":"http:\/\/www.tvturk.com\/index.php\/wp-json\/wp\/v2\/media\/164148"}],"wp:attachment":[{"href":"http:\/\/www.tvturk.com\/index.php\/wp-json\/wp\/v2\/media?parent=164147"}],"wp:term":[{"taxonomy":"category","embeddable":true,"href":"http:\/\/www.tvturk.com\/index.php\/wp-json\/wp\/v2\/categories?post=164147"},{"taxonomy":"post_tag","embeddable":true,"href":"http:\/\/www.tvturk.com\/index.php\/wp-json\/wp\/v2\/tags?post=164147"}],"curies":[{"name":"wp","href":"https:\/\/api.w.org\/{rel}","templated":true}]}}