{"id":164177,"date":"2019-05-30T20:12:17","date_gmt":"2019-05-30T17:12:17","guid":{"rendered":"http:\/\/www.tvturk.com\/index.php\/istanbulda-bayram-trafigi-yogunlugu-erken-basladi\/"},"modified":"2019-05-30T20:12:17","modified_gmt":"2019-05-30T17:12:17","slug":"istanbulda-bayram-trafigi-yogunlugu-erken-basladi","status":"publish","type":"post","link":"http:\/\/www.tvturk.com\/index.php\/istanbulda-bayram-trafigi-yogunlugu-erken-basladi\/","title":{"rendered":"\u0130stanbul\u2019da bayram trafi\u011fi yo\u011funlu\u011fu erken ba\u015flad\u0131"},"content":{"rendered":"<p>Ramazan Bayram\u0131 tatilinin 9 g\u00fcn olarak belirlenmesinin ard\u0131ndan \u0130stanbul\u2019daki trafik yo\u011funlu\u011fu ba\u015flad\u0131. \u0130BB yo\u011funluk haritas\u0131nda trafik yo\u011funlu\u011fu y\u00fczde 69\u2019lara ula\u015ft\u0131.<\/p>\n<p>Ramazan Bayram\u0131 tatilinin 9 g\u00fcn olarak belirlenmesinin ard\u0131ndan bayram\u0131 \u0130stanbul d\u0131\u015f\u0131nda ge\u00e7irmek isteyen vatanda\u015flar Per\u015fembe g\u00fcn\u00fcnden yollara \u00e7\u0131kt\u0131. Per\u015fembe g\u00fcn\u00fc mesai saati bitimiyle yola \u00e7\u0131kan vatanda\u015flar \u0130stanbul trafi\u011finde yo\u011funlu\u011fa neden oldu. \u0130stanbul B\u00fcy\u00fck\u015fehir Belediyesi (\u0130BB) yo\u011funluk haritas\u0131nda trafik yo\u011funlu\u011fu y\u00fczde 69\u2019lara ula\u015ft\u0131.<\/p>\n","protected":false},"excerpt":{"rendered":"<p>RAMAZAN BAYRAMI TAT\u0130L\u0130N\u0130N 9 G\u00dcN OLARAK BEL\u0130RLENMES\u0130N\u0130N ARDINDAN \u0130STANBUL\u2019DAK\u0130 TRAF\u0130K YO\u011eUNLU\u011eU BA\u015eLADI. \u0130BB YO\u011eUNLUK HAR\u0130TASINDA TRAF\u0130K YO\u011eUNLU\u011eU Y\u00dcZDE 69\u2019LARA ULA\u015eTI.<\/p>\n","protected":false},"author":1,"featured_media":164178,"comment_status":"closed","ping_status":"open","sticky":false,"template":"","format":"standard","meta":{"jetpack_post_was_ever_published":false,"_jetpack_newsletter_access":"","_jetpack_dont_email_post_to_subs":false,"_jetpack_newsletter_tier_id":0,"_jetpack_memberships_contains_paywalled_content":false,"_jetpack_memberships_contains_paid_content":false,"footnotes":"","jetpack_publicize_message":"","jetpack_publicize_feature_enabled":true,"jetpack_social_post_already_shared":true,"jetpack_social_options":{"image_generator_settings":{"template":"highway","default_image_id":0,"font":"","enabled":false},"version":2}},"categories":[1],"tags":[55,23995,4955,1268,5799,10277],"class_list":["post-164177","post","type-post","status-publish","format-standard","has-post-thumbnail","hentry","category-genel","tag-basladi","tag-bayram","tag-erken","tag-istanbulda","tag-trafigi","tag-yogunlugu"],"jetpack_publicize_connections":[],"jetpack_featured_media_url":"https:\/\/i0.wp.com\/www.tvturk.com\/wp-content\/uploads\/2019\/05\/istanbulda-bayram-trafigi-yogunlugu-erken-basladi_aeeae15.jpg?fit=1000%2C562","jetpack_sharing_enabled":true,"jetpack_shortlink":"https:\/\/wp.me\/paKIfm-GI1","_links":{"self":[{"href":"http:\/\/www.tvturk.com\/index.php\/wp-json\/wp\/v2\/posts\/164177","targetHints":{"allow":["GET"]}}],"collection":[{"href":"http:\/\/www.tvturk.com\/index.php\/wp-json\/wp\/v2\/posts"}],"about":[{"href":"http:\/\/www.tvturk.com\/index.php\/wp-json\/wp\/v2\/types\/post"}],"author":[{"embeddable":true,"href":"http:\/\/www.tvturk.com\/index.php\/wp-json\/wp\/v2\/users\/1"}],"replies":[{"embeddable":true,"href":"http:\/\/www.tvturk.com\/index.php\/wp-json\/wp\/v2\/comments?post=164177"}],"version-history":[{"count":0,"href":"http:\/\/www.tvturk.com\/index.php\/wp-json\/wp\/v2\/posts\/164177\/revisions"}],"wp:featuredmedia":[{"embeddable":true,"href":"http:\/\/www.tvturk.com\/index.php\/wp-json\/wp\/v2\/media\/164178"}],"wp:attachment":[{"href":"http:\/\/www.tvturk.com\/index.php\/wp-json\/wp\/v2\/media?parent=164177"}],"wp:term":[{"taxonomy":"category","embeddable":true,"href":"http:\/\/www.tvturk.com\/index.php\/wp-json\/wp\/v2\/categories?post=164177"},{"taxonomy":"post_tag","embeddable":true,"href":"http:\/\/www.tvturk.com\/index.php\/wp-json\/wp\/v2\/tags?post=164177"}],"curies":[{"name":"wp","href":"https:\/\/api.w.org\/{rel}","templated":true}]}}