{"id":164195,"date":"2019-05-30T22:50:13","date_gmt":"2019-05-30T19:50:13","guid":{"rendered":"http:\/\/www.tvturk.com\/index.php\/cumhurbaskani-basdanismani-topcu-nazarbayev-ender-bir-devlet-adamidir\/"},"modified":"2019-05-30T22:50:13","modified_gmt":"2019-05-30T19:50:13","slug":"cumhurbaskani-basdanismani-topcu-nazarbayev-ender-bir-devlet-adamidir","status":"publish","type":"post","link":"http:\/\/www.tvturk.com\/index.php\/cumhurbaskani-basdanismani-topcu-nazarbayev-ender-bir-devlet-adamidir\/","title":{"rendered":"Cumhurba\u015fkan\u0131 Ba\u015fdan\u0131\u015fman\u0131 Top\u00e7u: \u201cNazarbayev ender bir devlet adam\u0131d\u0131r\u201d"},"content":{"rendered":"<p>Cumhurba\u015fkan\u0131 Ba\u015fdan\u0131\u015fman\u0131 Top\u00e7u: \u201cNazarbayev unvan ve payelerini lay\u0131k\u0131yla hak etmi\u015f ender bir devlet adam\u0131d\u0131r\u201d dedi.<\/p>\n<p>Cumhurba\u015fkan\u0131 Ba\u015fdan\u0131\u015fman\u0131 Yal\u00e7\u0131n Top\u00e7u, Kazakistan\u2019\u0131n Ankara B\u00fcy\u00fckel\u00e7ili\u011finin ev sahipli\u011finde ve T\u00fcrkiye Kazakistan Dostluk Derne\u011fi ve Ahmet Yesevi Vakf\u0131 taraf\u0131ndan d\u00fczenlenen \u201cNazarbayev\u2019in Tarihi Karar\u0131 ve Kazakistan\u2019\u0131n Gelece\u011fi\u201d adl\u0131 toplant\u0131ya kat\u0131ld\u0131. Toplant\u0131da konu\u015fan Top\u00e7u, 28 y\u0131ll\u0131k ba\u015far\u0131larla ve iyi izlerle dolu Kazakistan Kurucu Cumhurba\u015fkanl\u0131\u011f\u0131 g\u00f6revini ge\u00e7ti\u011fimiz Mart ay\u0131nda Kas\u0131m C\u00f6mert Tokayev\u2019e teslim eden Nursultan Nazarbayev\u2019den \u00f6vg\u00fcyle ve gururla bahsederek \u201cT\u00fcrk d\u00fcnyas\u0131n\u0131n Aksakal\u0131 Say\u0131n Nazarbayev bilge bir lider; ileri g\u00f6r\u00fc\u015fl\u00fc, \u00fclkesi ve T\u00fcrk d\u00fcnyas\u0131 i\u00e7in b\u00f6lge ve d\u00fcnya meseleleri i\u00e7in pragmatik \u00e7\u00f6z\u00fcmler \u00fcreten bir ki\u015fili\u011fe sahip devlet ve siyaset insan\u0131d\u0131r. T\u00fcrk d\u00fcnyas\u0131n\u0131n ve uluslararas\u0131 kurulu\u015flar\u0131n bir\u00e7ok unvan ve payesine sahip olan, bunlar\u0131 lay\u0131k\u0131yla hak etmi\u015f ender bir devlet adam\u0131d\u0131r\u201d ifadelerini kulland\u0131.<\/p>\n<p>Cumhurba\u015fkan\u0131 Ba\u015fdan\u0131\u015fman\u0131 Top\u00e7u, konu\u015fmas\u0131na \u015f\u00f6yle devam etti:<\/p>\n<p>\u201cK\u00f6keni Sakalar, Hunlar ve G\u00f6kt\u00fcrkler\u2019e uzanan, y\u00fcz\u00f6l\u00e7\u00fcm\u00fc bak\u0131m\u0131ndan d\u00fcnyan\u0131n 9. b\u00fcy\u00fck \u00fclkesi olan Kazakistan, izledi\u011fi dengeli ve aktif d\u0131\u015f politika ile b\u00f6lgesel ve k\u00fcresel olarak a\u011f\u0131rl\u0131\u011f\u0131 giderek artan bir \u00fclkedir. Kazakistan, hem b\u00f6lgesel hem de k\u00fcresel d\u00fczeyde, Birle\u015fmi\u015f Milletler gibi uluslararas\u0131 \u00f6rg\u00fctlerdeki geli\u015fmelerde \u00fcstlendi\u011fi roller ile \u00f6nemli bir \u00fclkedir. Ba\u015fkent Nursultan \u015fehri uluslararas\u0131 krizlerin \u00e7\u00f6z\u00fcm merkezi haline gelmi\u015f; bar\u0131\u015f\u0131n, n\u00fckleer silahlara kar\u015f\u0131tl\u0131\u011f\u0131n, ticaretin ve turizmin merkezi olarak kendinden daha \u00e7ok s\u00f6z ettirmektedir.\u201d<\/p>\n<p>\u201cKendisine lay\u0131k g\u00f6r\u00fclen unvanlar ona duyulan sayg\u0131n\u0131n ifadesidir\u201d<\/p>\n<p>Ba\u011f\u0131ms\u0131z ve modern Kazakistan\u2019\u0131n ad\u0131n\u0131n, Nursultan Nazarbayev\u2019in ad\u0131yla \u00f6zde\u015fle\u015fti\u011fini belirten B\u00fcy\u00fckel\u00e7i Saparbekul\u0131 ise \u201c1991\u2019de Nazarbayev, Sovyetler Birli\u011fi\u2019nin ekonomik ve politik y\u0131k\u0131nt\u0131lar\u0131 aras\u0131nda \u00f6zg\u00fcrl\u00fc\u011f\u00fcne kavu\u015fmu\u015f ama b\u00fcy\u00fck i\u00e7 ve d\u0131\u015f tehditlerle kar\u015f\u0131 kar\u015f\u0131ya olan Kazakistan\u2019\u0131 devralm\u0131\u015ft\u0131r. Say\u0131n Nazarbayev\u2019e birka\u00e7 g\u00fcn arayla hem \u2018T\u00fcrk Konseyi \u00d6m\u00fcr Boyu Onursal Ba\u015fkan\u0131\u2019 hem de \u2018Avrasya Y\u00fcksek Ekonomik Konseyi (AYEK) Onursal Ba\u015fkan\u0131\u2019 unvanlar\u0131n\u0131n lay\u0131k g\u00f6r\u00fclmesi kendisine duyulan sayg\u0131n\u0131n ifadesidir&#8221; diye konu\u015ftu. Saparbekul\u0131, yeni d\u00f6nemde de Kazakistan\u2019\u0131n \u00e7ok y\u00f6nl\u00fc, dengeli ve bar\u0131\u015f\u00e7\u0131l d\u0131\u015f politikas\u0131n\u0131 s\u00fcrd\u00fcrece\u011fini, T\u00fcrk d\u00fcnyas\u0131 ile ba\u011flar\u0131n\u0131 g\u00fc\u00e7lendirmeye devam edece\u011fini ve Latin alfabesine ge\u00e7i\u015fini tamamlayaca\u011f\u0131n\u0131 belirtti.<\/p>\n<p>Saparbekul\u0131, Kazakistan\u2019\u0131n uluslararas\u0131 camian\u0131n sayg\u0131n bir \u00fcyesi olarak \u00e7al\u0131\u015fmay\u0131 s\u00fcrd\u00fcrece\u011fini ve Orta Asya\u2019da ve b\u00f6lgesinde \u00f6nc\u00fc roller \u00fcstlenmeye devam edece\u011fini belirterek &#8220;Bug\u00fcn Kazakistan gelece\u011fine hi\u00e7 olmad\u0131\u011f\u0131 kadar b\u00fcy\u00fck umutla bak\u0131yor. Bu ortak gelece\u011fi T\u00fcrkiye gibi karde\u015f bir \u00fclke ve stratejik ortakla birlikte in\u015fa edece\u011fimiz ger\u00e7e\u011fi ise bizlere ilave g\u00fc\u00e7 kat\u0131yor&#8221; de\u011ferlendirmesinde bulundu.<\/p>\n<p>Toplant\u0131ya Cumhurba\u015fkan\u0131 Ba\u015fdan\u0131\u015fman\u0131 Yal\u00e7\u0131n top\u00e7u ve ev sahibi Kazakistan Ankara B\u00fcy\u00fckel\u00e7isi Abzal Saparbekul\u0131\u2019n\u0131n yan\u0131 s\u0131ra Ahi Evran \u00dcniversitesi \u00d6\u011fretim \u00dcyesi Prof. Dr. K\u00fcr\u015fat Zorlu, T\u00fcrkiye-Kazakistan Dostluk Derne\u011fi Ba\u015fkan\u0131 Feyzullah Budak, Ahmet Yesevi Vakf\u0131 Ba\u015fkan\u0131 ve Eski K\u00fclt\u00fcr Bakan\u0131 Nam\u0131k Kemal Zeybek ile \u00e7ok say\u0131da diplomat ve akademisyen kat\u0131ld\u0131. Program, Ahi Evran \u00dcniversitesi \u00d6\u011fretim \u00dcyesi Prof. Dr. Zorlu, T\u00fcrkiye-Kazakistan Dostluk Derne\u011fi Ba\u015fkan\u0131 Budak, Ahmet Yesevi Vakf\u0131 Ba\u015fkan\u0131 ve eski K\u00fclt\u00fcr Bakan\u0131 Zeybek\u2019in konu\u015fmalar\u0131n\u0131n ard\u0131ndan sona erdi.<\/p>\n","protected":false},"excerpt":{"rendered":"<p>CUMHURBA\u015eKANI BA\u015eDANI\u015eMANI YAL\u00c7IN TOP\u00c7U, \u201cNAZARBAYEV UNVAN VE PAYELER\u0130N\u0130 LAYIKIYLA HAK ETM\u0130\u015e ENDER B\u0130R DEVLET ADAMIDIR\u201d DED\u0130.<\/p>\n","protected":false},"author":1,"featured_media":164196,"comment_status":"closed","ping_status":"open","sticky":false,"template":"","format":"standard","meta":{"jetpack_post_was_ever_published":false,"_jetpack_newsletter_access":"","_jetpack_dont_email_post_to_subs":false,"_jetpack_newsletter_tier_id":0,"_jetpack_memberships_contains_paywalled_content":false,"_jetpack_memberships_contains_paid_content":false,"footnotes":"","jetpack_publicize_message":"","jetpack_publicize_feature_enabled":true,"jetpack_social_post_already_shared":true,"jetpack_social_options":{"image_generator_settings":{"template":"highway","default_image_id":0,"font":"","enabled":false},"version":2}},"categories":[1],"tags":[38962,13536,125,503,1564,35534,37989,13537],"class_list":["post-164195","post","type-post","status-publish","format-standard","has-post-thumbnail","hentry","category-genel","tag-adamidir","tag-basdanismani","tag-bir","tag-cumhurbaskani","tag-devlet","tag-ender","tag-nazarbayev","tag-topcu"],"jetpack_publicize_connections":[],"jetpack_featured_media_url":"https:\/\/i0.wp.com\/www.tvturk.com\/wp-content\/uploads\/2019\/05\/cumhurbaskani-basdanismani-topcu-nazarbayev-ender-bir-devlet-adamidir_003ef13.jpg?fit=1000%2C666","jetpack_sharing_enabled":true,"jetpack_shortlink":"https:\/\/wp.me\/paKIfm-GIj","_links":{"self":[{"href":"http:\/\/www.tvturk.com\/index.php\/wp-json\/wp\/v2\/posts\/164195","targetHints":{"allow":["GET"]}}],"collection":[{"href":"http:\/\/www.tvturk.com\/index.php\/wp-json\/wp\/v2\/posts"}],"about":[{"href":"http:\/\/www.tvturk.com\/index.php\/wp-json\/wp\/v2\/types\/post"}],"author":[{"embeddable":true,"href":"http:\/\/www.tvturk.com\/index.php\/wp-json\/wp\/v2\/users\/1"}],"replies":[{"embeddable":true,"href":"http:\/\/www.tvturk.com\/index.php\/wp-json\/wp\/v2\/comments?post=164195"}],"version-history":[{"count":0,"href":"http:\/\/www.tvturk.com\/index.php\/wp-json\/wp\/v2\/posts\/164195\/revisions"}],"wp:featuredmedia":[{"embeddable":true,"href":"http:\/\/www.tvturk.com\/index.php\/wp-json\/wp\/v2\/media\/164196"}],"wp:attachment":[{"href":"http:\/\/www.tvturk.com\/index.php\/wp-json\/wp\/v2\/media?parent=164195"}],"wp:term":[{"taxonomy":"category","embeddable":true,"href":"http:\/\/www.tvturk.com\/index.php\/wp-json\/wp\/v2\/categories?post=164195"},{"taxonomy":"post_tag","embeddable":true,"href":"http:\/\/www.tvturk.com\/index.php\/wp-json\/wp\/v2\/tags?post=164195"}],"curies":[{"name":"wp","href":"https:\/\/api.w.org\/{rel}","templated":true}]}}