{"id":164313,"date":"2019-05-31T10:39:41","date_gmt":"2019-05-31T07:39:41","guid":{"rendered":"http:\/\/www.tvturk.com\/index.php\/ozel-bursaspor-taraftarlari-mali-kongrenin-iptalini-istiyor\/"},"modified":"2019-05-31T10:39:41","modified_gmt":"2019-05-31T07:39:41","slug":"ozel-bursaspor-taraftarlari-mali-kongrenin-iptalini-istiyor","status":"publish","type":"post","link":"http:\/\/www.tvturk.com\/index.php\/ozel-bursaspor-taraftarlari-mali-kongrenin-iptalini-istiyor\/","title":{"rendered":"(\u00d6zel) Bursaspor taraftarlar\u0131 mali kongrenin iptalini istiyor"},"content":{"rendered":"<p>Bursaspor taraftarlar\u0131, arazi sat\u0131\u015flar\u0131ndaki usuls\u00fczl\u00fck iddias\u0131yla 2 ay \u00f6nce yap\u0131lan mali kongrenin iptali i\u00e7in Cumhuriyet Savc\u0131l\u0131\u011f\u0131\u2019na su\u00e7 duyurusunda bulundu.<\/p>\n<p>Ye\u015fil-beyazl\u0131 taraftarlar 23 Mart\u2019ta yap\u0131lan mali genel kurulun iptalini istiyor. Genel kurula sunulan mali tablonun ger\u00e7e\u011fi yans\u0131t\u0131lmad\u0131\u011f\u0131 ve genel kurulun kand\u0131r\u0131ld\u0131\u011f\u0131n\u0131, arazi sat\u0131\u015flar\u0131n\u0131n usuls\u00fcz yap\u0131ld\u0131\u011f\u0131, gelir ve giderlerin eksik g\u00f6sterildi\u011fi iddias\u0131yla o g\u00fcn mali genel kurula kat\u0131lmayan taraftarlar su\u00e7 duyurusunda bulundu. Taraftarlar, mali genel kurulun iptal edilip, yeniden yap\u0131lmas\u0131n\u0131 istiyor.<\/p>\n<p>Grup ad\u0131na konu\u015fan Bursaspor Kongre \u00dcyesi Ayhan \u00c7a\u011flayan, \u201cEn son yap\u0131lan mali kongrede bize g\u00f6re arazi sat\u0131\u015flar\u0131nda usuls\u00fczl\u00fck oldu. Mahkemeye su\u00e7 duyurusunda bulunup, mali kongrenin iptalini ve yeniden tekrarlanmas\u0131n\u0131 istiyoruz. Mali genel kurulda 23 Mart tarihinde oldu. Arazi sat\u0131\u015flar\u0131nda usuls\u00fczl\u00fck oldu. Araziler de\u011ferinde d\u00fc\u015f\u00fck g\u00f6sterildi. Bu konunun iptali i\u00e7in dilek\u00e7e veriyoruz. Bu tak\u0131m\u0131 y\u00f6neticiler zarara u\u011fratt\u0131lar. Bursaspor\u2019u k\u00f6t\u00fc duruma d\u00fc\u015f\u00fcrd\u00fcler. Mali kongrenin tekrarlanmas\u0131n\u0131 istiyoruz ve adalete g\u00fcveniyoruz. Ali Ay, arazileri kendi \u00fczerine ge\u00e7irdi\u201d dedi.<\/p>\n","protected":false},"excerpt":{"rendered":"<p>BURSASPOR TARAFTARLARI, ARAZ\u0130 SATI\u015eLARINDAK\u0130 USULS\u00dcZL\u00dcK \u0130DD\u0130ASIYLA 2 AY \u00d6NCE YAPILAN MAL\u0130 KONGREN\u0130N \u0130PTAL\u0130 \u0130\u00c7\u0130N SAVCILI\u011eA SU\u00c7 DUYURUSUNDA BULUNDU.<\/p>\n","protected":false},"author":1,"featured_media":164314,"comment_status":"closed","ping_status":"open","sticky":false,"template":"","format":"standard","meta":{"jetpack_post_was_ever_published":false,"_jetpack_newsletter_access":"","_jetpack_dont_email_post_to_subs":false,"_jetpack_newsletter_tier_id":0,"_jetpack_memberships_contains_paywalled_content":false,"_jetpack_memberships_contains_paid_content":false,"footnotes":"","jetpack_publicize_message":"","jetpack_publicize_feature_enabled":true,"jetpack_social_post_already_shared":true,"jetpack_social_options":{"image_generator_settings":{"template":"highway","default_image_id":0,"font":"","enabled":false},"version":2}},"categories":[657],"tags":[1073,2863,30857,99,39012,12792,15020],"class_list":["post-164313","post","type-post","status-publish","format-standard","has-post-thumbnail","hentry","category-spor","tag-ozel","tag-bursaspor","tag-iptalini","tag-istiyor","tag-kongrenin","tag-mali","tag-taraftarlari"],"jetpack_publicize_connections":[],"jetpack_featured_media_url":"https:\/\/i0.wp.com\/www.tvturk.com\/wp-content\/uploads\/2019\/05\/ozel-bursaspor-taraftarlari-mali-kongrenin-iptalini-istiyor_c33c726.jpg?fit=1000%2C750","jetpack_sharing_enabled":true,"jetpack_shortlink":"https:\/\/wp.me\/paKIfm-GKd","_links":{"self":[{"href":"http:\/\/www.tvturk.com\/index.php\/wp-json\/wp\/v2\/posts\/164313","targetHints":{"allow":["GET"]}}],"collection":[{"href":"http:\/\/www.tvturk.com\/index.php\/wp-json\/wp\/v2\/posts"}],"about":[{"href":"http:\/\/www.tvturk.com\/index.php\/wp-json\/wp\/v2\/types\/post"}],"author":[{"embeddable":true,"href":"http:\/\/www.tvturk.com\/index.php\/wp-json\/wp\/v2\/users\/1"}],"replies":[{"embeddable":true,"href":"http:\/\/www.tvturk.com\/index.php\/wp-json\/wp\/v2\/comments?post=164313"}],"version-history":[{"count":0,"href":"http:\/\/www.tvturk.com\/index.php\/wp-json\/wp\/v2\/posts\/164313\/revisions"}],"wp:featuredmedia":[{"embeddable":true,"href":"http:\/\/www.tvturk.com\/index.php\/wp-json\/wp\/v2\/media\/164314"}],"wp:attachment":[{"href":"http:\/\/www.tvturk.com\/index.php\/wp-json\/wp\/v2\/media?parent=164313"}],"wp:term":[{"taxonomy":"category","embeddable":true,"href":"http:\/\/www.tvturk.com\/index.php\/wp-json\/wp\/v2\/categories?post=164313"},{"taxonomy":"post_tag","embeddable":true,"href":"http:\/\/www.tvturk.com\/index.php\/wp-json\/wp\/v2\/tags?post=164313"}],"curies":[{"name":"wp","href":"https:\/\/api.w.org\/{rel}","templated":true}]}}