{"id":164319,"date":"2019-05-31T10:41:43","date_gmt":"2019-05-31T07:41:43","guid":{"rendered":"http:\/\/www.tvturk.com\/index.php\/dunyanin-ilk-wellness-kampusu-italyada-acildi\/"},"modified":"2019-05-31T10:41:43","modified_gmt":"2019-05-31T07:41:43","slug":"dunyanin-ilk-wellness-kampusu-italyada-acildi","status":"publish","type":"post","link":"http:\/\/www.tvturk.com\/index.php\/dunyanin-ilk-wellness-kampusu-italyada-acildi\/","title":{"rendered":"D\u00fcnyan\u0131n ilk wellness kamp\u00fcs\u00fc \u0130talya\u2019da a\u00e7\u0131ld\u0131"},"content":{"rendered":"<p>D\u00fcnyan\u0131n ilk wellness kamp\u00fcs\u00fc oldu\u011fu belirtilen Technogym Village, \u0130talya\u2019n\u0131n Cesena \u015fehrinde kuruldu.<\/p>\n<p>\u0130talya merkezli fitness ekipmanlar\u0131 \u00fcreticisi Technogym, \u0130talya\u2019n\u0131n Cesena \u015fehrinde 110 bin metrekare ye\u015fil alan i\u00e7inde kurulan d\u00fcnyan\u0131n ilk wellness kamp\u00fcs\u00fc oldu\u011fu belirtilen Technogym Village\u2019i duyurdu. D\u00fcnyaca \u00fcnl\u00fc mimar ve tasar\u0131mc\u0131 Antonio Citterio taraf\u0131ndan tasarlanan Technogym Village, s\u00fcrd\u00fcr\u00fclebilir mimarinin en iyi \u00f6rneklerinden oldu\u011fu belirtiliyor. Yap\u0131lan bilgilendirmede; sadece cam, metal ve ah\u015fap kullan\u0131larak in\u015faa edilen Technogym Village\u2019da markan\u0131n son teknoloji \u00fcr\u00fcnleri, geri d\u00f6n\u00fc\u015ft\u00fcr\u00fclebilir malzemeler kullan\u0131larak \u00fcretiliyor. Technogym Village full otomasyonlu \u00e7evreci bir yap\u0131 oldu\u011fu kaydedilirken, enerji tasarrufunu \u00f6n plana \u00e7\u0131kar\u0131yor.<\/p>\n<p>Markan\u0131n T\u00fcrkiye distribit\u00f6r\u00fc ve AVV Spor CEO\u2019su Vittorio Zagaia, Technogym Village\u2019\u0131n AR-GE, inovasyon merkezi ve \u00fcretim tesislerinin yan\u0131nda, fiziksel aktivite ve wellness e\u011fitimine y\u00f6nelik b\u00fcy\u00fck bir Wellness merkezini de bar\u0131nd\u0131rd\u0131\u011f\u0131n\u0131 s\u00f6yledi.<\/p>\n<p>Zagaia, T\u00fcrkiye\u2019de de ayn\u0131 hedefle \u00e7al\u0131\u015ft\u0131klar\u0131n\u0131, AVV Spor olarak sadece m\u00fc\u015fterilerinin de\u011fil \u00e7al\u0131\u015fanlar\u0131n\u0131n da hayat standard\u0131n\u0131 iyile\u015ftirmek \u00fczere ad\u0131mlar att\u0131klar\u0131n\u0131 belirterek, &#8220;\u015eirket olarak 2018 y\u0131l\u0131nda y\u00fcksek g\u00fcven k\u00fclt\u00fcr\u00fcne sahip ve g\u00fcven temelli m\u00fckemmel i\u015f yerini temsil eden great place to work (\u00e7al\u0131\u015fmak i\u00e7in harika bir yer) sertifikas\u0131n\u0131 almaya da hak kazand\u0131k&#8221; dedi.<\/p>\n","protected":false},"excerpt":{"rendered":"<p>D\u00dcNYANIN \u0130LK WELLNESS KAMP\u00dcS\u00dc OLDU\u011eU BEL\u0130RT\u0130LEN TECHNOGYM V\u0130LLAGE, \u0130TALYA&#8217;NIN CESENA \u015eEHR\u0130NDE KURULDU.<\/p>\n","protected":false},"author":1,"featured_media":164320,"comment_status":"closed","ping_status":"open","sticky":false,"template":"","format":"standard","meta":{"jetpack_post_was_ever_published":false,"_jetpack_newsletter_access":"","_jetpack_dont_email_post_to_subs":false,"_jetpack_newsletter_tier_id":0,"_jetpack_memberships_contains_paywalled_content":false,"_jetpack_memberships_contains_paid_content":false,"footnotes":"","jetpack_publicize_message":"","jetpack_publicize_feature_enabled":true,"jetpack_social_post_already_shared":true,"jetpack_social_options":{"image_generator_settings":{"template":"highway","default_image_id":0,"font":"","enabled":false},"version":2}},"categories":[1],"tags":[16291,288,1197,37,9446,39014],"class_list":["post-164319","post","type-post","status-publish","format-standard","has-post-thumbnail","hentry","category-genel","tag-italyada","tag-acildi","tag-dunyanin","tag-ilk","tag-kampusu","tag-wellness"],"jetpack_publicize_connections":[],"jetpack_featured_media_url":"https:\/\/i0.wp.com\/www.tvturk.com\/wp-content\/uploads\/2019\/05\/dunyanin-ilk-wellness-kampusu-italyada-acildi_1bce93e.jpg?fit=1000%2C390","jetpack_sharing_enabled":true,"jetpack_shortlink":"https:\/\/wp.me\/paKIfm-GKj","_links":{"self":[{"href":"http:\/\/www.tvturk.com\/index.php\/wp-json\/wp\/v2\/posts\/164319","targetHints":{"allow":["GET"]}}],"collection":[{"href":"http:\/\/www.tvturk.com\/index.php\/wp-json\/wp\/v2\/posts"}],"about":[{"href":"http:\/\/www.tvturk.com\/index.php\/wp-json\/wp\/v2\/types\/post"}],"author":[{"embeddable":true,"href":"http:\/\/www.tvturk.com\/index.php\/wp-json\/wp\/v2\/users\/1"}],"replies":[{"embeddable":true,"href":"http:\/\/www.tvturk.com\/index.php\/wp-json\/wp\/v2\/comments?post=164319"}],"version-history":[{"count":0,"href":"http:\/\/www.tvturk.com\/index.php\/wp-json\/wp\/v2\/posts\/164319\/revisions"}],"wp:featuredmedia":[{"embeddable":true,"href":"http:\/\/www.tvturk.com\/index.php\/wp-json\/wp\/v2\/media\/164320"}],"wp:attachment":[{"href":"http:\/\/www.tvturk.com\/index.php\/wp-json\/wp\/v2\/media?parent=164319"}],"wp:term":[{"taxonomy":"category","embeddable":true,"href":"http:\/\/www.tvturk.com\/index.php\/wp-json\/wp\/v2\/categories?post=164319"},{"taxonomy":"post_tag","embeddable":true,"href":"http:\/\/www.tvturk.com\/index.php\/wp-json\/wp\/v2\/tags?post=164319"}],"curies":[{"name":"wp","href":"https:\/\/api.w.org\/{rel}","templated":true}]}}