{"id":164335,"date":"2019-05-31T10:56:01","date_gmt":"2019-05-31T07:56:01","guid":{"rendered":"http:\/\/www.tvturk.com\/index.php\/trump-meksikaya-agir-fatura-cikartti\/"},"modified":"2019-05-31T10:56:01","modified_gmt":"2019-05-31T07:56:01","slug":"trump-meksikaya-agir-fatura-cikartti","status":"publish","type":"post","link":"http:\/\/www.tvturk.com\/index.php\/trump-meksikaya-agir-fatura-cikartti\/","title":{"rendered":"Trump, Meksika\u2019ya a\u011f\u0131r fatura \u00e7\u0131kartt\u0131"},"content":{"rendered":"<p>ABD Ba\u015fkan\u0131 Donald Trump, yasa d\u0131\u015f\u0131 g\u00f6\u00e7menlik sorunu giderilinceye kadar Meksika\u2019ya kademeli olarak ek tarifelerin uygulanaca\u011f\u0131n\u0131 a\u00e7\u0131klad\u0131.<\/p>\n<p>ABD Ba\u015fkan\u0131 Donald Trump, yasa d\u0131\u015f\u0131 g\u00f6\u00e7le ilgili yeterli deste\u011fi vermeyen Meksika\u2019ya ABD\u2019nin 10 Haziran\u2019dan itibaren ek tarifeler uygulayaca\u011f\u0131n\u0131 duyurdu. Beyaz Saray taraf\u0131ndan yay\u0131nlanan bildiride, Trump\u2019\u0131n Meksika h\u00fck\u00fcmetinin uygulamalar\u0131ndan memnun olmazsa Meksika\u2019ya uygulanacak yeni tarifelerin 1 Temmuz\u2019da y\u00fczde 10\u2019a, 1 A\u011fustos\u2019ta y\u00fczde 15\u2019e, 1 Eyl\u00fcl\u2019de y\u00fczde 20\u2019ye, 1 Ekim\u2019de ise y\u00fczde 25\u2019e \u00e7\u0131kar\u0131laca\u011f\u0131 belirtildi.<\/p>\n<p>Trump, \u201cMeksika h\u00fck\u00fcmeti toplu olarak ABD\u2019ye gelen g\u00f6\u00e7menlere ile ilgili yeterli m\u00fccadele ve i\u015fbirli\u011fi yapm\u0131yor. ABD\u2019nin ulusal g\u00fcvenli\u011fi ve ekonomisi i\u00e7in acil ola\u011fan\u00fcst\u00fc bir tehdit olu\u015fturuyor. Demokratlar bize destek vermiyor. S\u0131n\u0131rda \u00e7ok \u00e7arp\u0131c\u0131 bir \u015fey yapaca\u011f\u0131z \u00e7\u00fcnk\u00fc insanlar \u00fclkemize geliyor\u201d diyerek s\u0131n\u0131rda \u00f6nemli bir a\u00e7\u0131klama yapmay\u0131 planlad\u0131\u011f\u0131n\u0131 s\u00f6yledi.<\/p>\n<p>Meksika\u2019ya uygulanacak yeni tarifelerin, yasa d\u0131\u015f\u0131 g\u00f6\u00e7menlik sorunu giderilinceye kadar kademeli olarak artaca\u011f\u0131n\u0131 belirten Ba\u015fkan Trump, Meksika h\u00fck\u00fcmetini, El Salvador, Honduras ve Guatemala gibi \u00fclkelerden s\u0131\u011f\u0131nma talebinde bulunmak \u00fczere ak\u0131n ak\u0131n ABD\u2019ye gelenleri engellemek i\u00e7in yeterli \u00e7abay\u0131 g\u00f6stermemekle su\u00e7lad\u0131.<\/p>\n<p>Beyaz Saray, Trump\u2019\u0131n Meksika\u2019ya y\u00f6nelik ek tarifeleri uygulamak i\u00e7in Uluslararas\u0131 Acil Ekonomik G\u00fc\u00e7ler Yasas\u0131n\u0131 kullanaca\u011f\u0131n\u0131 duyurdu.<\/p>\n","protected":false},"excerpt":{"rendered":"<p>ABD BA\u015eKANI DONALD TRUMP, YASA DI\u015eI G\u00d6\u00c7MENL\u0130K SORUNU G\u0130DER\u0130L\u0130NCEYE KADAR MEKS\u0130KA\u2019YA KADEMEL\u0130 OLARAK EK TAR\u0130FELER\u0130N UYGULANACA\u011eINI A\u00c7IKLADI.<\/p>\n","protected":false},"author":1,"featured_media":164336,"comment_status":"closed","ping_status":"open","sticky":false,"template":"","format":"standard","meta":{"jetpack_post_was_ever_published":false,"_jetpack_newsletter_access":"","_jetpack_dont_email_post_to_subs":false,"_jetpack_newsletter_tier_id":0,"_jetpack_memberships_contains_paywalled_content":false,"_jetpack_memberships_contains_paid_content":false,"footnotes":"","jetpack_publicize_message":"","jetpack_publicize_feature_enabled":true,"jetpack_social_post_already_shared":true,"jetpack_social_options":{"image_generator_settings":{"template":"highway","default_image_id":0,"font":"","enabled":false},"version":2}},"categories":[10],"tags":[1001,11448,8156,39025,12068],"class_list":["post-164335","post","type-post","status-publish","format-standard","has-post-thumbnail","hentry","category-dunya","tag-agir","tag-cikartti","tag-fatura","tag-meksikaya","tag-trump"],"jetpack_publicize_connections":[],"jetpack_featured_media_url":"https:\/\/i0.wp.com\/www.tvturk.com\/wp-content\/uploads\/2019\/05\/trump-meksikaya-agir-fatura-cikartti_60fb512.jpg?fit=1000%2C666","jetpack_sharing_enabled":true,"jetpack_shortlink":"https:\/\/wp.me\/paKIfm-GKz","_links":{"self":[{"href":"http:\/\/www.tvturk.com\/index.php\/wp-json\/wp\/v2\/posts\/164335","targetHints":{"allow":["GET"]}}],"collection":[{"href":"http:\/\/www.tvturk.com\/index.php\/wp-json\/wp\/v2\/posts"}],"about":[{"href":"http:\/\/www.tvturk.com\/index.php\/wp-json\/wp\/v2\/types\/post"}],"author":[{"embeddable":true,"href":"http:\/\/www.tvturk.com\/index.php\/wp-json\/wp\/v2\/users\/1"}],"replies":[{"embeddable":true,"href":"http:\/\/www.tvturk.com\/index.php\/wp-json\/wp\/v2\/comments?post=164335"}],"version-history":[{"count":0,"href":"http:\/\/www.tvturk.com\/index.php\/wp-json\/wp\/v2\/posts\/164335\/revisions"}],"wp:featuredmedia":[{"embeddable":true,"href":"http:\/\/www.tvturk.com\/index.php\/wp-json\/wp\/v2\/media\/164336"}],"wp:attachment":[{"href":"http:\/\/www.tvturk.com\/index.php\/wp-json\/wp\/v2\/media?parent=164335"}],"wp:term":[{"taxonomy":"category","embeddable":true,"href":"http:\/\/www.tvturk.com\/index.php\/wp-json\/wp\/v2\/categories?post=164335"},{"taxonomy":"post_tag","embeddable":true,"href":"http:\/\/www.tvturk.com\/index.php\/wp-json\/wp\/v2\/tags?post=164335"}],"curies":[{"name":"wp","href":"https:\/\/api.w.org\/{rel}","templated":true}]}}