{"id":164411,"date":"2019-05-31T12:07:23","date_gmt":"2019-05-31T09:07:23","guid":{"rendered":"http:\/\/www.tvturk.com\/index.php\/terminalde-bayram-tatili-hareketliligi\/"},"modified":"2019-05-31T12:07:23","modified_gmt":"2019-05-31T09:07:23","slug":"terminalde-bayram-tatili-hareketliligi","status":"publish","type":"post","link":"http:\/\/www.tvturk.com\/index.php\/terminalde-bayram-tatili-hareketliligi\/","title":{"rendered":"Terminalde bayram tatili hareketlili\u011fi"},"content":{"rendered":"<p>Bursa terminalinde Ramazan Bayram\u0131 tatili dolay\u0131s\u0131yla hareketlilik ba\u015flad\u0131. 9 g\u00fcnl\u00fck tatili f\u0131rsat bilenler do\u011fdu\u011fu b\u00fcy\u00fcd\u00fc\u011f\u00fc memlekete de\u011fil, sahil memleketlerine do\u011fru yola \u00e7\u0131kt\u0131.<\/p>\n<p>Bayram\u0131 tatilini evde oturarak ge\u00e7irmek istemeyen ya\u015fl\u0131s\u0131ndan gencine herkes, otob\u00fcs terminallerine ak\u0131n etmeye ba\u015flad\u0131. Bursa \u015eehirleraras\u0131 Otob\u00fcs Terminali\u2019nde bayram \u00f6ncesi yo\u011funlu\u011fuyla dikkat \u00e7ekerken, firmalar ise ek seferlerle talepleri kar\u015f\u0131lamaya \u00e7al\u0131\u015f\u0131yor.<\/p>\n<p>Bayram tatilinin 9 g\u00fcn olmas\u0131 dolay\u0131s\u0131yla Bursal\u0131lar da en \u00e7ok Akdeniz ve Ege k\u0131y\u0131lar\u0131n\u0131 tercih ederken, terminalde bulunan yakla\u015f\u0131k 200\u2019e yak\u0131n firman\u0131n otob\u00fcsleri dolu olarak sefere \u00e7\u0131k\u0131yor.<\/p>\n<p>Pamukkale Turizm Bursa B\u00f6lge M\u00fcd\u00fcr Yard\u0131mc\u0131 Hamit Ocak, Bursa Terminali\u2019nin yo\u011fun d\u00f6nemlerinden birini daha ya\u015fad\u0131\u011f\u0131n\u0131 s\u00f6yledi. Tatilcilerin a\u011f\u0131rl\u0131kl\u0131 olarak g\u00fcney sahillerine ak\u0131n etti\u011fini belirten Ocak, \u201cYolcular\u0131n taleplerini kar\u015f\u0131lamaya \u00e7al\u0131\u015f\u0131yoruz. Bayram \u00f6ncesi yo\u011fun mesai harc\u0131yoruz. Bu yo\u011funluktan biz memnunuz. 9 g\u00fcnl\u00fck tatille beraber sekt\u00f6rde ciddi yo\u011funluk olu\u015ftu. Bekledi\u011fimiz yolcu say\u0131s\u0131na ula\u015ft\u0131k. \u015eu anda d\u00fczenledi\u011fimiz ek seferlere yolcular\u0131m\u0131za hizmet etmeye devam ediyoruz\u201d dedi.<\/p>\n","protected":false},"excerpt":{"rendered":"<p>TERM\u0130NALDE BAYRAM YO\u011eUNLU\u011eU BA\u015eLADI<\/p>\n","protected":false},"author":1,"featured_media":164412,"comment_status":"closed","ping_status":"open","sticky":false,"template":"","format":"standard","meta":{"jetpack_post_was_ever_published":false,"_jetpack_newsletter_access":"","_jetpack_dont_email_post_to_subs":false,"_jetpack_newsletter_tier_id":0,"_jetpack_memberships_contains_paywalled_content":false,"_jetpack_memberships_contains_paid_content":false,"footnotes":"","jetpack_publicize_message":"","jetpack_publicize_feature_enabled":true,"jetpack_social_post_already_shared":true,"jetpack_social_options":{"image_generator_settings":{"template":"highway","default_image_id":0,"font":"","enabled":false},"version":2}},"categories":[1],"tags":[23995,11563,2210,39068],"class_list":["post-164411","post","type-post","status-publish","format-standard","has-post-thumbnail","hentry","category-genel","tag-bayram","tag-hareketliligi","tag-tatili","tag-terminalde"],"jetpack_publicize_connections":[],"jetpack_featured_media_url":"https:\/\/i0.wp.com\/www.tvturk.com\/wp-content\/uploads\/2019\/05\/terminalde-bayram-tatili-hareketliligi_de74a8f.jpg?fit=1000%2C666","jetpack_sharing_enabled":true,"jetpack_shortlink":"https:\/\/wp.me\/paKIfm-GLN","_links":{"self":[{"href":"http:\/\/www.tvturk.com\/index.php\/wp-json\/wp\/v2\/posts\/164411","targetHints":{"allow":["GET"]}}],"collection":[{"href":"http:\/\/www.tvturk.com\/index.php\/wp-json\/wp\/v2\/posts"}],"about":[{"href":"http:\/\/www.tvturk.com\/index.php\/wp-json\/wp\/v2\/types\/post"}],"author":[{"embeddable":true,"href":"http:\/\/www.tvturk.com\/index.php\/wp-json\/wp\/v2\/users\/1"}],"replies":[{"embeddable":true,"href":"http:\/\/www.tvturk.com\/index.php\/wp-json\/wp\/v2\/comments?post=164411"}],"version-history":[{"count":0,"href":"http:\/\/www.tvturk.com\/index.php\/wp-json\/wp\/v2\/posts\/164411\/revisions"}],"wp:featuredmedia":[{"embeddable":true,"href":"http:\/\/www.tvturk.com\/index.php\/wp-json\/wp\/v2\/media\/164412"}],"wp:attachment":[{"href":"http:\/\/www.tvturk.com\/index.php\/wp-json\/wp\/v2\/media?parent=164411"}],"wp:term":[{"taxonomy":"category","embeddable":true,"href":"http:\/\/www.tvturk.com\/index.php\/wp-json\/wp\/v2\/categories?post=164411"},{"taxonomy":"post_tag","embeddable":true,"href":"http:\/\/www.tvturk.com\/index.php\/wp-json\/wp\/v2\/tags?post=164411"}],"curies":[{"name":"wp","href":"https:\/\/api.w.org\/{rel}","templated":true}]}}