{"id":164443,"date":"2019-05-31T12:31:39","date_gmt":"2019-05-31T09:31:39","guid":{"rendered":"http:\/\/www.tvturk.com\/index.php\/erzincanda-bayram-dolayisiyla-trenlerdeki-doluluk-orani-yuzde-yuze-ulasti\/"},"modified":"2019-05-31T12:31:39","modified_gmt":"2019-05-31T09:31:39","slug":"erzincanda-bayram-dolayisiyla-trenlerdeki-doluluk-orani-yuzde-yuze-ulasti","status":"publish","type":"post","link":"http:\/\/www.tvturk.com\/index.php\/erzincanda-bayram-dolayisiyla-trenlerdeki-doluluk-orani-yuzde-yuze-ulasti\/","title":{"rendered":"Erzincan\u2019da bayram dolay\u0131s\u0131yla trenlerdeki doluluk oran\u0131 y\u00fczde y\u00fcze ula\u015ft\u0131"},"content":{"rendered":"<p>Erzincan\u2019da Ramazan Bayram\u0131 \u00f6ncesinde trenlerdeki doluluk oran\u0131 y\u00fczde y\u00fcze ula\u015ft\u0131.<\/p>\n<p>TCDD Erzincan Gar\u0131 \u0130\u015fletme M\u00fcd\u00fcr\u00fc Kenan Ayd\u0131n, tren seferlerinde doluluk oran\u0131n\u0131n y\u00fczde y\u00fcze ula\u015ft\u0131\u011f\u0131n\u0131 belirterek, \u201c\u015eu anda bir\u00e7ok trenimiz y\u00fczde y\u00fcz dolu. Kars\u2019tan gelip Ankara\u2019ya hareket eden Do\u011fu Ekspresi Erzincan Gar\u0131\u2019na girmi\u015f durumda. G\u00f6r\u00fcyorsunuz perondaki yo\u011funlu\u011fu. Okullar\u0131n tatil olmas\u0131 ve Ramazan Bayram\u0131 dolay\u0131s\u0131yla \u015fu anda trenlerde doluluk oran\u0131 y\u00fczde y\u00fcz. Her ge\u00e7en g\u00fcn trenle seyahat eden yolcu say\u0131m\u0131z art\u0131yor. Bundan da hepimiz mutluluk ve sevin\u00e7 duyuyoruz\u201d dedi.<\/p>\n<p>\u201cDo\u011fu Ekspresi yaz aylar\u0131nda da Do\u011fu\u2019nun cazibesi oldu\u201d<\/p>\n<p>TCDD\u2019nin Ankara- Sivas- Erzincan- Erzurum- Kars aras\u0131 d\u00fczenledi\u011fi Do\u011fu Ekspresi tren seferleri k\u0131\u015f aylar\u0131nda oldu\u011fu gibi yaz aylar\u0131nda da b\u00fcy\u00fck ilgi g\u00f6r\u00fcyor. \u00d6zellikle 18-25 ya\u015f aras\u0131 gen\u00e7lerin g\u00fcn\u00fcbirlik veya 2 g\u00fcnl\u00fck hafta sonu tatili i\u00e7in gitti\u011fi Erzincan ve Kars, en \u00e7ok ziyaret edilen yerlerden biri haline geldi. Foto-tur d\u00fczenleyen \u00e7ok say\u0131da grup da, Do\u011fu Ekspresi ile Do\u011fu\u2019ya gelmeyi s\u00fcrd\u00fcr\u00fcyor.<\/p>\n","protected":false},"excerpt":{"rendered":"<p>ERZ\u0130NCAN\u2019DA RAMAZAN BAYRAMI \u00d6NCES\u0130NDE TRENLERDEK\u0130 DOLULUK ORANI Y\u00dcZDE Y\u00dcZE ULA\u015eTI<\/p>\n","protected":false},"author":1,"featured_media":164444,"comment_status":"closed","ping_status":"open","sticky":false,"template":"","format":"standard","meta":{"jetpack_post_was_ever_published":false,"_jetpack_newsletter_access":"","_jetpack_dont_email_post_to_subs":false,"_jetpack_newsletter_tier_id":0,"_jetpack_memberships_contains_paywalled_content":false,"_jetpack_memberships_contains_paid_content":false,"footnotes":"","jetpack_publicize_message":"","jetpack_publicize_feature_enabled":true,"jetpack_social_post_already_shared":true,"jetpack_social_options":{"image_generator_settings":{"template":"highway","default_image_id":0,"font":"","enabled":false},"version":2}},"categories":[1],"tags":[23995,5630,18982,3732,4233,39076,2574,3480,36737],"class_list":["post-164443","post","type-post","status-publish","format-standard","has-post-thumbnail","hentry","category-genel","tag-bayram","tag-dolayisiyla","tag-doluluk","tag-erzincanda","tag-orani","tag-trenlerdeki","tag-ulasti","tag-yuzde","tag-yuze"],"jetpack_publicize_connections":[],"jetpack_featured_media_url":"https:\/\/i0.wp.com\/www.tvturk.com\/wp-content\/uploads\/2019\/05\/erzincanda-bayram-dolayisiyla-trenlerdeki-doluluk-orani-yuzde-yuze-ulasti_babae15.jpg?fit=1000%2C666","jetpack_sharing_enabled":true,"jetpack_shortlink":"https:\/\/wp.me\/paKIfm-GMj","_links":{"self":[{"href":"http:\/\/www.tvturk.com\/index.php\/wp-json\/wp\/v2\/posts\/164443","targetHints":{"allow":["GET"]}}],"collection":[{"href":"http:\/\/www.tvturk.com\/index.php\/wp-json\/wp\/v2\/posts"}],"about":[{"href":"http:\/\/www.tvturk.com\/index.php\/wp-json\/wp\/v2\/types\/post"}],"author":[{"embeddable":true,"href":"http:\/\/www.tvturk.com\/index.php\/wp-json\/wp\/v2\/users\/1"}],"replies":[{"embeddable":true,"href":"http:\/\/www.tvturk.com\/index.php\/wp-json\/wp\/v2\/comments?post=164443"}],"version-history":[{"count":0,"href":"http:\/\/www.tvturk.com\/index.php\/wp-json\/wp\/v2\/posts\/164443\/revisions"}],"wp:featuredmedia":[{"embeddable":true,"href":"http:\/\/www.tvturk.com\/index.php\/wp-json\/wp\/v2\/media\/164444"}],"wp:attachment":[{"href":"http:\/\/www.tvturk.com\/index.php\/wp-json\/wp\/v2\/media?parent=164443"}],"wp:term":[{"taxonomy":"category","embeddable":true,"href":"http:\/\/www.tvturk.com\/index.php\/wp-json\/wp\/v2\/categories?post=164443"},{"taxonomy":"post_tag","embeddable":true,"href":"http:\/\/www.tvturk.com\/index.php\/wp-json\/wp\/v2\/tags?post=164443"}],"curies":[{"name":"wp","href":"https:\/\/api.w.org\/{rel}","templated":true}]}}