{"id":164449,"date":"2019-05-31T12:45:23","date_gmt":"2019-05-31T09:45:23","guid":{"rendered":"http:\/\/www.tvturk.com\/index.php\/kilavuz-kaptanlar-haftasi-tum-turkiyede-torenlerle-kutlandi\/"},"modified":"2019-05-31T12:45:23","modified_gmt":"2019-05-31T09:45:23","slug":"kilavuz-kaptanlar-haftasi-tum-turkiyede-torenlerle-kutlandi","status":"publish","type":"post","link":"http:\/\/www.tvturk.com\/index.php\/kilavuz-kaptanlar-haftasi-tum-turkiyede-torenlerle-kutlandi\/","title":{"rendered":"K\u0131lavuz Kaptanlar Haftas\u0131 t\u00fcm T\u00fcrkiye\u2019de t\u00f6renlerle kutland\u0131"},"content":{"rendered":"<p>K\u0131s\u0131tl\u0131 deniz alanlar\u0131nda ve limanlarda deniz emniyetinin temin edilmesinde en \u00f6nemli insan unsuru olan k\u0131lavuz kaptanlar, 27-31 May\u0131s aras\u0131nda K\u0131lavuz Kaptanlar Haftas\u0131\u2019nda ge\u00e7mi\u015fte g\u00f6revi ba\u015f\u0131nda hayat\u0131n\u0131 kaybeden meslek \u015fehidi k\u0131lavuz kaptanlar i\u00e7in de anma etkinliklerinde bulundu.<\/p>\n<p>K\u0131s\u0131tl\u0131 deniz alanlar\u0131nda ve limanlarda deniz emniyetinin temin edilmesinde en \u00f6nemli insan unsuru olan k\u0131lavuz kaptanlar, 27-31 May\u0131s aras\u0131nda K\u0131lavuz Kaptanlar Haftas\u0131 olarak adland\u0131r\u0131lan etkinlikle kamuoyunun dikkatini deniz emniyetine ve k\u0131lavuz kaptanlara \u00e7ektiler. Hafta kapsam\u0131nda ge\u00e7mi\u015fte g\u00f6revi ba\u015f\u0131nda hayat\u0131n\u0131 kaybeden meslek \u015fehidi k\u0131lavuz kaptanlar i\u00e7in de anma etkinliklerinde bulunuldu, denize \u00e7elenkler b\u0131rak\u0131ld\u0131.<\/p>\n<p>\u0130lk etkinlik k\u0131y\u0131 emniyetinde<\/p>\n<p>\u0130lk t\u00f6ren K\u0131y\u0131 Emniyeti Genel M\u00fcd\u00fcrl\u00fc\u011f\u00fc Beylerbeyi yerle\u015fkesinde yap\u0131ld\u0131 ve meslek \u015fehitlerini anma t\u00f6reninde sayg\u0131 duru\u015fu yap\u0131lmas\u0131n\u0131n ard\u0131ndan denize \u00e7elenk b\u0131rak\u0131ld\u0131. T\u00f6rene K\u0131y\u0131 Emniyeti Genel M\u00fcd\u00fcr\u00fc Durmu\u015f \u00dcn\u00fcvar ve IMEAK DTO Y\u00f6netim Kurulu Ba\u015fkan\u0131 Tamer K\u0131ran da kat\u0131ld\u0131.<\/p>\n<p>Tamer K\u0131ran: &#8220;K\u0131lavuz kaptanl\u0131k, uzman doktorluk gibi&#8221;<\/p>\n<p>T\u00f6rende konu\u015fan Tamer K\u0131ran, k\u0131lavuz kaptanl\u0131\u011f\u0131n, denizcilik sekt\u00f6r\u00fcnde de\u011ferini her zaman koruyan bir emniyet unsuru oldu\u011funu belirterek, &#8220;K\u0131lavuz kaptanl\u0131k deyince akl\u0131ma hep t\u0131pta uzmanl\u0131k gelir. 7 sene okursun, pratisyen hekim olursun. Sonra bir s\u0131nav ve uzmanl\u0131k al\u0131rs\u0131n. K\u0131lavuz kaptanl\u0131\u011f\u0131 buna benzetiyorum. \u00d6nce \u00fcniversite, sonra staj ve ard\u0131ndan belgesinin al\u0131nmas\u0131. Bu farkl\u0131 bir yeterlilik, ayr\u0131cal\u0131k. Hem bo\u011fazlar hem de limanlar i\u00e7in de\u011feriniz \u00e7ok fazla. B\u00f6ylesi zor bir g\u00f6revi yapan k\u0131lavuzlar kaptanlar\u0131n sorunlar\u0131nda DTO olarak yan\u0131nday\u0131z. Tarihte ilk defa bana vermi\u015f oldu\u011funuz fahri k\u0131lavuz kaptanl\u0131k berat\u0131 i\u00e7in de te\u015fekk\u00fcr ederim&#8221; dedi.<\/p>\n<p>Durmu\u015f \u00dcn\u00fcvar: &#8220;K\u0131lavuz kaptanl\u0131k her insan\u0131n yapabilece\u011fi bir meslek de\u011fil&#8221;<\/p>\n<p>D\u00fcnya ticaretinin y\u00fczde 80\u2019den fazlas\u0131n\u0131n denizlerle yap\u0131ld\u0131\u011f\u0131na i\u015faret eden \u00dcn\u00fcvar ise &#8220;Burada en \u00f6nemli \u015fey ise g\u00fcvenli seyahat ve idaredir. K\u0131lavuz kaptanl\u0131k, tarihi milattan \u00f6ncesine dayanan bir meslektir. Anl\u0131k tehlikeli durumlarda so\u011fukkanl\u0131 olarak en yararl\u0131 karar\u0131 verebilmek zorunlu oldu\u011fu i\u00e7in k\u0131lavuz kaptanl\u0131k, her insan\u0131n da yapabilece\u011fi meslek de\u011fildir. Otonom gemiler g\u00fcndeme gelmesine ra\u011fmen, tehlikeli sular oldu\u011fu zaman k\u0131lavuz kaptans\u0131z seyahat m\u00fcmk\u00fcn g\u00f6r\u00fcnmemektedir&#8221; diye konu\u015ftu.<\/p>\n<p>Noyan Altu\u011f  &#8220;K\u0131lavuz kaptan \u00fclkenin denizlerdeki temsilcisi&#8221;<\/p>\n<p>\u00d6te yandan \u00f6zel sekt\u00f6r\u00fcn k\u0131lavuzluk ve r\u00f6mork\u00f6rc\u00fcl\u00fck hizmetlerinde en ba\u015far\u0131l\u0131 kurulu\u015flar\u0131ndan UZMAR\u2019a ait Nemrut K\u0131lavuzluk \u0130stasyonunda g\u00f6rev yapan k\u0131lavuz kaptanlar ve k\u0131lavuzluk personeli, K\u0131lavuz Kaptanlar Haftas\u0131 etkinlikleri kapsam\u0131nda, g\u00f6rev ve t\u00fcm deniz \u015fehitleri i\u00e7in denize \u00e7elenk b\u0131rakt\u0131. UZMAR CEO\u2019su Noyan Altu\u011f, UZMAR Kurucusu K\u0131demli K\u0131lavuz Kaptan Altay Altu\u011f\u2019un, &#8220;K\u0131lavuz kaptan bir \u00fclkenin denizlerdeki ilk ve en \u00f6nemli temsilcisidir&#8221; s\u00f6z\u00fcn\u00fc hat\u0131rlatarak, &#8220;T\u00fcm k\u0131lavuz kaptanlar\u0131m\u0131za, bu kutsal g\u00f6revi en iyi \u015fekilde yerine getirdikleri i\u00e7in te\u015fekk\u00fcr ediyor, g\u00f6rev ba\u015f\u0131nda hayat\u0131n\u0131 kaybeden t\u00fcm deniz \u015fehitlerimizi rahmetle an\u0131yoruz&#8221; dedi.<\/p>\n<p>\u0130zmit K\u00f6rfezi, Gemlik, Mersin, Nemrut, Petkim ve Ak\u00e7ansa\u2019da anma t\u00f6renleri<\/p>\n<p>\u0130zmit ve \u0130skenderun limanlar\u0131nda k\u0131lavuzluk hizmeti veren Deniz K\u0131lavuzluk A\u015e.\u2019ne ba\u011fl\u0131 k\u0131lavuz kaptanlar ile Gemlik, Mersin, Nemrut, Petkim ve Ak\u00e7ansa limanlar\u0131nda g\u00f6revli k\u0131lavuz kaptanlar, 27-31 May\u0131s aras\u0131 yap\u0131lan k\u0131lavuzluk haftas\u0131 etkinlikleri nedeniyle kendi limanlar\u0131nda denize \u00e7elenk b\u0131rakarak denizcilik ve meslek \u015fehitlerini and\u0131lar.<\/p>\n<p>K\u0131lavuz Kaptanlar Haftas\u0131\u2019n\u0131n tarih\u00e7esi<\/p>\n<p>2006 y\u0131l\u0131nda meydana gelen \u00e7arm\u0131h kazas\u0131nda k\u0131lavuzluk camias\u0131nda \u00e7ok sevilen ve Baba L\u00fctf\u00fc olarak bilinen Kaptan L\u00fctf\u00fc Berk, \u0130stanbul Bo\u011faz\u0131\u2019n\u0131n kuzeyinde g\u00f6revinin tamamlam\u0131\u015f gemiden inmekte iken d\u00fc\u015ferek hayat\u0131n\u0131 kaybetti. Bu kazadan sonra o d\u00f6nem T\u00fcrk K\u0131lavuz Kaptanlar Derne\u011fi\u2019nin y\u00f6netimi, bu haftan\u0131n her y\u0131l K\u0131lavuz Kaptanlar Haftas\u0131 olarak an\u0131lmas\u0131n\u0131 kararla\u015ft\u0131rd\u0131. 13 y\u0131ld\u0131r k\u0131lavuz kaptanlar haftas\u0131nda deniz emniyeti, insan unsuru, k\u0131lavuz kaptan\u0131n rol\u00fc kamuoyunun g\u00fcndemine getirilerek fark\u0131ndal\u0131k olu\u015fturulmas\u0131 ama\u00e7lan\u0131yor. Ayr\u0131ca hafta kapsam\u0131nda mesle\u011fin icras\u0131 esnas\u0131nda hayat\u0131n\u0131 kaybeden k\u0131lavuz kaptanlar da an\u0131l\u0131yor.<\/p>\n","protected":false},"excerpt":{"rendered":"<p>KISITLI DEN\u0130Z ALANLARINDA VE L\u0130MANLARDA DEN\u0130Z EMN\u0130YET\u0130N\u0130N TEM\u0130N ED\u0130LMES\u0130NDE EN \u00d6NEML\u0130 \u0130NSAN UNSURU OLAN KILAVUZ KAPTANLAR, 27-31 MAYIS ARASINDA KILAVUZ KAPTANLAR HAFTASI&#8217;NDA GE\u00c7M\u0130\u015eTE G\u00d6REV\u0130 BA\u015eINDA HAYATINI KAYBEDEN MESLEK \u015eEH\u0130D\u0130 KILAVUZ KAPTANLAR \u0130\u00c7\u0130N DE ANMA ETK\u0130NL\u0130KLER\u0130NDE BULUNDU.<\/p>\n","protected":false},"author":1,"featured_media":164450,"comment_status":"closed","ping_status":"open","sticky":false,"template":"","format":"standard","meta":{"jetpack_post_was_ever_published":false,"_jetpack_newsletter_access":"","_jetpack_dont_email_post_to_subs":false,"_jetpack_newsletter_tier_id":0,"_jetpack_memberships_contains_paywalled_content":false,"_jetpack_memberships_contains_paid_content":false,"footnotes":"","jetpack_publicize_message":"","jetpack_publicize_feature_enabled":true,"jetpack_social_post_already_shared":true,"jetpack_social_options":{"image_generator_settings":{"template":"highway","default_image_id":0,"font":"","enabled":false},"version":2}},"categories":[1],"tags":[7490,38742,32130,2822,39079,1325,2383],"class_list":["post-164449","post","type-post","status-publish","format-standard","has-post-thumbnail","hentry","category-genel","tag-haftasi","tag-kaptanlar","tag-kilavuz","tag-kutlandi","tag-torenlerle","tag-tum","tag-turkiyede"],"jetpack_publicize_connections":[],"jetpack_featured_media_url":"https:\/\/i0.wp.com\/www.tvturk.com\/wp-content\/uploads\/2019\/05\/kilavuz-kaptanlar-haftasi-tum-turkiyede-torenlerle-kutlandi_2c21991.jpg?fit=960%2C539","jetpack_sharing_enabled":true,"jetpack_shortlink":"https:\/\/wp.me\/paKIfm-GMp","_links":{"self":[{"href":"http:\/\/www.tvturk.com\/index.php\/wp-json\/wp\/v2\/posts\/164449","targetHints":{"allow":["GET"]}}],"collection":[{"href":"http:\/\/www.tvturk.com\/index.php\/wp-json\/wp\/v2\/posts"}],"about":[{"href":"http:\/\/www.tvturk.com\/index.php\/wp-json\/wp\/v2\/types\/post"}],"author":[{"embeddable":true,"href":"http:\/\/www.tvturk.com\/index.php\/wp-json\/wp\/v2\/users\/1"}],"replies":[{"embeddable":true,"href":"http:\/\/www.tvturk.com\/index.php\/wp-json\/wp\/v2\/comments?post=164449"}],"version-history":[{"count":0,"href":"http:\/\/www.tvturk.com\/index.php\/wp-json\/wp\/v2\/posts\/164449\/revisions"}],"wp:featuredmedia":[{"embeddable":true,"href":"http:\/\/www.tvturk.com\/index.php\/wp-json\/wp\/v2\/media\/164450"}],"wp:attachment":[{"href":"http:\/\/www.tvturk.com\/index.php\/wp-json\/wp\/v2\/media?parent=164449"}],"wp:term":[{"taxonomy":"category","embeddable":true,"href":"http:\/\/www.tvturk.com\/index.php\/wp-json\/wp\/v2\/categories?post=164449"},{"taxonomy":"post_tag","embeddable":true,"href":"http:\/\/www.tvturk.com\/index.php\/wp-json\/wp\/v2\/tags?post=164449"}],"curies":[{"name":"wp","href":"https:\/\/api.w.org\/{rel}","templated":true}]}}