{"id":164455,"date":"2019-05-31T13:03:21","date_gmt":"2019-05-31T10:03:21","guid":{"rendered":"http:\/\/www.tvturk.com\/index.php\/baskan-bozkurttan-kadir-gecesi-mesaji\/"},"modified":"2019-05-31T13:03:21","modified_gmt":"2019-05-31T10:03:21","slug":"baskan-bozkurttan-kadir-gecesi-mesaji","status":"publish","type":"post","link":"http:\/\/www.tvturk.com\/index.php\/baskan-bozkurttan-kadir-gecesi-mesaji\/","title":{"rendered":"Ba\u015fkan Bozkurt\u2019tan Kadir Gecesi mesaj\u0131"},"content":{"rendered":"<p>Afyonkarahisar \u015euhut \u0130l\u00e7e Belediye Ba\u015fkan\u0131 Recep Bozkurt, Kadir Gecesi dolay\u0131s\u0131yla bir mesaj yay\u0131mlad\u0131.<\/p>\n<p>Ba\u015fkan Bozkurt, yay\u0131nlam\u0131\u015f oldu\u011fu mesaj\u0131nda, \u201d11 Ay\u0131n Sultan\u0131 M\u00fcbarek Ramazan ay\u0131n\u0131n en m\u00fcstesna gecelerinden Kadir Gecesine ula\u015fman\u0131n mutlulu\u011fu i\u00e7eresindeyiz. Bu m\u00fcstesna gecenin t\u00fcm \u0130slam \u00e2lemine sa\u011fl\u0131k, mutluluk ve huzur getirmesini Cenab-\u0131 Haktan niyaz eder, hay\u0131rlara vesile olmas\u0131n\u0131 temenni ederim. T\u00fcm k\u0131ymetli hem\u015fehrilerimin Kadir Gecesini en kalbi duygular\u0131mla kutlar sayg\u0131 ve sevgilerimi sunar\u0131m\u201d dedi.<\/p>\n","protected":false},"excerpt":{"rendered":"<p>AFYONKARAH\u0130SAR \u015eUHUT \u0130L\u00c7E BELED\u0130YE BA\u015eKANI RECEP BOZKURT, KAD\u0130R GECES\u0130 DOLAYISIYLA B\u0130R MESAJ YAYIMLADI<\/p>\n","protected":false},"author":1,"featured_media":164456,"comment_status":"closed","ping_status":"open","sticky":false,"template":"","format":"standard","meta":{"jetpack_post_was_ever_published":false,"_jetpack_newsletter_access":"","_jetpack_dont_email_post_to_subs":false,"_jetpack_newsletter_tier_id":0,"_jetpack_memberships_contains_paywalled_content":false,"_jetpack_memberships_contains_paid_content":false,"footnotes":"","jetpack_publicize_message":"","jetpack_publicize_feature_enabled":true,"jetpack_social_post_already_shared":true,"jetpack_social_options":{"image_generator_settings":{"template":"highway","default_image_id":0,"font":"","enabled":false},"version":2}},"categories":[1],"tags":[100,9786,3456,4383,3121],"class_list":["post-164455","post","type-post","status-publish","format-standard","has-post-thumbnail","hentry","category-genel","tag-baskan","tag-bozkurttan","tag-gecesi","tag-kadir","tag-mesaji"],"jetpack_publicize_connections":[],"jetpack_featured_media_url":"https:\/\/i0.wp.com\/www.tvturk.com\/wp-content\/uploads\/2019\/05\/baskan-bozkurttan-kadir-gecesi-mesaji_97a100a.jpg?fit=1000%2C555","jetpack_sharing_enabled":true,"jetpack_shortlink":"https:\/\/wp.me\/paKIfm-GMv","_links":{"self":[{"href":"http:\/\/www.tvturk.com\/index.php\/wp-json\/wp\/v2\/posts\/164455","targetHints":{"allow":["GET"]}}],"collection":[{"href":"http:\/\/www.tvturk.com\/index.php\/wp-json\/wp\/v2\/posts"}],"about":[{"href":"http:\/\/www.tvturk.com\/index.php\/wp-json\/wp\/v2\/types\/post"}],"author":[{"embeddable":true,"href":"http:\/\/www.tvturk.com\/index.php\/wp-json\/wp\/v2\/users\/1"}],"replies":[{"embeddable":true,"href":"http:\/\/www.tvturk.com\/index.php\/wp-json\/wp\/v2\/comments?post=164455"}],"version-history":[{"count":0,"href":"http:\/\/www.tvturk.com\/index.php\/wp-json\/wp\/v2\/posts\/164455\/revisions"}],"wp:featuredmedia":[{"embeddable":true,"href":"http:\/\/www.tvturk.com\/index.php\/wp-json\/wp\/v2\/media\/164456"}],"wp:attachment":[{"href":"http:\/\/www.tvturk.com\/index.php\/wp-json\/wp\/v2\/media?parent=164455"}],"wp:term":[{"taxonomy":"category","embeddable":true,"href":"http:\/\/www.tvturk.com\/index.php\/wp-json\/wp\/v2\/categories?post=164455"},{"taxonomy":"post_tag","embeddable":true,"href":"http:\/\/www.tvturk.com\/index.php\/wp-json\/wp\/v2\/tags?post=164455"}],"curies":[{"name":"wp","href":"https:\/\/api.w.org\/{rel}","templated":true}]}}