{"id":164457,"date":"2019-05-31T13:03:52","date_gmt":"2019-05-31T10:03:52","guid":{"rendered":"http:\/\/www.tvturk.com\/index.php\/goztepe-defansi-saglama-alacak\/"},"modified":"2019-05-31T13:03:52","modified_gmt":"2019-05-31T10:03:52","slug":"goztepe-defansi-saglama-alacak","status":"publish","type":"post","link":"http:\/\/www.tvturk.com\/index.php\/goztepe-defansi-saglama-alacak\/","title":{"rendered":"G\u00f6ztepe defans\u0131 sa\u011flama alacak"},"content":{"rendered":"<p>Spor Toto S\u00fcper Lig\u2019de kalmay\u0131 ba\u015faran G\u00f6ztepe\u2019nin, geride b\u0131rakt\u0131\u011f\u0131m\u0131z sezonda savunma oyuncular\u0131n\u0131n sakatl\u0131klar\u0131ndan ba\u015f\u0131 bir hayli a\u011fr\u0131d\u0131.<\/p>\n<p>Ligin son haftas\u0131na kadar korkulu r\u00fcya g\u00f6ren ancak MKE Ankarag\u00fcc\u00fc\u2019n\u00fc devirerek ligde kalmay\u0131 ba\u015faran G\u00f6ztepe, \u00f6n\u00fcm\u00fczdeki sezon ayn\u0131 senaryoyu ya\u015famamak i\u00e7in kollar\u0131 s\u0131vad\u0131. Sar\u0131-k\u0131rm\u0131z\u0131l\u0131larda \u00f6nceli\u011fin savunma ve forvet hatt\u0131nda oldu\u011fu \u00f6\u011frenilirken, teknik heyet ge\u00e7en sezon savunmada ya\u015fanan s\u0131k\u0131nt\u0131lar\u0131 tekrar ya\u015famamak i\u00e7in ince eleyip s\u0131k dokuyor. \u0130zmir ekibi geride kalan sezonda savunma oyuncular\u0131n\u0131n ya\u015fad\u0131\u011f\u0131 sakatl\u0131klar sebebiyle olduk\u00e7a zorlanm\u0131\u015ft\u0131. Sar\u0131-k\u0131rm\u0131z\u0131l\u0131 tak\u0131m\u0131n savunma sorunu ligin hemen ba\u015f\u0131nda y\u00fcz\u00fcn\u00fc g\u00f6sterdi. 2017\/2018 sezonunda sakatlanan Kadu, ligin ilk 8 haftas\u0131nda hi\u00e7 s\u00fcre alamazken ilk kez 9. haftada oynanan Be\u015fikta\u015f kar\u015f\u0131la\u015fmas\u0131nda g\u00f6rev yapabildi.  Deneyimli oyuncu i\u00e7in ligin sonu da g\u00fczel bitmedi. 29. haftada oynanan BB.Erzurumspor ma\u00e7\u0131ndan \u00f6nce antrenmanda kafas\u0131na darbe alan Brezilyal\u0131 stoper sezonu erken kapatm\u0131\u015f oldu.<\/p>\n<p>\u0130ki oyuncunun b\u00fcy\u00fck \u015fanss\u0131zl\u0131\u011f\u0131<\/p>\n<p>Kadu\u2019nun sezonu ge\u00e7 a\u00e7t\u0131\u011f\u0131 G\u00f6ztepe\u2019de hi\u00e7 beklenmedik anda ya\u015fanan iki sakatl\u0131k moralleri alt\u00fcst etti. Ligin 8. haftas\u0131nda oynanan Kas\u0131mpa\u015fa ma\u00e7\u0131nda sakatlanan Traore \u00f6n \u00e7apraz ba\u011f y\u0131rt\u0131\u011f\u0131 sebebiyle sezonu noktalad\u0131. Ziraat T\u00fcrkiye Kupas\u0131\u2019nda Nazilli Belediyespor ile kar\u015f\u0131la\u015fan G\u00f6ztepe\u2019de bir pozisyonun ard\u0131ndan sakatlanan Hakan \u00c7inemre oyundan al\u0131n\u0131rken, yap\u0131lan tetkiklerin ard\u0131ndan Hakan\u2019\u0131n sezonu kapatt\u0131\u011f\u0131 a\u00e7\u0131kland\u0131. Savunman\u0131n bir di\u011fer alternatifi olan Grillo ligde 1 dakika bile s\u00fcre alamazken, Gassama da ligin son haftalar\u0131na do\u011fru sakatlanarak 4 ma\u00e7ta formas\u0131ndan uzak kald\u0131. Ya\u015fanan sakatl\u0131klar ve Reis\u2019in kart cezas\u0131 sebebiyle Teknik Direkt\u00f6r Tamer Tuna, 33. haftada oynanan kar\u015f\u0131la\u015fmada savunman\u0131n ortas\u0131nda Titi\u2019nin yan\u0131nda Alpaslan\u2019a forma vermi\u015fti. Hocas\u0131n\u0131n g\u00fcvenini bo\u015fa \u00e7\u0131karmayan Alpaslan, MKE Ankarag\u00fcc\u00fc ma\u00e7\u0131nda da savunma ortas\u0131nda g\u00f6rev yapt\u0131.<\/p>\n<p>G\u00fcndemde At\u0131n\u00e7 var<\/p>\n<p>Savunmada ya\u015fanan sakatl\u0131klardan \u00e7ok \u00e7eken sar\u0131-k\u0131rm\u0131z\u0131l\u0131 tak\u0131mda At\u0131n\u00e7 Nukan isminin \u00f6ne \u00e7\u0131kt\u0131\u011f\u0131 iddia edildi. RB Leipzig ile olan s\u00f6zle\u015fmesi sona eren At\u0131n\u00e7, ge\u00e7ti\u011fimiz g\u00fcnlerde tak\u0131mdan ayr\u0131ld\u0131\u011f\u0131n\u0131 a\u00e7\u0131klam\u0131\u015ft\u0131. Ba\u015far\u0131l\u0131 savunmac\u0131n\u0131n hem bonservis bedeli olmamas\u0131 hem de Tamer Tuna\u2019n\u0131n oyuncuyu yak\u0131ndan tan\u0131mas\u0131 sebebiyle transfer g\u00f6r\u00fc\u015fmelerinin ilerleyen g\u00fcnlerde ba\u015flamas\u0131na kesin g\u00f6z\u00fcyle bak\u0131l\u0131yor.<\/p>\n<p>Hentbol k\u00fc\u00e7\u00fclecek<\/p>\n<p>G\u00f6ztepe Hentbol \u015eube Ba\u015fkan\u0131 Deniz Durmaz, hentbolda \u00f6n\u00fcm\u00fczdeki sezon ya bir alt ligde oynayacaklar\u0131n\u0131 ya da gen\u00e7 tak\u0131mla S\u00fcper Lig\u2019de m\u00fccadele edeceklerini a\u00e7\u0131klad\u0131. Tak\u0131m\u0131n b\u00fct\u00e7esinin d\u00fc\u015fece\u011fini a\u00e7\u0131klayan Durmaz, \u201cBu sezon tak\u0131m\u0131n b\u00fct\u00e7esi hi\u00e7 olmad\u0131\u011f\u0131 kadar d\u00fc\u015fecek. \u015eubenin kurucusu olarak bu duruma en \u00e7ok \u00fcz\u00fclen benim. Ancak bunun sebepleri var. Mehmet Sepil, bu tak\u0131m\u0131n hikayesi ve taraftarlar\u0131n \u015fubeye sahip \u00e7\u0131kmas\u0131ndan dolay\u0131 hentbola yat\u0131r\u0131m yapt\u0131. Son 4 S\u00fcper Lig\u2019de, 3 kez Avrupa kupalar\u0131nda m\u00fccadele eden tak\u0131m\u0131m\u0131za 3 milyon dolar harcama yapt\u0131k. Bu paray\u0131 Sepil tamamen cebinden finanse etti. M\u00fccadele etti\u011fimiz tak\u0131mlar\u0131n \u00e7o\u011fu belediye tak\u0131m\u0131. Herhangi bir destek olmad\u0131\u011f\u0131 i\u00e7in t\u00fcm y\u00fck ba\u015fkan\u0131n \u00fczerine kald\u0131. Ne kadar istemesem de b\u00fct\u00e7enin d\u00fc\u015fmesi do\u011fru karar\u201d dedi.<\/p>\n<p>Tak\u0131m\u0131n gelece\u011fi hakk\u0131nda da bilgi veren Durmaz, \u201cYa tak\u0131m\u0131 bir alt ligde oynataca\u011f\u0131z ya da ligde sadece gen\u00e7lerle oynay\u0131p k\u00fcme d\u00fc\u015fece\u011fiz. Hen\u00fcz karar vermedik ve resmi ba\u015fvurumuz kesinlikle yok. As\u0131l iste\u011fimiz ligde gen\u00e7lerle m\u00fccadele etmek. Ancak farkl\u0131 yenilgilerle dramatik \u015feyler olursa nas\u0131l oluru tart\u0131\u015faca\u011f\u0131z. Bu tak\u0131m k\u00fcme d\u00fc\u015fse de onlar\u0131n yan\u0131nday\u0131z derlerse bu opsiyonu de\u011ferlendirece\u011fiz. Bayramdan sonra karar\u0131 verece\u011fiz\u201d ifadelerini kulland\u0131.<\/p>\n","protected":false},"excerpt":{"rendered":"<p>SPOR TOTO S\u00dcPER L\u0130G\u2019DE KALMAYI BA\u015eARAN G\u00d6ZTEPE\u2019N\u0130N, GER\u0130DE BIRAKTI\u011eIMIZ SEZONDA SAVUNMA OYUNCULARININ SAKATLIKLARINDAN B\u0130R HAYL\u0130 BA\u015eI B\u0130R HAYL\u0130 A\u011eRIDI.<\/p>\n","protected":false},"author":1,"featured_media":164458,"comment_status":"closed","ping_status":"open","sticky":false,"template":"","format":"standard","meta":{"jetpack_post_was_ever_published":false,"_jetpack_newsletter_access":"","_jetpack_dont_email_post_to_subs":false,"_jetpack_newsletter_tier_id":0,"_jetpack_memberships_contains_paywalled_content":false,"_jetpack_memberships_contains_paid_content":false,"footnotes":"","jetpack_publicize_message":"","jetpack_publicize_feature_enabled":true,"jetpack_social_post_already_shared":true,"jetpack_social_options":{"image_generator_settings":{"template":"highway","default_image_id":0,"font":"","enabled":false},"version":2}},"categories":[657],"tags":[10559,39081,2633,39082],"class_list":["post-164457","post","type-post","status-publish","format-standard","has-post-thumbnail","hentry","category-spor","tag-alacak","tag-defansi","tag-goztepe","tag-saglama"],"jetpack_publicize_connections":[],"jetpack_featured_media_url":"https:\/\/i0.wp.com\/www.tvturk.com\/wp-content\/uploads\/2019\/05\/goztepe-defansi-saglama-alacak_a3b884f.jpg?fit=1000%2C666","jetpack_sharing_enabled":true,"jetpack_shortlink":"https:\/\/wp.me\/paKIfm-GMx","_links":{"self":[{"href":"http:\/\/www.tvturk.com\/index.php\/wp-json\/wp\/v2\/posts\/164457","targetHints":{"allow":["GET"]}}],"collection":[{"href":"http:\/\/www.tvturk.com\/index.php\/wp-json\/wp\/v2\/posts"}],"about":[{"href":"http:\/\/www.tvturk.com\/index.php\/wp-json\/wp\/v2\/types\/post"}],"author":[{"embeddable":true,"href":"http:\/\/www.tvturk.com\/index.php\/wp-json\/wp\/v2\/users\/1"}],"replies":[{"embeddable":true,"href":"http:\/\/www.tvturk.com\/index.php\/wp-json\/wp\/v2\/comments?post=164457"}],"version-history":[{"count":0,"href":"http:\/\/www.tvturk.com\/index.php\/wp-json\/wp\/v2\/posts\/164457\/revisions"}],"wp:featuredmedia":[{"embeddable":true,"href":"http:\/\/www.tvturk.com\/index.php\/wp-json\/wp\/v2\/media\/164458"}],"wp:attachment":[{"href":"http:\/\/www.tvturk.com\/index.php\/wp-json\/wp\/v2\/media?parent=164457"}],"wp:term":[{"taxonomy":"category","embeddable":true,"href":"http:\/\/www.tvturk.com\/index.php\/wp-json\/wp\/v2\/categories?post=164457"},{"taxonomy":"post_tag","embeddable":true,"href":"http:\/\/www.tvturk.com\/index.php\/wp-json\/wp\/v2\/tags?post=164457"}],"curies":[{"name":"wp","href":"https:\/\/api.w.org\/{rel}","templated":true}]}}